{"id":140515,"date":"2021-08-18T10:37:36","date_gmt":"2021-08-18T07:37:36","guid":{"rendered":"https:\/\/www.enerjigazetesi.ist\/?p=140515"},"modified":"2021-08-18T10:41:02","modified_gmt":"2021-08-18T07:41:02","slug":"seza-cimento-elektrik-ihtiyacinin-ilk-etapta-yuzde-30-unu-gunesten-karsilayacak","status":"publish","type":"post","link":"https:\/\/www.enerjigazetesi.ist\/en\/seza-cimento-elektrik-ihtiyacinin-ilk-etapta-yuzde-30-unu-gunesten-karsilayacak\/","title":{"rendered":"(Turkish) &#8217;Seza \u00c7imento&#8217; \u0130lk Etapta Elektrik \u0130htiyac\u0131n\u0131n %30\u2019unu G\u00fcne\u015ften Kar\u015f\u0131layacak"},"content":{"rendered":"<p class=\"qtranxs-available-languages-message qtranxs-available-languages-message-en\">Sorry, this entry is only available in <a href=\"https:\/\/www.enerjigazetesi.ist\/tr\/wp-json\/wp\/v2\/posts\/140515\" class=\"qtranxs-available-language-link qtranxs-available-language-link-tr\" title=\"Turkish\">Turkish<\/a>. For the sake of viewer convenience, the content is shown below in the alternative language. You may click the link to switch the active language.<\/p><p><\/p>\n<h2><strong>Cumhuriyet tarihinde Do\u011fu Anadolu B\u00f6lgesi\u2019ne yap\u0131lan en b\u00fcy\u00fck \u00f6zel sekt\u00f6r yat\u0131r\u0131m\u0131 olan Seza \u00c7imento, elektrik ihtiyac\u0131n\u0131 kar\u015f\u0131lamak \u00fczere g\u00fcne\u015f enerjisi santrali kuruyor. Seza \u00c7imento, Elaz\u0131\u011f\u2019da yer alan \u00e7evreci fabrikas\u0131n\u0131n elektrik ihtiyac\u0131n\u0131 g\u00fcne\u015f enerjisinden kar\u015f\u0131lamak \u00fczere Gumbel Group b\u00fcnyesinde faaliyet g\u00f6steren Heran Enerji ile s\u00f6zle\u015fme imzalad\u0131. 2021 y\u0131l\u0131 bitmeden i\u015fletmeye al\u0131nmas\u0131 planlanan 21MWp kapasiteli projeyle ilk etapta fabrikan\u0131n enerji t\u00fcketiminin %30\u2019unun kar\u015f\u0131lanmas\u0131 hedefleniyor.<\/strong><\/h2>\n<p>Seza \u00c7imento <strong>Elaz\u0131\u011f\u2019\u0131n<\/strong> en b\u00fcy\u00fck <strong>\u00f6zt\u00fcketim g\u00fcne\u015f enerji santrali<\/strong> i\u00e7in yat\u0131r\u0131ma ba\u015fl\u0131yor. Bu y\u0131l <img loading=\"lazy\" class=\"alignright wp-image-140517\" src=\"https:\/\/www.enerjigazetesi.ist\/wp-content\/uploads\/2021\/08\/seza-cimento-elektrik-ihtiyacinin-ilk-etapta-yuzde-30-unu-gunesten-karsilayacak-2.gif\" alt=\"\" width=\"320\" height=\"231\" \/>sonuna kadar tamamlanmas\u0131 planlanan <strong>21MWp<\/strong> kapasiteli g\u00fcne\u015f enerjisi santrali ile Seza \u00c7imento fabrikas\u0131n\u0131n enerji t\u00fcketiminin <strong>% 30<\/strong>\u2019unun kar\u015f\u0131lanmas\u0131 planlan\u0131yor. <strong>Seza \u00c7imento Y\u00f6netim Kurulu Ba\u015fkan\u0131 Prof. Dr. Yasemin A\u00e7\u0131k ile Gumbel Group Y\u00f6netim Kurulu Ba\u015fkan\u0131 Mustafa Herdem\u2019in<\/strong> kat\u0131l\u0131m\u0131yla <strong>Seza \u00c7imento fabrikas\u0131<\/strong>nda ger\u00e7ekle\u015ftirilen imza t\u00f6reniyle projenin start\u0131 verildi.<\/p>\n<h3><strong>Prof. Dr. Yasemin A\u00e7\u0131k: \u201cT\u00fcketimimizi temiz ve yenilenebilir enerji kaynaklar\u0131ndan kar\u015f\u0131lamay\u0131 hedefledik\u201d<\/strong><\/h3>\n<p>\u0130mza t\u00f6reninde konu\u015fan <strong>Seza \u00c7imento Y\u00f6netim Kurulu Ba\u015fkan\u0131 Prof. Dr. Yasemin A\u00e7\u0131k<\/strong>; \u201cSeza \u00c7imento\u2019yu kurarken \u00e7evreye duyarl\u0131 \u00fcretim ger\u00e7ekle\u015ftirmek, verimlili\u011fimizi art\u0131rmak ve sekt\u00f6rde var olan \u00e7evre bilincini daha da \u00fcst seviyelere \u00e7\u0131karmak ad\u0131na <strong>\u00f6nemli yat\u0131r\u0131mlar<\/strong> yapm\u0131\u015ft\u0131k. Bu kapsamda hedeflerimizden birini de t\u00fcketimimizi<strong> temiz<\/strong> ve <strong>yenilenebilir enerji kaynaklar\u0131ndan<\/strong> kar\u015f\u0131lamak olarak belirlemi\u015ftik. \u015eimdi bu hedefin ilk faz\u0131nda \u00f6zt\u00fcketimimiz i\u00e7in <strong>g\u00fcne\u015f enerjisi santralimizi<\/strong> kurmak \u00fczere s\u00f6zle\u015fmemizi Gumbel Group ile imzalad\u0131k. <strong>2021 y\u0131l\u0131 sonunda<\/strong> devreye girmesini planlad\u0131\u011f\u0131m\u0131z <strong>\u00f6zt\u00fcketim g\u00fcne\u015f enerji santrali<\/strong> projemiz, Elaz\u0131\u011f\u2019\u0131m\u0131z\u0131n en b\u00fcy\u00fck \u00f6zt\u00fcketim g\u00fcne\u015f enerjisi santrali olacak.<strong> Avrupa Ye\u015fil Mutabakat\u0131<\/strong> ve benzeri yapt\u0131r\u0131mlara gerek kalmaks\u0131z\u0131n do\u011fan\u0131n sesini duyuyor, elimizden gelenin en iyisini yapmaya \u00e7al\u0131\u015f\u0131yoruz\u201d dedi.<\/p>\n<p>Bu yat\u0131r\u0131m\u0131 ayn\u0131 zamanda bir sosyal sorumluluk projesi olarak g\u00f6rd\u00fcklerini ifade eden <strong>A\u00e7\u0131k<\/strong>, s\u00f6zlerini \u015f\u00f6yle s\u00fcrd\u00fcrd\u00fc;<em> \u201c\u00d6zt\u00fcketim modeli ile yap\u0131lan g\u00fcne\u015f enerji santralimiz bir ba\u015flang\u0131\u00e7, devam\u0131 gelecek. B\u00f6ylece \u00fclkemizin enerji ithalat\u0131 faturas\u0131n\u0131 azaltmaya da katk\u0131 sunmay\u0131 hedefliyoruz.\u201d<\/em><\/p>\n<h3><strong>Mustafa Herdem: \u201cYenilenebilir enerji yat\u0131r\u0131mlar\u0131 karbon ayak izimizi ortadan kald\u0131racak\u201d<\/strong><\/h3>\n<p>G<em>\u00fcne\u015f enerjisi santrallerinin yat\u0131r\u0131m, dan\u0131\u015fmanl\u0131k, bak\u0131m onar\u0131m, EPC, faaliyetlerini<\/em> ger\u00e7ekle\u015ftiren <strong>Gumbel Group Y\u00f6netim Kurulu Ba\u015fkan\u0131 Mustafa Herdem<\/strong>;<em> \u201cY\u00fcksek \u00f6\u011frenimimi tamamlad\u0131\u011f\u0131m bu topraklarda b\u00f6yle bir projeye dahil olman\u0131n gururunu ya\u015f\u0131yorum. Tesisler enerji ihtiyac\u0131n\u0131 <strong>g\u00fcne\u015ften kar\u015f\u0131lamaya<\/strong> devam ettik\u00e7e hem \u00fclke olarak <strong>d\u0131\u015f kaynaklara ba\u011f\u0131ml\u0131l\u0131\u011f\u0131m\u0131z azalacak<\/strong> hem de <strong>karbon ayak izini ortadan kald\u0131rma<\/strong> y\u00f6n\u00fcnde b\u00fcy\u00fck ad\u0131mlar ataca\u011f\u0131z. <strong>\u00c7imento fabrikalar\u0131<\/strong> y\u00fcksek enerji t\u00fcketen sanayi tesisleridir. Burada g\u00f6sterilen irade ile <strong>y\u00fcksek elektrik t\u00fcketiminin<\/strong> neredeyse <strong>\u00fc\u00e7te biri g\u00fcne\u015ften<\/strong> kar\u015f\u0131lanm\u0131\u015f olacak. Bir taraftan <strong>elektrik t\u00fcketim fiyat\u0131<\/strong> yap\u0131lan tesis oran\u0131nda <strong>sabitlenmi\u015f<\/strong> olurken di\u011fer taraftan <strong>hat kay\u0131plar\u0131 s\u0131f\u0131rlanm\u0131\u015f<\/strong> olacak. Yenilenebilir ve temiz enerji kaynaklar\u0131 ile \u00fcretilen <strong>her bir kWh enerji<\/strong> ile do\u011faya derin bir nefes ald\u0131rm\u0131\u015f olaca\u011f\u0131z. \u0130\u00e7inde bulundu\u011fumuz y\u00fczy\u0131l, do\u011fayla uyumlu ticaretin fark yarataca\u011f\u0131 bir y\u00fczy\u0131l olacak\u201d<\/em> diye konu\u015ftu.<\/p>","protected":false},"excerpt":{"rendered":"<p>Sorry, this entry is only available in Turkish. For the sake of viewer convenience, the content is shown below in the alternative language. You may click the link to switch the active language. Cumhuriyet tarihinde Do\u011fu Anadolu B\u00f6lgesi\u2019ne yap\u0131lan en b\u00fcy\u00fck \u00f6zel sekt\u00f6r yat\u0131r\u0131m\u0131 olan Seza \u00c7imento, elektrik ihtiyac\u0131n\u0131 kar\u015f\u0131lamak \u00fczere g\u00fcne\u015f enerjisi santrali kuruyor. [&hellip;]<\/p>\n","protected":false},"author":1,"featured_media":140518,"comment_status":"open","ping_status":"open","sticky":false,"template":"","format":"standard","meta":[],"categories":[51,53,49],"tags":[95293,5070,58075,82693,53157,91736,95292,83635],"views":147,"_links":{"self":[{"href":"https:\/\/www.enerjigazetesi.ist\/en\/wp-json\/wp\/v2\/posts\/140515"}],"collection":[{"href":"https:\/\/www.enerjigazetesi.ist\/en\/wp-json\/wp\/v2\/posts"}],"about":[{"href":"https:\/\/www.enerjigazetesi.ist\/en\/wp-json\/wp\/v2\/types\/post"}],"author":[{"embeddable":true,"href":"https:\/\/www.enerjigazetesi.ist\/en\/wp-json\/wp\/v2\/users\/1"}],"replies":[{"embeddable":true,"href":"https:\/\/www.enerjigazetesi.ist\/en\/wp-json\/wp\/v2\/comments?post=140515"}],"version-history":[{"count":0,"href":"https:\/\/www.enerjigazetesi.ist\/en\/wp-json\/wp\/v2\/posts\/140515\/revisions"}],"wp:featuredmedia":[{"embeddable":true,"href":"https:\/\/www.enerjigazetesi.ist\/en\/wp-json\/wp\/v2\/media\/140518"}],"wp:attachment":[{"href":"https:\/\/www.enerjigazetesi.ist\/en\/wp-json\/wp\/v2\/media?parent=140515"}],"wp:term":[{"taxonomy":"category","embeddable":true,"href":"https:\/\/www.enerjigazetesi.ist\/en\/wp-json\/wp\/v2\/categories?post=140515"},{"taxonomy":"post_tag","embeddable":true,"href":"https:\/\/www.enerjigazetesi.ist\/en\/wp-json\/wp\/v2\/tags?post=140515"}],"curies":[{"name":"wp","href":"https:\/\/api.w.org\/{rel}","templated":true}]}}