{"id":14044,"date":"2013-08-15T09:52:42","date_gmt":"2013-08-15T06:52:42","guid":{"rendered":"https:\/\/www.enerjigazetesi.ist\/?p=14044"},"modified":"2013-08-15T09:52:51","modified_gmt":"2013-08-15T06:52:51","slug":"res-raporu-birincilik-marmaraya-gececek","status":"publish","type":"post","link":"https:\/\/www.enerjigazetesi.ist\/en\/res-raporu-birincilik-marmaraya-gececek\/","title":{"rendered":"(Turkish) RES Raporu: Birincilik Marmara`ya Ge\u00e7ecek!"},"content":{"rendered":"<p class=\"qtranxs-available-languages-message qtranxs-available-languages-message-en\">Sorry, this entry is only available in <a href=\"https:\/\/www.enerjigazetesi.ist\/tr\/wp-json\/wp\/v2\/posts\/14044\" class=\"qtranxs-available-language-link qtranxs-available-language-link-tr\" title=\"Turkish\">Turkish<\/a>. For the sake of viewer convenience, the content is shown below in the alternative language. You may click the link to switch the active language.<\/p><p><strong>T\u00dcRK\u0130YE R\u00fczgar Enerjisi Birli\u011fi (T\u00dcREB), 2013 y\u0131l\u0131na ili\u015fkin istatistik raporunu kamuoyuna duyurdu. Rapora g\u00f6re; in\u015fa halindeki RES\u2019lerin i\u015fletmeye al\u0131nmas\u0131yla birlikte b\u00f6lgeler aras\u0131 birincilik Ege\u2019den Marmara\u2019ya ge\u00e7ecek.<\/strong><\/p>\n<p>T\u00fcrkiye R\u00fczgar Enerjisi Birli\u011fi (T\u00dcREB) 2013 y\u0131l\u0131 T\u00fcrkiye R\u00fczgar Enerjisi \u0130statistik Raporu`nu yay\u0131mlad\u0131. Haz\u0131rlanan rapora g\u00f6re; in\u015fa halindeki r\u00fczgar enerjisi santrallerinin i\u015fletmeye al\u0131nmas\u0131yla birlikte RES\u2019lerin adresi de\u011fi\u015fecek. Buna g\u00f6re; en \u00e7ok RES\u2019i i\u00e7inde bar\u0131nd\u0131ran Ege B\u00f6lgesi, birincili\u011fi Marmara B\u00f6lgesi\u2019ne kapt\u0131racak.<\/p>\n<p>2010 y\u0131l\u0131nda 1329 MW kurulu r\u00fczgar enerjisi kapasitesine sahip T\u00fcrkiye`de, 2011\u2019de 1805 MW, 2012`de 2312 MW kapasiteye ula\u015f\u0131ld\u0131\u011f\u0131 bilgisi payla\u015f\u0131l\u0131rken, bu y\u0131l Temmuz ay\u0131 itibariyle toplam kurulu g\u00fc\u00e7 2619MW`\u0131n \u00fczerine \u00e7\u0131kt\u0131.<\/p>\n<p>Ge\u00e7en y\u0131l in\u015faa halinde olan santraller Ege\u2019de y\u00fczde 44,04, Marmara\u2019da 42,22 iken, 2013 y\u0131l\u0131nda rakamlarda de\u011fi\u015fiklik s\u00f6z konusu. Ege\u2019de in\u015faa halinde olan santraller y\u00fczde 35,39 olarak ger\u00e7ekle\u015firken, Marmara\u2019da bu oran y\u00fczde 46,64. Marmara b\u00f6lgesindeki in\u015faa halindeki RES\u2019lerin i\u015fletmeye al\u0131nmas\u0131yla birlikte, b\u00f6lgeler aras\u0131 birincilik Ege\u2019den Marmara\u2019ya ge\u00e7ecek.<\/p>\n<p>\u0130\u015fletmedeki RES`lerin kurulu g\u00fc\u00e7 bak\u0131m\u0131ndan b\u00f6lgelere da\u011f\u0131l\u0131m\u0131nda y\u00fczde 40,68 Ege, y\u00fczde 37,19 Mar<a href=\"https:\/\/www.enerjigazetesi.ist\/wp-content\/uploads\/2013\/08\/tureb-res-raporu-birincilik-marmaraya-gececek.jpg\"><img loading=\"lazy\" class=\"alignright size-medium wp-image-14045\" title=\"tureb-res-raporu-birincilik-marmaraya-gececek\" src=\"https:\/\/www.enerjigazetesi.ist\/wp-content\/uploads\/2013\/08\/tureb-res-raporu-birincilik-marmaraya-gececek-300x198.jpg\" alt=\"\" width=\"300\" height=\"198\" srcset=\"https:\/\/www.enerjigazetesi.ist\/wp-content\/uploads\/2013\/08\/tureb-res-raporu-birincilik-marmaraya-gececek-300x198.jpg 300w, https:\/\/www.enerjigazetesi.ist\/wp-content\/uploads\/2013\/08\/tureb-res-raporu-birincilik-marmaraya-gececek-75x50.jpg 75w, https:\/\/www.enerjigazetesi.ist\/wp-content\/uploads\/2013\/08\/tureb-res-raporu-birincilik-marmaraya-gececek.jpg 424w\" sizes=\"(max-width: 300px) 100vw, 300px\" \/><\/a>mara, y\u00fczde 16,32 Akdeniz, y\u00fczde 3,05 Karadeniz ve y\u00fczde 2,75 ise \u0130\u00e7 Anadolu B\u00f6lgesi olarak bildirildi. Bal\u0131kesir, i\u015fletmedeki 666,5 MW kurulu g\u00fcc\u00fcyle iller aras\u0131nda ilk s\u0131rada yer al\u0131rken, 499,9 ile \u0130zmir ikinci, 346 MW`lik i\u015fletmedeki kurulu g\u00fcc\u00fcyle Manisa \u00fc\u00e7\u00fcnc\u00fc oldu. Bu y\u0131l i\u015fletmede olan RES\u2019lere dahil olan yeni iller ise; U\u015fak ve Afyon olarak belirtildi.<\/p>\n<p>Lisansl\u0131 RES`lerin toplam kurulu g\u00fcc\u00fc 6.313 MW. B\u00f6lgelere g\u00f6re da\u011f\u0131l\u0131m incelendi\u011finde ise 2428 MW ile Marmara ilk s\u0131rada, 1658 MW ile Ege ikinci s\u0131rada yer al\u0131rken, 1153 MW ile de \u0130\u00e7 Anadolu b\u00f6lgesi \u00fc\u00e7\u00fcnc\u00fc s\u0131rada yer ald\u0131. \u0130llere g\u00f6re da\u011f\u0131l\u0131m\u0131nda ise 714 MW ile \u0130zmir birinci gelirken, \u00c7anakkale 566 MW ile ikinci, \u0130stanbul 389 MW ile \u00fc\u00e7\u00fcnc\u00fc oldu.<\/p>\n<p>\u0130n\u015fas\u0131 devam eden 28 RES`in toplam kurulu g\u00fcc\u00fc 751 MW. RES alan\u0131nda ger\u00e7ekle\u015fen di\u011fer istatistik bilgilere g\u00f6re; bu y\u0131l ilk defa Osmaniye ve Yalova\u2019da RES yap\u0131m\u0131na ba\u015fland\u0131. Bu y\u0131l\u0131n ilk yar\u0131s\u0131nda lisansl\u0131dan i\u015fletmeye al\u0131nan 108 MW, in\u015fadan i\u015fletmeye ge\u00e7en 177,6 MW santral oldu.<\/p>\n<p>\u0130\u015fletmedeki r\u00fczgar enerjisi santrallerinin kurulu g\u00fc\u00e7 bak\u0131m\u0131ndan y\u00fczde 78`inin Ege ve Marmara b\u00f6lgelerinde bulundu\u011fu ifadelerinin yer ald\u0131\u011f\u0131 raporda; kurulu g\u00fc\u00e7 bak\u0131m\u0131ndan iller baz\u0131nda Bal\u0131kesir`in birinci oldu\u011fu, \u0130zmir\u2019in ise ikinci s\u0131rada yer ald\u0131\u011f\u0131 bilgisine yer verildi.<\/p>\n<p><strong>YATIRIMCILAR L\u0130STES\u0130&#8230;<\/strong><br \/>\n\u0130\u015fletmedeki santrallerin yat\u0131r\u0131mc\u0131lar baz\u0131nda incelendi\u011finde T\u00fcrkiye`nin ilk RES`ini kuran Demirer Enerji kurulu g\u00fc\u00e7 s\u0131ralamas\u0131nda ilk s\u0131rada yer ald\u0131. Listede ilk \u00fc\u00e7te bulunan isimlerin de\u011fi\u015fmedi\u011fi dikkat \u00e7ekerken, Demirer Enerji`yi s\u0131ras\u0131yla Bilgin Enerji ve Adnan Polat`\u0131n sahibi oldu\u011fu Polat Enerji izledi.<\/p>\n<p>\u0130\u015fletmedeki RES`lerin kurulu g\u00fc\u00e7 bak\u0131m\u0131ndan t\u00fcrbin markalar\u0131na g\u00f6re paylar\u0131n\u0131n incelendi\u011fi raporda; ge\u00e7en y\u0131la g\u00f6re biraz gerileyen Vestas y\u00fczde 25,32 ile birinci s\u0131rada, y\u00fczde 24,45 ile Enercon ikinci, y\u00fczde 23 ile Nordex \u00fc\u00e7\u00fcnc\u00fc oldu. Nordex\u2019i izleyen isim ise y\u00fczde 17,22 ile GE oldu.<\/p>\n<p>Kaynak: <a href=\"http:\/\/enerjigunlugu.net\/res-raporu:-birincilik-marmaraya-gececek_4547.html\" target=\"_blank\">Enerji G\u00fcnl\u00fc\u011f\u00fc<\/a><\/p>","protected":false},"excerpt":{"rendered":"<p>Sorry, this entry is only available in Turkish. For the sake of viewer convenience, the content is shown below in the alternative language. You may click the link to switch the active language.T\u00dcRK\u0130YE R\u00fczgar Enerjisi Birli\u011fi (T\u00dcREB), 2013 y\u0131l\u0131na ili\u015fkin istatistik raporunu kamuoyuna duyurdu. Rapora g\u00f6re; in\u015fa halindeki RES\u2019lerin i\u015fletmeye al\u0131nmas\u0131yla birlikte b\u00f6lgeler aras\u0131 birincilik [&hellip;]<\/p>\n","protected":false},"author":1,"featured_media":14045,"comment_status":"open","ping_status":"open","sticky":false,"template":"","format":"standard","meta":[],"categories":[53,50],"tags":[63,67,1009,165,3956,1221,474,16,231,1682,3390,7623],"views":821,"_links":{"self":[{"href":"https:\/\/www.enerjigazetesi.ist\/en\/wp-json\/wp\/v2\/posts\/14044"}],"collection":[{"href":"https:\/\/www.enerjigazetesi.ist\/en\/wp-json\/wp\/v2\/posts"}],"about":[{"href":"https:\/\/www.enerjigazetesi.ist\/en\/wp-json\/wp\/v2\/types\/post"}],"author":[{"embeddable":true,"href":"https:\/\/www.enerjigazetesi.ist\/en\/wp-json\/wp\/v2\/users\/1"}],"replies":[{"embeddable":true,"href":"https:\/\/www.enerjigazetesi.ist\/en\/wp-json\/wp\/v2\/comments?post=14044"}],"version-history":[{"count":3,"href":"https:\/\/www.enerjigazetesi.ist\/en\/wp-json\/wp\/v2\/posts\/14044\/revisions"}],"predecessor-version":[{"id":14048,"href":"https:\/\/www.enerjigazetesi.ist\/en\/wp-json\/wp\/v2\/posts\/14044\/revisions\/14048"}],"wp:featuredmedia":[{"embeddable":true,"href":"https:\/\/www.enerjigazetesi.ist\/en\/wp-json\/wp\/v2\/media\/14045"}],"wp:attachment":[{"href":"https:\/\/www.enerjigazetesi.ist\/en\/wp-json\/wp\/v2\/media?parent=14044"}],"wp:term":[{"taxonomy":"category","embeddable":true,"href":"https:\/\/www.enerjigazetesi.ist\/en\/wp-json\/wp\/v2\/categories?post=14044"},{"taxonomy":"post_tag","embeddable":true,"href":"https:\/\/www.enerjigazetesi.ist\/en\/wp-json\/wp\/v2\/tags?post=14044"}],"curies":[{"name":"wp","href":"https:\/\/api.w.org\/{rel}","templated":true}]}}