{"id":1404,"date":"2012-08-13T09:33:14","date_gmt":"2012-08-13T06:33:14","guid":{"rendered":"https:\/\/www.enerjigazetesi.ist\/?p=1404"},"modified":"2012-08-13T09:34:05","modified_gmt":"2012-08-13T06:34:05","slug":"otoda-cam-filmi-yasagi-kalkiyor","status":"publish","type":"post","link":"https:\/\/www.enerjigazetesi.ist\/en\/otoda-cam-filmi-yasagi-kalkiyor\/","title":{"rendered":"(Turkish) Otoda Cam Filmi Yasa\u011f\u0131 Kalk\u0131yor"},"content":{"rendered":"<p class=\"qtranxs-available-languages-message qtranxs-available-languages-message-en\">Sorry, this entry is only available in <a href=\"https:\/\/www.enerjigazetesi.ist\/tr\/wp-json\/wp\/v2\/posts\/1404\" class=\"qtranxs-available-language-link qtranxs-available-language-link-tr\" title=\"Turkish\">Turkish<\/a>. For the sake of viewer convenience, the content is shown below in the alternative language. You may click the link to switch the active language.<\/p><p><strong>Bilim, Sanayi ve Teknoloji Bakanl\u0131\u011f\u0131, b\u00fcy\u00fck talep olmas\u0131na ra\u011fmen, yasak oldu\u011fu i\u00e7in ara\u00e7lar\u0131na cam filmi uygulatamayan s\u00fcr\u00fcc\u00fcleri sevindirecek bir \u00e7al\u0131\u015fma ba\u015flatt\u0131.<\/strong><\/p>\n<div>\n<p><img loading=\"lazy\" class=\"alignleft size-medium wp-image-1405\" title=\"otoda-cam-filmi-yasagi-kalkiyor-enerji-verimliligi-saglaniyor\" src=\"https:\/\/www.enerjigazetesi.ist\/wp-content\/uploads\/2012\/08\/otoda-cam-filmi-yasagi-kalkiyor-enerji-verimliligi-saglaniyor-300x183.jpg\" alt=\"\" width=\"300\" height=\"183\" srcset=\"https:\/\/www.enerjigazetesi.ist\/wp-content\/uploads\/2012\/08\/otoda-cam-filmi-yasagi-kalkiyor-enerji-verimliligi-saglaniyor-300x183.jpg 300w, https:\/\/www.enerjigazetesi.ist\/wp-content\/uploads\/2012\/08\/otoda-cam-filmi-yasagi-kalkiyor-enerji-verimliligi-saglaniyor-500x305.jpg 500w, https:\/\/www.enerjigazetesi.ist\/wp-content\/uploads\/2012\/08\/otoda-cam-filmi-yasagi-kalkiyor-enerji-verimliligi-saglaniyor-80x48.jpg 80w, https:\/\/www.enerjigazetesi.ist\/wp-content\/uploads\/2012\/08\/otoda-cam-filmi-yasagi-kalkiyor-enerji-verimliligi-saglaniyor.jpg 540w\" sizes=\"(max-width: 300px) 100vw, 300px\" \/>\u0130lgili kurumlar\u0131n bir araya gelerek yapacaklar\u0131 \u00e7al\u0131\u015fma sonucunda, ara\u00e7lar\u0131n arka camlar\u0131 ile arka yan camlar\u0131na cam filmi takt\u0131rmak serbest olacak.<\/p>\n<p>AA muhabirinin, Bilim, Sanayi ve Teknoloji Bakanl\u0131\u011f\u0131 yetkililerinden edindi\u011fi bilgiye g\u00f6re, bakanl\u0131k, ara\u00e7 s\u00fcr\u00fcc\u00fclerinin b\u00fcy\u00fck b\u00f6l\u00fcm\u00fcn\u00fcn istemesine ra\u011fmen, g\u00fcvenlik amac\u0131yla yasak oldu\u011fu i\u00e7in kullanamad\u0131\u011f\u0131 cam filmleri konusunda \u00e7al\u0131\u015fma ba\u015flatt\u0131.<\/p>\n<p>\u00c7al\u0131\u015fmalar sonucu konu, Motorlu Ara\u00e7lar Teknik Komitesi (MARTEK) g\u00fcndemine ta\u015f\u0131narak de\u011ferlendirildi.<\/p>\n<p>Daha sonra Bilim, Sanayi ve Teknoloji Bakanl\u0131\u011f\u0131 ve ilgili kurumlar\u0131n (Ula\u015ft\u0131rma, Denizcilik ve Haberle\u015fme Bakanl\u0131\u011f\u0131, Emniyet Genel M\u00fcd\u00fcrl\u00fc\u011f\u00fc ve T\u00fcrk Standardlar\u0131 Enstit\u00fcs\u00fc) kat\u0131l\u0131m sa\u011flad\u0131\u011f\u0131, otomotiv sanayi sekt\u00f6r\u00fcn\u00fc temsilen ise Otomotiv Sanayi Derne\u011fi&#8217;nin yaz\u0131l\u0131 g\u00f6r\u00fc\u015f beyan etti\u011fi toplant\u0131lar ger\u00e7ekle\u015ftirildi.<\/p>\n<p>Toplant\u0131lar sonucunda, konuyla ilgili olarak ivedi \u015fekilde d\u00fczenleyici mevzuat olu\u015fturulmas\u0131 ve \u015fu an uygulanan yasaklay\u0131c\u0131 mevzuat\u0131n da cam filmlerinin ge\u00e7irgenlik oranlar\u0131n\u0131n yasal s\u0131n\u0131rlar\u0131 dikkate al\u0131narak, tekrar d\u00fczenlenmesine karar verildi. Bu ama\u00e7la \u00e7al\u0131\u015fmalara da h\u0131z verildi.<\/p>\n<p><strong>Firmalar\u0131 TSE yetkilendirecek<\/strong><\/p>\n<p>Mevzuat haz\u0131rlan\u0131p y\u00fcr\u00fcrl\u00fc\u011fe girdi\u011finde, ara\u00e7lar\u0131n arka camlar\u0131 ile arka yan camlar\u0131na cam filmi takt\u0131rmak serbest olacak. Konuya ili\u015fkin T\u00fcrk Standardlar\u0131 Enstit\u00fcs\u00fc (TSE) g\u00f6revlendirilecek ve TSE, cam filmi uygulamas\u0131 yapmak isteyen firmalar\u0131n yeterliliklerini de\u011ferlendirip, bu firmalar\u0131 yetkilendirecek.<\/p>\n<p>B\u00f6ylece ara\u00e7 s\u00fcr\u00fcc\u00fcleri trafik kontrol noktas\u0131na ya da muayene istasyonuna giderken, cam filmlerini s\u00f6kmek zorunda kalmayacak.<\/p>\n<p>Di\u011fer yandan bu uygulama ile ara\u00e7larda enerji verimlili\u011fi sa\u011flanmas\u0131n\u0131n yan\u0131 s\u0131ra \u00fclkenin cari a\u00e7\u0131\u011f\u0131na da pozitif katk\u0131 sa\u011flanacak.<\/p>\n<p><strong>\u0130\u00e7 piyasa canlanacak, yak\u0131t t\u00fcketimi d\u00fc\u015fecek<\/strong><\/p>\n<p>T\u00fcrkiye&#8217;de ger\u00e7ekle\u015ftirilen cam filmlerinin hemen hemen tamam\u0131 ithal ediliyor. Bu ithalat, direkt yurt d\u0131\u015f\u0131nda yerle\u015fik \u00fcretici firmadan al\u0131n\u0131p, \u00fcretici markas\u0131 ile piyasaya s\u00fcr\u00fclmesi ya da yurt d\u0131\u015f\u0131nda yerle\u015fik \u00fcreticilere imalat\u0131n\u0131 yapt\u0131r\u0131p, firman\u0131n kendi markas\u0131 ile piyasaya s\u00fcr\u00fclmesi \u015feklinde ger\u00e7ekle\u015fiyor.<\/p>\n<p>Cam filmi uygulamas\u0131 yasak oldu\u011fu i\u00e7in bu i\u015fi yapabilecek \u00fcreticiler de imalattan ka\u00e7\u0131n\u0131yor. Uygulaman\u0131n serbestle\u015fmesi halinde yerli \u00fcreticinin de \u00f6n\u00fc a\u00e7\u0131lm\u0131\u015f olacak.<\/p>\n<p>Bu arada, yetkililer, yap\u0131lan deneylerde cam filmi kullanan ara\u00e7larda klima kullan\u0131m\u0131n\u0131n y\u00fczde 37 oran\u0131nda azald\u0131\u011f\u0131, g\u00fcne\u015f \u0131s\u0131s\u0131n\u0131n ara\u00e7 i\u00e7ine giri\u015finin y\u00fczde 61, zararl\u0131 ultraviyole \u0131\u015f\u0131nlar\u0131n\u0131n da y\u00fczde 98 oran\u0131nda engellendi\u011fi, klima \u0131s\u0131 y\u00fck\u00fcn\u00fcn ise y\u00fczde 50 d\u00fc\u015f\u00fcr\u00fcld\u00fc\u011f\u00fcn\u00fcn g\u00f6r\u00fcld\u00fc\u011f\u00fcn\u00fc ifade ediyor.<\/p>\n<p>Bu sayede, ara\u00e7lardaki yak\u0131t t\u00fcketimi de d\u00fc\u015fm\u00fc\u015f oluyor b\u00f6ylelikle ara\u00e7larda \u00a0<a href=\"http:\/\/www.enve.com.tr\" target=\"_blank\">Enerji Verimlili\u011fi<\/a> sa\u011flanm\u0131\u015f olunuyor.<\/p>\n<p><strong>Mevcut Durum<\/strong><\/p>\n<p>\u015eu anki mevzuata g\u00f6re, cam filmi kullanan ara\u00e7lar, ara\u00e7 muayene istasyonlar\u0131nda &#8221;hafif kusur&#8221; kapsam\u0131nda de\u011ferlendiriliyor, herhangi bir trafik kontrol noktas\u0131ndan ge\u00e7meleri halinde ise para cezas\u0131ndan trafikten men cezas\u0131na varan ciddi yapt\u0131r\u0131mlar uygulan\u0131yor.<\/p>\n<p>Ara\u00e7larda g\u00fcne\u015f \u0131s\u0131s\u0131n\u0131n etkisiyle s\u0131cakl\u0131\u011f\u0131n y\u00fckselmesi sonucunda ya ara\u00e7 klimas\u0131n\u0131n \u00e7al\u0131\u015ft\u0131r\u0131lmas\u0131 ya da camlar\u0131n a\u00e7\u0131larak seyahat edilmesi durumlar\u0131 ortaya \u00e7\u0131k\u0131yor. Her iki durumda da yak\u0131t sarfiyat\u0131nda ciddi de\u011fi\u015fimler meydana geliyor. Bu durum milyonlarca arac\u0131n seyir halinde bulundu\u011fu \u00fclkenin cari a\u00e7\u0131\u011f\u0131 i\u00e7in \u00f6nem arz ediyor. Cam filmi uygulamalar\u0131n\u0131n, \u0131\u015f\u0131k ge\u00e7irgenli\u011fini d\u00fc\u015f\u00fcrmek i\u00e7in kullan\u0131lmas\u0131yla ara\u00e7 i\u00e7erisindeki \u0131s\u0131n\u0131n y\u00fckselmesinin \u00f6nlenmesi, bu sayede <strong><a href=\"http:\/\/www.enve.com.tr\" target=\"_blank\">enerji verimlili\u011fi<\/a><\/strong> konusunda da hassasiyetin en \u00fcst d\u00fczeyde hissedilmesi sa\u011flanm\u0131\u015f olacak.<\/p>\n<p>\u00d6te yandan, \u015fu anki durumda renkli cam kullanan ara\u00e7lara uygulanmayan yasa\u011f\u0131n, cam filmi kullanan ara\u00e7lara uygulanmas\u0131 da ayr\u0131 bir tart\u0131\u015fma konusu olu\u015fturuyor.<\/p>\n<p>Kaynak: <a href=\"http:\/\/www.stargazete.com\/ekonomi\/otoda-cam-filmi-yasagi-kalkiyor\/haber-662174\" target=\"_blank\">Star Gazetesi<\/a><\/p>\n<\/div>\n<p><\/p>","protected":false},"excerpt":{"rendered":"<p>Sorry, this entry is only available in Turkish. For the sake of viewer convenience, the content is shown below in the alternative language. You may click the link to switch the active language.Bilim, Sanayi ve Teknoloji Bakanl\u0131\u011f\u0131, b\u00fcy\u00fck talep olmas\u0131na ra\u011fmen, yasak oldu\u011fu i\u00e7in ara\u00e7lar\u0131na cam filmi uygulatamayan s\u00fcr\u00fcc\u00fcleri sevindirecek bir \u00e7al\u0131\u015fma ba\u015flatt\u0131. \u0130lgili kurumlar\u0131n [&hellip;]<\/p>\n","protected":false},"author":1,"featured_media":1405,"comment_status":"open","ping_status":"open","sticky":false,"template":"","format":"standard","meta":[],"categories":[53,52],"tags":[307,308,67,12,306,309],"views":686,"_links":{"self":[{"href":"https:\/\/www.enerjigazetesi.ist\/en\/wp-json\/wp\/v2\/posts\/1404"}],"collection":[{"href":"https:\/\/www.enerjigazetesi.ist\/en\/wp-json\/wp\/v2\/posts"}],"about":[{"href":"https:\/\/www.enerjigazetesi.ist\/en\/wp-json\/wp\/v2\/types\/post"}],"author":[{"embeddable":true,"href":"https:\/\/www.enerjigazetesi.ist\/en\/wp-json\/wp\/v2\/users\/1"}],"replies":[{"embeddable":true,"href":"https:\/\/www.enerjigazetesi.ist\/en\/wp-json\/wp\/v2\/comments?post=1404"}],"version-history":[{"count":2,"href":"https:\/\/www.enerjigazetesi.ist\/en\/wp-json\/wp\/v2\/posts\/1404\/revisions"}],"predecessor-version":[{"id":1407,"href":"https:\/\/www.enerjigazetesi.ist\/en\/wp-json\/wp\/v2\/posts\/1404\/revisions\/1407"}],"wp:featuredmedia":[{"embeddable":true,"href":"https:\/\/www.enerjigazetesi.ist\/en\/wp-json\/wp\/v2\/media\/1405"}],"wp:attachment":[{"href":"https:\/\/www.enerjigazetesi.ist\/en\/wp-json\/wp\/v2\/media?parent=1404"}],"wp:term":[{"taxonomy":"category","embeddable":true,"href":"https:\/\/www.enerjigazetesi.ist\/en\/wp-json\/wp\/v2\/categories?post=1404"},{"taxonomy":"post_tag","embeddable":true,"href":"https:\/\/www.enerjigazetesi.ist\/en\/wp-json\/wp\/v2\/tags?post=1404"}],"curies":[{"name":"wp","href":"https:\/\/api.w.org\/{rel}","templated":true}]}}