{"id":14037,"date":"2013-08-15T09:35:57","date_gmt":"2013-08-15T06:35:57","guid":{"rendered":"https:\/\/www.enerjigazetesi.ist\/?p=14037"},"modified":"2013-08-15T09:35:57","modified_gmt":"2013-08-15T06:35:57","slug":"yeni-nukleer-enerji-tasarisi-abyi-fokurdatacak","status":"publish","type":"post","link":"https:\/\/www.enerjigazetesi.ist\/en\/yeni-nukleer-enerji-tasarisi-abyi-fokurdatacak\/","title":{"rendered":"(Turkish) Yeni N\u00fckleer Enerji Tasar\u0131s\u0131 AB`yi Fokurdatacak!"},"content":{"rendered":"<p class=\"qtranxs-available-languages-message qtranxs-available-languages-message-en\">Sorry, this entry is only available in <a href=\"https:\/\/www.enerjigazetesi.ist\/tr\/wp-json\/wp\/v2\/posts\/14037\" class=\"qtranxs-available-language-link qtranxs-available-language-link-tr\" title=\"Turkish\">Turkish<\/a>. For the sake of viewer convenience, the content is shown below in the alternative language. You may click the link to switch the active language.<\/p><p><strong>\u00d6n\u00fcm\u00fczdeki haftalarda yay\u0131nlanacak AB`nin Yeni N\u00fckleer Enerji Yasa Tasar\u0131s\u0131, halktan toplanan vergilerin yeni n\u00fckleer santrallerin in\u015fas\u0131nda kullan\u0131m\u0131n\u0131 kolayla\u015ft\u0131racak. Bu durum baz\u0131 AB \u00fclkelerini \u015fimdiden kar\u015f\u0131 kar\u015f\u0131ya getirdi.<\/strong><\/p>\n<p>Reuters`\u0131n AB`nin Yeni N\u00fckleer Enerji Yasa Tasar\u0131s\u0131`n\u0131 ele ald\u0131\u011f\u0131 haberde, AB Komisyonu D\u00f6nem Ba\u015fkan\u0131`n\u0131n, <a href=\"https:\/\/www.enerjigazetesi.ist\/wp-content\/uploads\/2013\/08\/yeni-nukleer-enerji-tasarisi-abyi-fokurdatacak.jpg\"><img loading=\"lazy\" class=\"alignright size-medium wp-image-14038\" title=\"yeni-nukleer-enerji-tasarisi-abyi-fokurdatacak\" src=\"https:\/\/www.enerjigazetesi.ist\/wp-content\/uploads\/2013\/08\/yeni-nukleer-enerji-tasarisi-abyi-fokurdatacak-300x199.jpg\" alt=\"\" width=\"300\" height=\"199\" srcset=\"https:\/\/www.enerjigazetesi.ist\/wp-content\/uploads\/2013\/08\/yeni-nukleer-enerji-tasarisi-abyi-fokurdatacak-300x199.jpg 300w, https:\/\/www.enerjigazetesi.ist\/wp-content\/uploads\/2013\/08\/yeni-nukleer-enerji-tasarisi-abyi-fokurdatacak-75x50.jpg 75w, https:\/\/www.enerjigazetesi.ist\/wp-content\/uploads\/2013\/08\/yeni-nukleer-enerji-tasarisi-abyi-fokurdatacak.jpg 500w\" sizes=\"(max-width: 300px) 100vw, 300px\" \/><\/a>&#8220;Bu yasa hala masada, ancak \u0130ngiltere gibi kendilerine \u00f6zg\u00fc koruma isteyen baz\u0131 g\u00fc\u00e7l\u00fc Avrupa Birli\u011fi \u00fclkelerinin yasal bir zemine oturtulmas\u0131 bask\u0131s\u0131 alt\u0131nda\u201d s\u00f6zleri yer ald\u0131.<\/p>\n<p>Habere g\u00f6re, yeni tasar\u0131 n\u00fckleer enerjiyi destekleyen \u0130ngiltere ve \u00c7ek Cumhuriyeti`ne kar\u015f\u0131l\u0131k anti n\u00fckleer g\u00f6r\u00fc\u015fe sahip Almanya ve Avusturya gibi AB \u00fclkelerini kutupla\u015fmaya itiyor.<\/p>\n<p><strong>2020`YE KADAR GE\u00c7ERL\u0130 OLACAK<\/strong><br \/>\n2014 &#8211; 2020 aras\u0131n\u0131 kapsayacak AB \u00c7evre ve Enerji Bildirgesi, Almanya`daki 22 eyl\u00fcl se\u00e7imlerinden sonra yay\u0131mlanacak. Ancak bu tasar\u0131n\u0131n gelecek seneye kadar yasala\u015fmas\u0131 beklenmiyor.<\/p>\n<p>\u00c7evreci gruplar dahil n\u00fckleer g\u00fc\u00e7 kar\u015f\u0131tlar\u0131 yasa tasar\u0131s\u0131 i\u00e7in; h\u00fck\u00fcmetlerin atom enerjisini finanse etmesi, AB`nin yasal prosed\u00fcrleri ihlal etmesi ve birlik politikas\u0131n\u0131n eksen de\u011fi\u015ftirmesi anlam\u0131na geldi\u011fini s\u00f6yl\u00fcyor.<\/p>\n<p>Kaynak: <a href=\"http:\/\/enerjigunlugu.net\/yeni-nukleer-enerji-tasarisi-abyi-fokurdatacak_4573.html\" target=\"_blank\">Enerji G\u00fcnl\u00fc\u011f\u00fc<\/a><\/p>","protected":false},"excerpt":{"rendered":"<p>Sorry, this entry is only available in Turkish. For the sake of viewer convenience, the content is shown below in the alternative language. You may click the link to switch the active language.\u00d6n\u00fcm\u00fczdeki haftalarda yay\u0131nlanacak AB`nin Yeni N\u00fckleer Enerji Yasa Tasar\u0131s\u0131, halktan toplanan vergilerin yeni n\u00fckleer santrallerin in\u015fas\u0131nda kullan\u0131m\u0131n\u0131 kolayla\u015ft\u0131racak. Bu durum baz\u0131 AB \u00fclkelerini [&hellip;]<\/p>\n","protected":false},"author":1,"featured_media":14038,"comment_status":"open","ping_status":"open","sticky":false,"template":"","format":"standard","meta":[],"categories":[53,43],"tags":[1192,63,67,165,21,7618,7617],"views":593,"_links":{"self":[{"href":"https:\/\/www.enerjigazetesi.ist\/en\/wp-json\/wp\/v2\/posts\/14037"}],"collection":[{"href":"https:\/\/www.enerjigazetesi.ist\/en\/wp-json\/wp\/v2\/posts"}],"about":[{"href":"https:\/\/www.enerjigazetesi.ist\/en\/wp-json\/wp\/v2\/types\/post"}],"author":[{"embeddable":true,"href":"https:\/\/www.enerjigazetesi.ist\/en\/wp-json\/wp\/v2\/users\/1"}],"replies":[{"embeddable":true,"href":"https:\/\/www.enerjigazetesi.ist\/en\/wp-json\/wp\/v2\/comments?post=14037"}],"version-history":[{"count":2,"href":"https:\/\/www.enerjigazetesi.ist\/en\/wp-json\/wp\/v2\/posts\/14037\/revisions"}],"predecessor-version":[{"id":14040,"href":"https:\/\/www.enerjigazetesi.ist\/en\/wp-json\/wp\/v2\/posts\/14037\/revisions\/14040"}],"wp:featuredmedia":[{"embeddable":true,"href":"https:\/\/www.enerjigazetesi.ist\/en\/wp-json\/wp\/v2\/media\/14038"}],"wp:attachment":[{"href":"https:\/\/www.enerjigazetesi.ist\/en\/wp-json\/wp\/v2\/media?parent=14037"}],"wp:term":[{"taxonomy":"category","embeddable":true,"href":"https:\/\/www.enerjigazetesi.ist\/en\/wp-json\/wp\/v2\/categories?post=14037"},{"taxonomy":"post_tag","embeddable":true,"href":"https:\/\/www.enerjigazetesi.ist\/en\/wp-json\/wp\/v2\/tags?post=14037"}],"curies":[{"name":"wp","href":"https:\/\/api.w.org\/{rel}","templated":true}]}}