{"id":140316,"date":"2021-08-15T17:21:11","date_gmt":"2021-08-15T14:21:11","guid":{"rendered":"https:\/\/www.enerjigazetesi.ist\/?p=140316"},"modified":"2021-08-15T17:21:23","modified_gmt":"2021-08-15T14:21:23","slug":"karadag-resin-turkcell-tarafindan-satin-alinmasina-rekabet-izni-verildi","status":"publish","type":"post","link":"https:\/\/www.enerjigazetesi.ist\/en\/karadag-resin-turkcell-tarafindan-satin-alinmasina-rekabet-izni-verildi\/","title":{"rendered":"(Turkish) &#8217;Karada\u011f RES\u2019in Turkcell Taraf\u0131ndan Sat\u0131n Al\u0131nmas\u0131na Rekabet \u0130zni Verildi"},"content":{"rendered":"<p class=\"qtranxs-available-languages-message qtranxs-available-languages-message-en\">Sorry, this entry is only available in <a href=\"https:\/\/www.enerjigazetesi.ist\/tr\/wp-json\/wp\/v2\/posts\/140316\" class=\"qtranxs-available-language-link qtranxs-available-language-link-tr\" title=\"Turkish\">Turkish<\/a>. For the sake of viewer convenience, the content is shown below in the alternative language. You may click the link to switch the active language.<\/p><p><\/p>\n<h2>Rekabet Kurulu taraf\u0131ndan Turkcell Enerji \u00c7\u00f6z\u00fcmleri ve Elektrik Sat\u0131\u015f Ticaret A.\u015e.&#8217;nin Karada\u011f RES&#8217;i devralmas\u0131na <img loading=\"lazy\" class=\"alignright wp-image-140318\" src=\"https:\/\/www.enerjigazetesi.ist\/wp-content\/uploads\/2021\/08\/karadag-resin-turkcell-tarafindan-satin-alinmasina-rekabet-izni-verildi.jpg\" alt=\"\" width=\"320\" height=\"191\" srcset=\"https:\/\/www.enerjigazetesi.ist\/wp-content\/uploads\/2021\/08\/karadag-resin-turkcell-tarafindan-satin-alinmasina-rekabet-izni-verildi.jpg 550w, https:\/\/www.enerjigazetesi.ist\/wp-content\/uploads\/2021\/08\/karadag-resin-turkcell-tarafindan-satin-alinmasina-rekabet-izni-verildi-300x179.jpg 300w, https:\/\/www.enerjigazetesi.ist\/wp-content\/uploads\/2021\/08\/karadag-resin-turkcell-tarafindan-satin-alinmasina-rekabet-izni-verildi-500x298.jpg 500w, https:\/\/www.enerjigazetesi.ist\/wp-content\/uploads\/2021\/08\/karadag-resin-turkcell-tarafindan-satin-alinmasina-rekabet-izni-verildi-80x48.jpg 80w\" sizes=\"(max-width: 320px) 100vw, 320px\" \/>y\u00f6nelik izin verildi.<\/h2>\n<p><strong>Boyut Grup Enerji<\/strong>&#8216;ye ait olan<strong> \u0130zmir \u00c7e\u015fme<\/strong>&#8216;de <strong>18 MW<\/strong> kurulu g\u00fc\u00e7teki &#8216;<strong>Karada\u011f RES<\/strong>&#8216;in de\u011ferinin <strong>29,6 milyon dolar<\/strong> oldu\u011fu belirlenirken <strong>sat\u0131n al\u0131m\u0131<\/strong> ile birlikte \u015firketin <strong>net bor\u00e7lar\u0131<\/strong> sonras\u0131nda <strong>11,5 milyon dolar<\/strong> tutar\u0131nda nakit \u00e7\u0131k\u0131\u015f\u0131 Turkcell taraf\u0131ndan yap\u0131lacakt\u0131r.<\/p>\n<p><strong>Karada\u011f RES<\/strong>\u2019in y\u0131lda yakla\u015f\u0131k <strong>67,5 GWh\u2019lik<\/strong> bir \u00fcretim yapmakta olup tahmini olarak <strong>22.500 konutun<\/strong> y\u0131ll\u0131k <strong>enerji ihtiyac\u0131na kar\u015f\u0131layabilme<\/strong> kapasitesine de sahiptir. <strong>2021-2026 y\u0131llar\u0131<\/strong> aras\u0131ndaki santralin gelirinin ise yakla\u015f\u0131k <strong>5 milyon dolar<\/strong> olaca\u011f\u0131 tahmin ediliyor.<\/p>","protected":false},"excerpt":{"rendered":"<p>Sorry, this entry is only available in Turkish. For the sake of viewer convenience, the content is shown below in the alternative language. You may click the link to switch the active language. Rekabet Kurulu taraf\u0131ndan Turkcell Enerji \u00c7\u00f6z\u00fcmleri ve Elektrik Sat\u0131\u015f Ticaret A.\u015e.&#8217;nin Karada\u011f RES&#8217;i devralmas\u0131na y\u00f6nelik izin verildi. Boyut Grup Enerji&#8216;ye ait olan [&hellip;]<\/p>\n","protected":false},"author":1,"featured_media":140318,"comment_status":"open","ping_status":"open","sticky":false,"template":"","format":"standard","meta":[],"categories":[51,53,50],"tags":[93111,95114,95117,95118,95116,95115,33703,93113],"views":378,"_links":{"self":[{"href":"https:\/\/www.enerjigazetesi.ist\/en\/wp-json\/wp\/v2\/posts\/140316"}],"collection":[{"href":"https:\/\/www.enerjigazetesi.ist\/en\/wp-json\/wp\/v2\/posts"}],"about":[{"href":"https:\/\/www.enerjigazetesi.ist\/en\/wp-json\/wp\/v2\/types\/post"}],"author":[{"embeddable":true,"href":"https:\/\/www.enerjigazetesi.ist\/en\/wp-json\/wp\/v2\/users\/1"}],"replies":[{"embeddable":true,"href":"https:\/\/www.enerjigazetesi.ist\/en\/wp-json\/wp\/v2\/comments?post=140316"}],"version-history":[{"count":0,"href":"https:\/\/www.enerjigazetesi.ist\/en\/wp-json\/wp\/v2\/posts\/140316\/revisions"}],"wp:featuredmedia":[{"embeddable":true,"href":"https:\/\/www.enerjigazetesi.ist\/en\/wp-json\/wp\/v2\/media\/140318"}],"wp:attachment":[{"href":"https:\/\/www.enerjigazetesi.ist\/en\/wp-json\/wp\/v2\/media?parent=140316"}],"wp:term":[{"taxonomy":"category","embeddable":true,"href":"https:\/\/www.enerjigazetesi.ist\/en\/wp-json\/wp\/v2\/categories?post=140316"},{"taxonomy":"post_tag","embeddable":true,"href":"https:\/\/www.enerjigazetesi.ist\/en\/wp-json\/wp\/v2\/tags?post=140316"}],"curies":[{"name":"wp","href":"https:\/\/api.w.org\/{rel}","templated":true}]}}