{"id":14026,"date":"2013-08-14T18:04:38","date_gmt":"2013-08-14T15:04:38","guid":{"rendered":"https:\/\/www.enerjigazetesi.ist\/?p=14026"},"modified":"2013-08-14T18:04:38","modified_gmt":"2013-08-14T15:04:38","slug":"iraktan-cagri-enerjide-yeni-anlasmalar-icin-turk-firmalarini-bekliyoruz","status":"publish","type":"post","link":"https:\/\/www.enerjigazetesi.ist\/en\/iraktan-cagri-enerjide-yeni-anlasmalar-icin-turk-firmalarini-bekliyoruz\/","title":{"rendered":"(Turkish) Irak\u2019tan \u00c7a\u011fr\u0131: Enerjide Yeni Anla\u015fmalar \u0130\u00e7in T\u00fcrk Firmalar\u0131n\u0131 Bekliyoruz!"},"content":{"rendered":"<p class=\"qtranxs-available-languages-message qtranxs-available-languages-message-en\">Sorry, this entry is only available in <a href=\"https:\/\/www.enerjigazetesi.ist\/tr\/wp-json\/wp\/v2\/posts\/14026\" class=\"qtranxs-available-language-link qtranxs-available-language-link-tr\" title=\"Turkish\">Turkish<\/a>. For the sake of viewer convenience, the content is shown below in the alternative language. You may click the link to switch the active language.<\/p><p><strong>T\u00fcrkler\u2019in Irak\u2019taki santral yat\u0131r\u0131mlar\u0131 yeni talepleri de beraberinde getirdi. Elektrik Bakanl\u0131\u011f\u0131 S\u00f6zc\u00fcs\u00fc M\u00fcderris, \u201cEnerji\u2019de yeni firmalar\u0131 bekliyoruz\u201d dedi. Irak Elektrik Bakanl\u0131\u011f\u0131 S\u00f6zc\u00fcs\u00fc Musab M\u00fcderris, T\u00fcrk \u015firketlerinin Irak\u2019ta d\u00f6rt elektrik santral\u0131n\u0131 ba\u015far\u0131yla kurdu\u011funu belirterek, \u201cYeni anla\u015fmalar imzalamak i\u00e7in T\u00fcrk firmalar\u0131n\u0131 bekliyoruz\u201d dedi.<\/strong><\/p>\n<p>T\u00fcrk \u015firketlerinin Irak\u2019ta y\u00fcr\u00fctt\u00fc\u011f\u00fc enerji projelerinden duydu\u011fu memnuniyeti dile getiren M\u00fcderris, Irakl\u0131 baz\u0131 milletvekilerinin, T\u00fcrk firmalar\u0131n<a href=\"https:\/\/www.enerjigazetesi.ist\/wp-content\/uploads\/2013\/08\/Irak-enerji-elektrik-hat-83453645-505x284.jpg\"><img loading=\"lazy\" class=\"alignleft size-medium wp-image-14027\" title=\"Irak-enerji-elektrik-hat-83453645-505x284\" src=\"https:\/\/www.enerjigazetesi.ist\/wp-content\/uploads\/2013\/08\/Irak-enerji-elektrik-hat-83453645-505x284-300x168.jpg\" alt=\"\" width=\"300\" height=\"168\" srcset=\"https:\/\/www.enerjigazetesi.ist\/wp-content\/uploads\/2013\/08\/Irak-enerji-elektrik-hat-83453645-505x284-300x168.jpg 300w, https:\/\/www.enerjigazetesi.ist\/wp-content\/uploads\/2013\/08\/Irak-enerji-elektrik-hat-83453645-505x284-500x281.jpg 500w, https:\/\/www.enerjigazetesi.ist\/wp-content\/uploads\/2013\/08\/Irak-enerji-elektrik-hat-83453645-505x284-80x44.jpg 80w, https:\/\/www.enerjigazetesi.ist\/wp-content\/uploads\/2013\/08\/Irak-enerji-elektrik-hat-83453645-505x284.jpg 505w\" sizes=\"(max-width: 300px) 100vw, 300px\" \/><\/a>\u0131n \u00e7al\u0131\u015fmalar\u0131n\u0131 haks\u0131z \u015fekilde ele\u015ftirdi\u011fini s\u00f6yleyerek, \u201cBiz T\u00fcrkiye\u2019den gelen firmalar\u0131n \u00e7al\u0131\u015fmalar\u0131ndan memnunuz. Irak\u2019ta aktif i\u015f yapan d\u00f6rt enerji \u015firketi, vaat edilen s\u00fcre i\u00e7inde projelerini tamaml\u0131yor. \u00c7al\u0131k Enerji, Musul ve Kerbela\u2019daki iki elektrik santral\u0131n\u0131, ENKA Enerji de Basra\u2019daki santral projesini ba\u015far\u0131l\u0131 bir \u015fekilde s\u00fcrd\u00fcr\u00fcyor\u201d dedi.<\/p>\n<h2>Kara listemizde yok<\/h2>\n<p>Ba\u015fka T\u00fcrk firmalar\u0131n\u0131n da kendilerine ba\u015fvurarak, enerji ihalelerine kat\u0131lmak istedi\u011fini anlatan M\u00fcderris, \u015f\u00f6yle konu\u015ftu: \u201cT\u00fcrkiye\u2019nin co\u011frafi olarak Irak\u2019a yak\u0131nl\u0131\u011f\u0131, uluslararas\u0131 \u015firketlerle ortak projelerinin olmas\u0131 ve Irak\u2019\u0131n kara listesinde isimlerinin bulunmamas\u0131 nedeniyle T\u00fcrk \u015firketlerini tercih ediyoruz.\u201d Irak\u2019ta 2003\u2032teki Amerika Birle\u015fik Devletleri (ABD) i\u015fgalinden sonra elektrik kesintileri g\u00fcnl\u00fck 20 saate \u00e7\u0131km\u0131\u015ft\u0131. Son zamanlarda kurulan elektrik santrallar\u0131yla \u00fclke h\u00e2l\u00e2, bu sorunu \u00e7\u00f6zmeye \u00e7al\u0131\u015f\u0131yor. T\u00fcrk \u015firketlerinin \u00fcstlendi\u011fi 4 b\u00fcy\u00fck santral\u0131n tamamlanmas\u0131ndan sonra \u00fclkede enerji alan\u0131nda eskiye nazaran rahatlama bekleniyor.<\/p>\n<p>Kaynak: <a href=\"http:\/\/enerjienstitusu.com\/2013\/08\/14\/iraktan-cagri-enerjide-yeni-anlasmalar-icin-turk-firmalarini-bekliyoruz\/\" target=\"_blank\">Enerji Enstit\u00fcs\u00fc<\/a><\/p>","protected":false},"excerpt":{"rendered":"<p>Sorry, this entry is only available in Turkish. For the sake of viewer convenience, the content is shown below in the alternative language. You may click the link to switch the active language.T\u00fcrkler\u2019in Irak\u2019taki santral yat\u0131r\u0131mlar\u0131 yeni talepleri de beraberinde getirdi. Elektrik Bakanl\u0131\u011f\u0131 S\u00f6zc\u00fcs\u00fc M\u00fcderris, \u201cEnerji\u2019de yeni firmalar\u0131 bekliyoruz\u201d dedi. Irak Elektrik Bakanl\u0131\u011f\u0131 S\u00f6zc\u00fcs\u00fc Musab [&hellip;]<\/p>\n","protected":false},"author":1,"featured_media":14027,"comment_status":"open","ping_status":"open","sticky":false,"template":"","format":"standard","meta":[],"categories":[51,53],"tags":[598,160,19,63,67,7613,165,532,1165,7612,945,7611,7610,4833,846],"views":705,"_links":{"self":[{"href":"https:\/\/www.enerjigazetesi.ist\/en\/wp-json\/wp\/v2\/posts\/14026"}],"collection":[{"href":"https:\/\/www.enerjigazetesi.ist\/en\/wp-json\/wp\/v2\/posts"}],"about":[{"href":"https:\/\/www.enerjigazetesi.ist\/en\/wp-json\/wp\/v2\/types\/post"}],"author":[{"embeddable":true,"href":"https:\/\/www.enerjigazetesi.ist\/en\/wp-json\/wp\/v2\/users\/1"}],"replies":[{"embeddable":true,"href":"https:\/\/www.enerjigazetesi.ist\/en\/wp-json\/wp\/v2\/comments?post=14026"}],"version-history":[{"count":1,"href":"https:\/\/www.enerjigazetesi.ist\/en\/wp-json\/wp\/v2\/posts\/14026\/revisions"}],"predecessor-version":[{"id":14028,"href":"https:\/\/www.enerjigazetesi.ist\/en\/wp-json\/wp\/v2\/posts\/14026\/revisions\/14028"}],"wp:featuredmedia":[{"embeddable":true,"href":"https:\/\/www.enerjigazetesi.ist\/en\/wp-json\/wp\/v2\/media\/14027"}],"wp:attachment":[{"href":"https:\/\/www.enerjigazetesi.ist\/en\/wp-json\/wp\/v2\/media?parent=14026"}],"wp:term":[{"taxonomy":"category","embeddable":true,"href":"https:\/\/www.enerjigazetesi.ist\/en\/wp-json\/wp\/v2\/categories?post=14026"},{"taxonomy":"post_tag","embeddable":true,"href":"https:\/\/www.enerjigazetesi.ist\/en\/wp-json\/wp\/v2\/tags?post=14026"}],"curies":[{"name":"wp","href":"https:\/\/api.w.org\/{rel}","templated":true}]}}