{"id":140128,"date":"2021-08-11T13:52:57","date_gmt":"2021-08-11T10:52:57","guid":{"rendered":"https:\/\/www.enerjigazetesi.ist\/?p=140128"},"modified":"2021-08-11T13:52:57","modified_gmt":"2021-08-11T10:52:57","slug":"enerjisa-enerji-2021in-ilk-yarisinda-da-guclu-buyumesini-surdurdu","status":"publish","type":"post","link":"https:\/\/www.enerjigazetesi.ist\/en\/enerjisa-enerji-2021in-ilk-yarisinda-da-guclu-buyumesini-surdurdu\/","title":{"rendered":"(Turkish) &#8217;Enerjisa Enerji&#8217; 2021&#8217;in \u0130lk Yar\u0131s\u0131nda da G\u00fc\u00e7l\u00fc B\u00fcy\u00fcmesini S\u00fcrd\u00fcrd\u00fc"},"content":{"rendered":"<p class=\"qtranxs-available-languages-message qtranxs-available-languages-message-en\">Sorry, this entry is only available in <a href=\"https:\/\/www.enerjigazetesi.ist\/tr\/wp-json\/wp\/v2\/posts\/140128\" class=\"qtranxs-available-language-link qtranxs-available-language-link-tr\" title=\"Turkish\">Turkish<\/a>. For the sake of viewer convenience, the content is shown below in the alternative language. You may click the link to switch the active language.<\/p><p><\/p>\n<h2><strong>Elektrik da\u011f\u0131t\u0131m ve perakende sat\u0131\u015f sekt\u00f6r\u00fcnde T\u00fcrkiye&#8217;nin lider \u015firketi Enerjisa Enerji, y\u0131l\u0131n ilk yar\u0131s\u0131nda g\u00fc\u00e7l\u00fc bir finansal performans ve nakit ak\u0131\u015f\u0131 yakalad\u0131.<\/strong><\/h2>\n<p><strong>Covid-19 pandemisi<\/strong>nin k\u00fcresel ve yerel piyasalarda yaratt\u0131\u011f\u0131 etkiler devam etmesine ra\u011fmen, <img loading=\"lazy\" class=\"alignright wp-image-140130\" src=\"https:\/\/www.enerjigazetesi.ist\/wp-content\/uploads\/2021\/08\/enerjisa-enerji-2021in-ilk-yarisinda-da-guclu-buyumesini-surdurdu-3.jpg\" alt=\"\" width=\"320\" height=\"274\" srcset=\"https:\/\/www.enerjigazetesi.ist\/wp-content\/uploads\/2021\/08\/enerjisa-enerji-2021in-ilk-yarisinda-da-guclu-buyumesini-surdurdu-3.jpg 724w, https:\/\/www.enerjigazetesi.ist\/wp-content\/uploads\/2021\/08\/enerjisa-enerji-2021in-ilk-yarisinda-da-guclu-buyumesini-surdurdu-3-300x257.jpg 300w, https:\/\/www.enerjigazetesi.ist\/wp-content\/uploads\/2021\/08\/enerjisa-enerji-2021in-ilk-yarisinda-da-guclu-buyumesini-surdurdu-3-467x400.jpg 467w, https:\/\/www.enerjigazetesi.ist\/wp-content\/uploads\/2021\/08\/enerjisa-enerji-2021in-ilk-yarisinda-da-guclu-buyumesini-surdurdu-3-58x50.jpg 58w, https:\/\/www.enerjigazetesi.ist\/wp-content\/uploads\/2021\/08\/enerjisa-enerji-2021in-ilk-yarisinda-da-guclu-buyumesini-surdurdu-3-500x428.jpg 500w\" sizes=\"(max-width: 320px) 100vw, 320px\" \/>Enerjisa Enerji\u2019nin \u015febeke yat\u0131r\u0131mlar\u0131 2021 y\u0131l\u0131n\u0131n ilk yar\u0131s\u0131nda y\u0131ll\u0131k bazda <strong>% 95<\/strong> artarak <strong>1 milyar 110 milyon TL<\/strong> tutar\u0131nda ger\u00e7ekle\u015fti. <strong>Konsolide Faaliyet Geliri<\/strong> ge\u00e7en y\u0131l\u0131n ayn\u0131 d\u00f6nemine g\u00f6re <strong>y\u00fczde 30<\/strong> b\u00fcy\u00fcme ile <strong>3 milyar 326 milyon TL<\/strong> oldu.<\/p>\n<p><strong>%20\u2019si<\/strong> halka a\u00e7\u0131k olan ve ana sermayedarlar\u0131 Sabanc\u0131 Holding ve E.ON SE olan Enerjisa Enerji, <strong>30.06.2021<\/strong> tarihi itibariyle mali tablolar\u0131n\u0131 a\u00e7\u0131klad\u0131. Buna g\u00f6re \u015firket, 2021 y\u0131l\u0131n\u0131n ilk yar\u0131s\u0131nda konsolide Faaliyet Gelirini ge\u00e7en y\u0131l\u0131n ayn\u0131 d\u00f6nemine g\u00f6re <strong>y\u00fczde 30<\/strong> art\u0131rarak <strong>3 milyar 326 milyon TL<\/strong>\u2019ye \u00e7\u0131kard\u0131.<\/p>\n<h3><strong>\u201cKesintisiz enerji temini i\u00e7in \u015febeke yat\u0131r\u0131mlar\u0131 ilk \u00f6ncelik<\/strong>\u201d<\/h3>\n<p><strong>Enerjisa Enerji CEO\u2019su Murat P\u0131nar,\u00a0<\/strong><em>\u201cYeni uygulama d\u00f6neminin devreye girdi\u011fi 2021 y\u0131l\u0131n\u0131n ilk yar\u0131s\u0131nda, \u015febeke yat\u0131r\u0131mlar\u0131m\u0131z\u0131 y\u0131ll\u0131k bazda <strong>%95<\/strong> art\u0131rarak <strong>1 milyar 100 milyon TL<\/strong> seviyesine \u00e7\u0131kard\u0131k. Bunun yan\u0131 s\u0131ra, T\u00fcrkiye\u2019nin enerjisi olarak tam 25 y\u0131ld\u0131r bu topraklara de\u011fer kat\u0131yoruz. Bug\u00fcne kadar elektrik enerjisi alan\u0131nda \u00f6nc\u00fc ve lider olarak, \u00fclkeye en iyi hizmeti sunmaktan ve yenilik\u00e7i \u00e7\u00f6z\u00fcmler \u00fcretmekten gurur duyuyoruz. \u00dclkemizde son zamanlarda ya\u015fanan orman yang\u0131nlar\u0131ndan \u00f6t\u00fcr\u00fc b\u00fcy\u00fck \u00fcz\u00fcnt\u00fc i\u00e7erisindeyiz. Bir kez daha g\u00f6rd\u00fck ki, ya\u015fam\u0131n do\u011fal afetler s\u0131ras\u0131nda ve sonras\u0131nda da devam edebilmesi i\u00e7in,<strong> kesintisiz enerji \u00e7ok \u00f6nemli<\/strong> bir role sahip.<\/em><\/p>\n<p><em><strong>Toroslar b\u00f6lgemizi de<\/strong> etkileyen <strong>yang\u0131nlardan da\u011f\u0131t\u0131m \u015febekemizi korumak i<\/strong>\u00e7in t\u00fcm \u00f6nlemleri ald\u0131k ve etkilenen alanlara <strong>kesintisiz elektrik tedariki sa\u011flamak<\/strong> i\u00e7in <strong>alternatif besleme hatlar\u0131n\u0131<\/strong> devreye ald\u0131k. Toroslar b\u00f6lgesine ve di\u011fer b\u00f6lgelere yang\u0131n s\u00f6nd\u00fcrme aktivitelerine destek olmak i\u00e7in <strong>jenerat\u00f6r<\/strong> ve<strong> insan deste\u011fi<\/strong> sa\u011flad\u0131k. Yang\u0131ndan etkilenen m\u00fc\u015fterilerimizin faturalar\u0131n\u0131 <strong>\u00fc\u00e7 ay<\/strong> erteledik. Bunun yan\u0131 s\u0131ra Sabanc\u0131 Toplulu\u011fu\u2019nun<strong> 1 milyon fidanl\u0131k a\u011fa\u00e7land\u0131rma taahh\u00fcd\u00fc<\/strong>ne katk\u0131 sa\u011flad\u0131k.\u201d<\/em><\/p>\n<h3>\u00a0<strong>\u201cBaz Al\u0131nan Net Kar, 2021\u2019in ilk yar\u0131s\u0131nda faaliyet gelir b\u00fcy\u00fcmesinin \u00fczerinde %34 art\u0131\u015f ile 1.013 milyon TL\u2019ye ula\u015ft\u0131.\u201d<\/strong><\/h3>\n<p><strong>Enerjisa Enerji<\/strong>\u00a0<strong>CFO\u2019su Michael Moser,\u00a0<\/strong>\u201cD\u00f6rd\u00fcnc\u00fc uygulama d\u00f6neminin ilk y\u0131l\u0131n\u0131n ilk yar\u0131s\u0131nda etkin risk y\u00f6netimi s\u00fcre\u00e7lerimiz, g\u00fc\u00e7l\u00fc bilan\u00e7omuz\u00a0ve destekleyici d\u00fczenleyici \u00e7er\u00e7eve ile g\u00fc\u00e7l\u00fc sonu\u00e7lar elde ettik. Y\u0131l\u0131n ilk yar\u0131s\u0131nda sa\u011flam bir kar b\u00fcy\u00fcmesi ve nakit art\u0131\u015f\u0131nda g\u00fc\u00e7l\u00fc bir b\u00fcy\u00fcme yakalad\u0131k.\u00a0Baz Al\u0131nan Net Kar, ge\u00e7en y\u0131l\u0131n ayn\u0131 d\u00f6nemine g\u00f6re y\u00fczde 34 b\u00fcy\u00fcyerek 2021 y\u0131l\u0131n\u0131n ilk yar\u0131s\u0131nda <strong>1 milyar 13 milyon TL<\/strong>\u2019ye ula\u015ft\u0131, bu \u015fekilde art\u0131\u015f oran\u0131 <strong>Faaliyet Geliri art\u0131\u015f oran\u0131<\/strong>n\u0131n \u00fczerinde ger\u00e7ekle\u015fti. Ayn\u0131 zamanda g\u00fc\u00e7l\u00fc sonu\u00e7lar\u0131m\u0131z sayesinde finansal net borcun faaliyet gelirine oran\u0131 ge\u00e7en y\u0131l\u0131n ilk yar\u0131s\u0131nda <strong>2,1 kat<\/strong> iken, bu y\u0131l\u0131n ikinci \u00e7eyre\u011finde <strong>1,4 kata<\/strong> d\u00fc\u015ft\u00fc.<\/p>\n<p>\u0130lk yar\u0131daki g\u00fc\u00e7l\u00fc performans\u0131m\u0131z ve enflasyon etkisi ile <strong>2021 hedeflerimizi<\/strong> yukar\u0131 y\u00f6nl\u00fc revize ettik. G\u00fcncellenen <span style=\"text-decoration: underline;\">2021 hedefimiz \u015fu \u015fekilde:<\/span><\/p>\n<p>&#8211; Faaliyet Gelirinde <strong>%15 &#8211; %20<\/strong> b\u00fcy\u00fcme. Bir \u00f6nceki hedefimiz iki haneli b\u00fcy\u00fcme idi.<\/p>\n<p>&#8211; Yakla\u015f\u0131k <strong>2,0 milyar TL<\/strong> Baz Al\u0131nan Net Kar.<\/p>\n<p>&#8211; Artan enflasyonu yans\u0131tacak \u015fekilde, sene sonu itibar\u0131yla minimum <strong>11,2 milyar TL<\/strong> D\u00fczenlenmi\u015f Varl\u0131k Taban\u0131.<\/p>\n<p>&#8211; Minimum <strong>1,8 milyar TL<\/strong> faiz ve vergi sonras\u0131 serbest nakit ak\u0131\u015f\u0131.<\/p>\n<p>D\u00fcnya genelinde <strong>artan orman yang\u0131nlar\u0131 iklim de\u011fi\u015fikli\u011finde<\/strong> ivedi aksiyon alman\u0131n \u00f6nemini bir kez daha g\u00f6zler \u00f6n\u00fcne serdi. <strong>S\u00fcrd\u00fcr\u00fclebilirli\u011fi stratejimizin<\/strong> ayr\u0131lmaz bir par\u00e7as\u0131 olarak g\u00f6r\u00fcyoruz ve <strong>\u00c7evresel, Sosyal<\/strong> ve <strong>Y\u00f6neti\u015fim unsurlar\u0131<\/strong>n\u0131n<strong> i\u015f modeline<\/strong> ve <strong>i\u015f plan\u0131na<\/strong> tam olarak dahil edilmesi gerekti\u011fine inan\u0131yoruz. <strong>Daha s\u00fcrd\u00fcr\u00fclebilir bir d\u00fcnya<\/strong> i\u00e7in <strong>\u00e7al\u0131\u015fmaya<\/strong> ve<strong> iklim de\u011fi\u015fikli\u011fiyle m\u00fccadele<\/strong> etmeyi taahh\u00fct ediyoruz\u201d dedi.<\/p>","protected":false},"excerpt":{"rendered":"<p>Sorry, this entry is only available in Turkish. For the sake of viewer convenience, the content is shown below in the alternative language. You may click the link to switch the active language. Elektrik da\u011f\u0131t\u0131m ve perakende sat\u0131\u015f sekt\u00f6r\u00fcnde T\u00fcrkiye&#8217;nin lider \u015firketi Enerjisa Enerji, y\u0131l\u0131n ilk yar\u0131s\u0131nda g\u00fc\u00e7l\u00fc bir finansal performans ve nakit ak\u0131\u015f\u0131 yakalad\u0131. [&hellip;]<\/p>\n","protected":false},"author":1,"featured_media":140130,"comment_status":"open","ping_status":"open","sticky":false,"template":"","format":"standard","meta":[],"categories":[51,53],"tags":[94931,53114,78966,81729],"views":201,"_links":{"self":[{"href":"https:\/\/www.enerjigazetesi.ist\/en\/wp-json\/wp\/v2\/posts\/140128"}],"collection":[{"href":"https:\/\/www.enerjigazetesi.ist\/en\/wp-json\/wp\/v2\/posts"}],"about":[{"href":"https:\/\/www.enerjigazetesi.ist\/en\/wp-json\/wp\/v2\/types\/post"}],"author":[{"embeddable":true,"href":"https:\/\/www.enerjigazetesi.ist\/en\/wp-json\/wp\/v2\/users\/1"}],"replies":[{"embeddable":true,"href":"https:\/\/www.enerjigazetesi.ist\/en\/wp-json\/wp\/v2\/comments?post=140128"}],"version-history":[{"count":0,"href":"https:\/\/www.enerjigazetesi.ist\/en\/wp-json\/wp\/v2\/posts\/140128\/revisions"}],"wp:featuredmedia":[{"embeddable":true,"href":"https:\/\/www.enerjigazetesi.ist\/en\/wp-json\/wp\/v2\/media\/140130"}],"wp:attachment":[{"href":"https:\/\/www.enerjigazetesi.ist\/en\/wp-json\/wp\/v2\/media?parent=140128"}],"wp:term":[{"taxonomy":"category","embeddable":true,"href":"https:\/\/www.enerjigazetesi.ist\/en\/wp-json\/wp\/v2\/categories?post=140128"},{"taxonomy":"post_tag","embeddable":true,"href":"https:\/\/www.enerjigazetesi.ist\/en\/wp-json\/wp\/v2\/tags?post=140128"}],"curies":[{"name":"wp","href":"https:\/\/api.w.org\/{rel}","templated":true}]}}