{"id":139824,"date":"2021-08-06T15:44:39","date_gmt":"2021-08-06T12:44:39","guid":{"rendered":"https:\/\/www.enerjigazetesi.ist\/?p=139824"},"modified":"2021-08-06T15:44:39","modified_gmt":"2021-08-06T12:44:39","slug":"ozgur-kaan-alioglu-eyoder-baskan-yardimcisi-oldu","status":"publish","type":"post","link":"https:\/\/www.enerjigazetesi.ist\/en\/ozgur-kaan-alioglu-eyoder-baskan-yardimcisi-oldu\/","title":{"rendered":"(Turkish) \u00d6zg\u00fcr Kaan Alio\u011flu EYODER Ba\u015fkan Yard\u0131mc\u0131s\u0131 Oldu"},"content":{"rendered":"<p class=\"qtranxs-available-languages-message qtranxs-available-languages-message-en\">Sorry, this entry is only available in <a href=\"https:\/\/www.enerjigazetesi.ist\/tr\/wp-json\/wp\/v2\/posts\/139824\" class=\"qtranxs-available-language-link qtranxs-available-language-link-tr\" title=\"Turkish\">Turkish<\/a>. For the sake of viewer convenience, the content is shown below in the alternative language. You may click the link to switch the active language.<\/p><p><strong>ODE Yal\u0131t\u0131m Genel M\u00fcd\u00fcr Yard\u0131mc\u0131s\u0131 \u00d6zg\u00fcr Kaan Alio\u011flu, Enerji Verimlili\u011fi ve Y\u00f6netimi Derne\u011fi (EYODER) Y\u00f6netim Kurulu Ba\u015fkan Yard\u0131mc\u0131l\u0131\u011f\u0131 g\u00f6revini \u00fcstlendi. Enerji verimlili\u011finin \u00fclkelerin, bireylerin ve \u015firketlerin \u00f6ncelikli g\u00fcndem maddelerinden biri olmas\u0131 gerekti\u011fini s\u00f6yleyen Alio\u011flu, bu alanda yapacaklar\u0131 \u00e7al\u0131\u015fmalar ile fark\u0131ndal\u0131\u011f\u0131 ve enerji verimlili\u011fi uygulamalar\u0131n\u0131 art\u0131rmay\u0131 hedeflediklerini ifade etti.<\/strong><\/p>\n<p><img loading=\"lazy\" class=\"alignright wp-image-139826\" src=\"https:\/\/www.enerjigazetesi.ist\/wp-content\/uploads\/2021\/08\/ozgur-kaan-alioglu-eyoder-baskan-yardimcisi-oldu.jpg\" alt=\"\" width=\"320\" height=\"294\" srcset=\"https:\/\/www.enerjigazetesi.ist\/wp-content\/uploads\/2021\/08\/ozgur-kaan-alioglu-eyoder-baskan-yardimcisi-oldu.jpg 550w, https:\/\/www.enerjigazetesi.ist\/wp-content\/uploads\/2021\/08\/ozgur-kaan-alioglu-eyoder-baskan-yardimcisi-oldu-300x276.jpg 300w, https:\/\/www.enerjigazetesi.ist\/wp-content\/uploads\/2021\/08\/ozgur-kaan-alioglu-eyoder-baskan-yardimcisi-oldu-435x400.jpg 435w, https:\/\/www.enerjigazetesi.ist\/wp-content\/uploads\/2021\/08\/ozgur-kaan-alioglu-eyoder-baskan-yardimcisi-oldu-54x50.jpg 54w, https:\/\/www.enerjigazetesi.ist\/wp-content\/uploads\/2021\/08\/ozgur-kaan-alioglu-eyoder-baskan-yardimcisi-oldu-500x460.jpg 500w\" sizes=\"(max-width: 320px) 100vw, 320px\" \/>T\u00fcrkiye\u2019de ve ihracat yapt\u0131\u011f\u0131 alt\u0131 k\u0131tadaki 75\u2019in \u00fczerinde \u00fclkede yal\u0131t\u0131m sekt\u00f6r\u00fcn\u00fcn \u00f6nde gelen \u015firketlerinden biri olan ODE Yal\u0131t\u0131m\u2019\u0131n Genel M\u00fcd\u00fcr Yard\u0131mc\u0131s\u0131 \u00d6zg\u00fcr Kaan Alio\u011flu, sivil toplum alan\u0131ndaki \u00e7al\u0131\u015fmalar\u0131 kapsam\u0131nda \u00f6nemli bir g\u00f6rev \u00fcstlendi. Alio\u011flu, enerji verimlili\u011fi sekt\u00f6r\u00fcn\u00fcn sa\u011fl\u0131kl\u0131 olarak geli\u015fmesi i\u00e7in faaliyetlerini s\u00fcrd\u00fcren Enerji Verimlili\u011fi ve Y\u00f6netimi Derne\u011fi\u2019nin (EYODER) <strong>Y\u00f6netim Kurulu<\/strong> <strong>Ba\u015fkan Yard\u0131mc\u0131s\u0131<\/strong> olarak se\u00e7ildi.<\/p>\n<h2><strong>\u201c\u0130\u015fletmelerin enerji verimlili\u011fine y\u00f6nelik fark\u0131ndal\u0131\u011f\u0131n\u0131 art\u0131rmay\u0131 hedefliyoruz\u201d<\/strong><\/h2>\n<p><strong>D\u00fcnya&#8217;da<\/strong> ve<strong> T\u00fcrkiye\u2019de<\/strong> h\u0131zla artan enerji talebine dikkat \u00e7eken <strong>ODE Yal\u0131t\u0131m Genel M\u00fcd\u00fcr Yard\u0131mc\u0131s\u0131 ve EYODER Y\u00f6netim Kurulu Ba\u015fkan Yard\u0131mc\u0131s\u0131 \u00d6zg\u00fcr Kaan Alio\u011flu<\/strong>, \u201cKaynaklar\u0131 sorumsuzca t\u00fcketmenin gezegenimizde yol a\u00e7t\u0131\u011f\u0131 tahribat\u0131n sonu\u00e7lar\u0131n\u0131 hep birlikte ya\u015fayarak g\u00f6r\u00fcyoruz. Di\u011fer yandan bu durum, \u00fclkemizin d\u0131\u015f a\u00e7\u0131\u011f\u0131n\u0131n ana kayna\u011f\u0131 olurken, i\u015f d\u00fcnyam\u0131z\u0131n k\u00fcresel ticaretteki rekabet\u00e7ili\u011fini de olumsuz etkiliyor. Bu noktada enerji verimlili\u011fi, \u00fclkemizin, bireylerin ve \u015firketlerimizin \u00f6ncelikli g\u00fcndem maddelerinden biri olmal\u0131. \u00d6zellikle<strong> S\u0131n\u0131rda Karbon D\u00fczenlemesi<\/strong> ile birlikte bu alana e\u011filmeyen i\u015fletmeler, <strong>global rekabet g\u00fc\u00e7lerini<\/strong> tamamen kaybedecekler. Biz de EYODER olarak \u00fclkemizde <strong>enerji verimlili\u011fi pazar\u0131n\u0131n geli\u015fmesi<\/strong> ve i\u015fletmelerimizin bu konudaki fark\u0131ndal\u0131\u011f\u0131n\u0131n artmas\u0131 i\u00e7in<strong> yeni y\u00f6netim kurulu<\/strong> olarak \u00e7al\u0131\u015fmalar\u0131m\u0131z\u0131 s\u00fcrd\u00fcr\u00fcyoruz\u201d dedi.<\/p>\n<p><strong>\u00d6zg\u00fcr Kaan Alio\u011flu<\/strong> ile birlikte<strong> TSKB S\u00fcrd\u00fcr\u00fclebilirlik Dan\u0131\u015fmanl\u0131\u011f\u0131<\/strong>, Escarus Genel M\u00fcd\u00fcr\u00fc <strong>Dr. Kubilay Kavak<\/strong> ve <strong>\u0130T\u00dc Enerji Planlamas\u0131 ve Y\u00f6netimi Anabilim Dal\u0131 Ba\u015fkan\u0131 <\/strong>Prof. Dr. Sermin Onaygil\u2019in ba\u015fkan yard\u0131mc\u0131l\u0131\u011f\u0131 g\u00f6revini \u00fcstlendi\u011fi <strong>EYODER<\/strong>\u2019in Y\u00f6netim Kurulu Ba\u015fkan\u0131 ise ESCON Enerji Genel M\u00fcd\u00fcr\u00fc <strong>Onur \u00dcnl\u00fc<\/strong> oldu.<\/p>","protected":false},"excerpt":{"rendered":"<p>Sorry, this entry is only available in Turkish. For the sake of viewer convenience, the content is shown below in the alternative language. You may click the link to switch the active language.ODE Yal\u0131t\u0131m Genel M\u00fcd\u00fcr Yard\u0131mc\u0131s\u0131 \u00d6zg\u00fcr Kaan Alio\u011flu, Enerji Verimlili\u011fi ve Y\u00f6netimi Derne\u011fi (EYODER) Y\u00f6netim Kurulu Ba\u015fkan Yard\u0131mc\u0131l\u0131\u011f\u0131 g\u00f6revini \u00fcstlendi. Enerji verimlili\u011finin \u00fclkelerin, [&hellip;]<\/p>\n","protected":false},"author":1,"featured_media":139827,"comment_status":"open","ping_status":"open","sticky":false,"template":"","format":"standard","meta":[],"categories":[53,52],"tags":[58103,55433,33913,77466],"views":231,"_links":{"self":[{"href":"https:\/\/www.enerjigazetesi.ist\/en\/wp-json\/wp\/v2\/posts\/139824"}],"collection":[{"href":"https:\/\/www.enerjigazetesi.ist\/en\/wp-json\/wp\/v2\/posts"}],"about":[{"href":"https:\/\/www.enerjigazetesi.ist\/en\/wp-json\/wp\/v2\/types\/post"}],"author":[{"embeddable":true,"href":"https:\/\/www.enerjigazetesi.ist\/en\/wp-json\/wp\/v2\/users\/1"}],"replies":[{"embeddable":true,"href":"https:\/\/www.enerjigazetesi.ist\/en\/wp-json\/wp\/v2\/comments?post=139824"}],"version-history":[{"count":0,"href":"https:\/\/www.enerjigazetesi.ist\/en\/wp-json\/wp\/v2\/posts\/139824\/revisions"}],"wp:featuredmedia":[{"embeddable":true,"href":"https:\/\/www.enerjigazetesi.ist\/en\/wp-json\/wp\/v2\/media\/139827"}],"wp:attachment":[{"href":"https:\/\/www.enerjigazetesi.ist\/en\/wp-json\/wp\/v2\/media?parent=139824"}],"wp:term":[{"taxonomy":"category","embeddable":true,"href":"https:\/\/www.enerjigazetesi.ist\/en\/wp-json\/wp\/v2\/categories?post=139824"},{"taxonomy":"post_tag","embeddable":true,"href":"https:\/\/www.enerjigazetesi.ist\/en\/wp-json\/wp\/v2\/tags?post=139824"}],"curies":[{"name":"wp","href":"https:\/\/api.w.org\/{rel}","templated":true}]}}