{"id":139757,"date":"2021-08-05T11:43:21","date_gmt":"2021-08-05T08:43:21","guid":{"rendered":"https:\/\/www.enerjigazetesi.ist\/?p=139757"},"modified":"2021-08-05T11:43:21","modified_gmt":"2021-08-05T08:43:21","slug":"girisim-elektrik-halka-arz-oluyor","status":"publish","type":"post","link":"https:\/\/www.enerjigazetesi.ist\/en\/girisim-elektrik-halka-arz-oluyor\/","title":{"rendered":"(Turkish) Giri\u015fim Elektrik Halka Arz Oluyor"},"content":{"rendered":"<p class=\"qtranxs-available-languages-message qtranxs-available-languages-message-en\">Sorry, this entry is only available in <a href=\"https:\/\/www.enerjigazetesi.ist\/tr\/wp-json\/wp\/v2\/posts\/139757\" class=\"qtranxs-available-language-link qtranxs-available-language-link-tr\" title=\"Turkish\">Turkish<\/a>. For the sake of viewer convenience, the content is shown below in the alternative language. You may click the link to switch the active language.<\/p><p><strong>Giri\u015fim Elektrik Sanayi Taahh\u00fct ve Ticaret A.\u015e.\u2019nin paylar\u0131n\u0131n halka arz\u0131 i<\/strong><strong>\u00e7<\/strong><strong>in yapt\u0131\u011f\u0131 izahname ba\u015fvurusu Sermaye Piyasas\u0131 Kurulu (SPK) taraf\u0131ndan onayland\u0131. Giri\u015fim Elektrik halka arz\u0131, OYAK Yat\u0131r\u0131m <\/strong><strong>liderli\u011finde sabit fiyatla talep toplama y\u00f6ntemiyle 11-12-13 A\u011fustos 2021 tarihleri aras\u0131nda ger\u00e7ekle\u015ftirilecek.<\/strong><strong> Halka arzda yurt i\u00e7i bireysel yat\u0131r\u0131mc\u0131lar i<\/strong><strong>\u00e7<\/strong><strong>in oransal da\u011f\u0131t\u0131m y\u00f6ntemi uygulanacak.<\/strong><\/p>\n<p>60 \u00fclkede <strong>enerji santralleri<\/strong> ve <strong>\u00e7e\u015fitli teknik projeler<\/strong> uygulayan, k\u00fcresel \u00e7apta faaliyet g\u00f6steren ve T\u00fcrkiye\u2019nin en b\u00fcy\u00fck enerji \u015firketlerinden biri olan <strong>Giri\u015fim Elektrik Sanayi Taahh\u00fct ve Ticaret A.\u015e.<\/strong>\u00a0halka az oluyor.<\/p>\n<p><img loading=\"lazy\" class=\"alignright wp-image-139759\" src=\"https:\/\/www.enerjigazetesi.ist\/wp-content\/uploads\/2021\/08\/girisim-elektrik-halka-arz-oluyor-2.jpg\" alt=\"\" width=\"320\" height=\"197\" srcset=\"https:\/\/www.enerjigazetesi.ist\/wp-content\/uploads\/2021\/08\/girisim-elektrik-halka-arz-oluyor-2.jpg 728w, https:\/\/www.enerjigazetesi.ist\/wp-content\/uploads\/2021\/08\/girisim-elektrik-halka-arz-oluyor-2-300x185.jpg 300w, https:\/\/www.enerjigazetesi.ist\/wp-content\/uploads\/2021\/08\/girisim-elektrik-halka-arz-oluyor-2-500x308.jpg 500w, https:\/\/www.enerjigazetesi.ist\/wp-content\/uploads\/2021\/08\/girisim-elektrik-halka-arz-oluyor-2-80x50.jpg 80w\" sizes=\"(max-width: 320px) 100vw, 320px\" \/>Giri\u015fim Elektrik A.\u015e\u2019nin <strong>1000\u2019den<\/strong> fazla \u00e7al\u0131\u015fan ve <strong>150\u2019den<\/strong> fazla m\u00fchendisi ile<strong> 5<\/strong> k\u0131tada <strong>60<\/strong> \u00fclkede faaliyet g\u00f6sterdi\u011fini, T\u00fcrkiye\u2019den \u00e7\u0131kan global bir oyuncu oldu\u011funu ifade eden Y\u00f6netim Kurulu Ba\u015fkan\u0131 M.Behi\u00e7 Harmanl\u0131, \u2018\u2019\u015eirketimiz, <strong>7 \u00fclkeye yay\u0131lm\u0131\u015f<\/strong> ofis ve fabrikalar\u0131yla <strong>m\u00fchendislik, \u00fcretim, tedarik g\u00fcc\u00fc ve smart \u00e7\u00f6z\u00fcmleri<\/strong> i\u00e7erisinde bar\u0131nd\u0131ran <strong>AR-GE merkezi<\/strong> ile <strong>anahtar teslim<\/strong> olarak tamamlanm\u0131\u015f binlerce MW enerji santrali, tasarlanan, uygulanan, teslim edilen \u00e7ok say\u0131da farkl\u0131 <strong>tesis, sistem<\/strong> ve<strong> proje<\/strong> ile ba\u015far\u0131s\u0131n\u0131 t\u00fcm d\u00fcnyaya ispatlam\u0131\u015f bir konumdad\u0131r. \u015eimdi de <strong>halka arz s\u00fcrecimiz<\/strong> tamamlanarak talep toplama tarihlerimiz kesinle\u015fti. <strong>11-12-13 A\u011fustos 2021<\/strong> tarihlerinde talep toplayaca\u011f\u0131z\u2019\u2019 diye konu\u015ftu.<\/p>\n<p><strong>1 TL<\/strong> nominal de\u011ferli hisse i\u00e7in <strong>17 TL<\/strong> fiyattan talep toplanacak olan halka arzda, sermaye art\u0131r\u0131m\u0131 ve ortak sat\u0131\u015f\u0131 yoluyla toplam 27 milyon TL nominal de\u011ferli pay\u0131n sat\u0131lmas\u0131 planlan\u0131yor. Fazla talep gelmesi halinde \u015eirket\u2019in mevcut ortaklar\u0131na ait <strong>2 milyon TL<\/strong> nominal de\u011ferli paylar da halka arza konu edilecek. Buna g\u00f6re <strong>toplam halka arz b\u00fcy\u00fckl\u00fc\u011f\u00fc<\/strong>n\u00fcn ek sat\u0131\u015f hari\u00e7 <strong>459 milyon TL<\/strong>\u2019ye ula\u015fmas\u0131 bekleniyor. Halka arz edilen paylar\u0131n <strong>y\u00fczde 30\u2019u<\/strong> yurt i\u00e7i bireysel yat\u0131r\u0131mc\u0131lara, <strong>y\u00fczde 35<\/strong>\u2019i yurt i\u00e7i kurumsal yat\u0131r\u0131mc\u0131lara ve<strong> y\u00fczde 35\u2019i<\/strong> yurt d\u0131\u015f\u0131 kurumsal yat\u0131r\u0131mc\u0131lara tahsis edildi.<\/p>\n<p>Harmanl\u0131 yapt\u0131\u011f\u0131 a\u00e7\u0131klamada, <em>\u2018\u2019<strong>Giri\u015fim Elektrik<\/strong> ve<strong> i\u015ftirakleri<\/strong>, <strong>elektri\u011fin \u00fcretimi, iletimi, da\u011f\u0131t\u0131m\u0131<\/strong> ve <strong>kontrol\u00fc<\/strong> a\u015famalar\u0131n\u0131n tamam\u0131nda hem <strong>anahtar teslim taahh\u00fct<\/strong>, hem de \u00e7ok geni\u015f bir yelpazede<strong> \u00fcr\u00fcn\u00fcn ve sistemin \u00fcretim ve tedarikini<\/strong> yap\u0131yor,<strong> m\u00fchendislik<\/strong> ve <strong>\u00fcretim g\u00fcc\u00fc<\/strong> ile kuruldu\u011fu 1999 y\u0131l\u0131ndan bu yana stratejik ad\u0131mlarla s\u00fcrekli olarak b\u00fcy\u00fcmeye devam ediyor. Ayr\u0131ca <strong>Hollanda, Makedonya, Irak, Fas, Cezayir ve Ukrayna\u2019da<\/strong> yerle\u015fik ofis ve tesislerinde g\u00f6rev alan 1000\u2019den fazla \u00e7al\u0131\u015fan ve <strong>150\u2019den fazla<\/strong> m\u00fchendisi ile \u00f6ncelikle Avrupa, Ortado\u011fu ve Afrika b\u00f6lgeleri olmak \u00fczere 5 k\u0131tada 60 \u00fclkeye \u00fcr\u00fcn ve hizmetlerini ula\u015ft\u0131r\u0131yor. \u015eimdi yeni hedeflerimizle bu fayday\u0131 en \u00fcst seviyeye \u00e7\u0131karaca\u011f\u0131z\u2019\u2019<\/em>\u00a0ifadelerini kulland\u0131.<\/p>","protected":false},"excerpt":{"rendered":"<p>Sorry, this entry is only available in Turkish. For the sake of viewer convenience, the content is shown below in the alternative language. You may click the link to switch the active language.Giri\u015fim Elektrik Sanayi Taahh\u00fct ve Ticaret A.\u015e.\u2019nin paylar\u0131n\u0131n halka arz\u0131 i\u00e7in yapt\u0131\u011f\u0131 izahname ba\u015fvurusu Sermaye Piyasas\u0131 Kurulu (SPK) taraf\u0131ndan onayland\u0131. Giri\u015fim Elektrik halka [&hellip;]<\/p>\n","protected":false},"author":1,"featured_media":139760,"comment_status":"open","ping_status":"open","sticky":false,"template":"","format":"standard","meta":[],"categories":[51,53],"tags":[94599,53114,94598],"views":84,"_links":{"self":[{"href":"https:\/\/www.enerjigazetesi.ist\/en\/wp-json\/wp\/v2\/posts\/139757"}],"collection":[{"href":"https:\/\/www.enerjigazetesi.ist\/en\/wp-json\/wp\/v2\/posts"}],"about":[{"href":"https:\/\/www.enerjigazetesi.ist\/en\/wp-json\/wp\/v2\/types\/post"}],"author":[{"embeddable":true,"href":"https:\/\/www.enerjigazetesi.ist\/en\/wp-json\/wp\/v2\/users\/1"}],"replies":[{"embeddable":true,"href":"https:\/\/www.enerjigazetesi.ist\/en\/wp-json\/wp\/v2\/comments?post=139757"}],"version-history":[{"count":0,"href":"https:\/\/www.enerjigazetesi.ist\/en\/wp-json\/wp\/v2\/posts\/139757\/revisions"}],"wp:featuredmedia":[{"embeddable":true,"href":"https:\/\/www.enerjigazetesi.ist\/en\/wp-json\/wp\/v2\/media\/139760"}],"wp:attachment":[{"href":"https:\/\/www.enerjigazetesi.ist\/en\/wp-json\/wp\/v2\/media?parent=139757"}],"wp:term":[{"taxonomy":"category","embeddable":true,"href":"https:\/\/www.enerjigazetesi.ist\/en\/wp-json\/wp\/v2\/categories?post=139757"},{"taxonomy":"post_tag","embeddable":true,"href":"https:\/\/www.enerjigazetesi.ist\/en\/wp-json\/wp\/v2\/tags?post=139757"}],"curies":[{"name":"wp","href":"https:\/\/api.w.org\/{rel}","templated":true}]}}