{"id":139713,"date":"2021-08-05T09:43:02","date_gmt":"2021-08-05T06:43:02","guid":{"rendered":"https:\/\/www.enerjigazetesi.ist\/?p=139713"},"modified":"2021-08-05T09:48:25","modified_gmt":"2021-08-05T06:48:25","slug":"sanat-okurlarinin-icini-aydinlatacak-agustos-2021-sayisi-yayinlandi","status":"publish","type":"post","link":"https:\/\/www.enerjigazetesi.ist\/en\/sanat-okurlarinin-icini-aydinlatacak-agustos-2021-sayisi-yayinlandi\/","title":{"rendered":"(Turkish) Sanat Severlerin \u0130\u00e7ini Ayd\u0131nlatacak &#8216;A\u011fustos 2021&#8217; Say\u0131s\u0131 Yay\u0131nda!"},"content":{"rendered":"<p class=\"qtranxs-available-languages-message qtranxs-available-languages-message-en\">Sorry, this entry is only available in <a href=\"https:\/\/www.enerjigazetesi.ist\/tr\/wp-json\/wp\/v2\/posts\/139713\" class=\"qtranxs-available-language-link qtranxs-available-language-link-tr\" title=\"Turkish\">Turkish<\/a>. For the sake of viewer convenience, the content is shown below in the alternative language. You may click the link to switch the active language.<\/p><p><strong>1970\u2019lerin en o\u0308nemli suc\u0327 klasiklerinden biri olan <em>\u201cKo\u0308peklerin Gu\u0308n\u00fc\u201d<\/em> filmindeki Sonny ve Leon karakterlerini kapa\u011f\u0131na ta\u015f\u0131yan Milliyet Sanat A\u011fustos 2021 say\u0131s\u0131nda; Robert De Niro\u2019nun rol ald\u0131\u011f\u0131 komedi filmleri, Exxen\u2019de yay\u0131nlanan <em>\u201cOla\u011fan \u015e\u00fcpheliler\u201d<\/em> dizisinde rol alan Bennu Y\u0131ld\u0131r\u0131mlar\u2019\u0131n Asu Maro ile s\u00f6yle\u015fisi, 20 ya\u015f\u0131na giren Elgiz M\u00fczesi, <em>\u201cBa\u015fka Bir D\u00fcnya M\u00fcmk\u00fcn\u201d<\/em> temas\u0131yla d\u00fczenlenen 49. \u0130stanbul M\u00fczik Festivali, kendini fark eden bir kad\u0131n\u0131n d\u00f6n\u00fc\u015f\u00fcm hik\u00e2yesini konu alan <em>\u201cHerkes Kocama Benziyor\u201d<\/em> oyunu, koronavir\u00fcs\u00fcn edebiyat\u0131 nas\u0131l etkileyece\u011fine dair yazarlardan al\u0131nan g\u00f6r\u00fc\u015fler, Filiz Ayg\u00fcnd\u00fcz\u2019\u00fcn \u201cg\u00f6r\u00fclmek\u201d \u00fczerine kaleme ald\u0131\u011f\u0131 <em>\u201cAnnem Beni G\u00f6rs\u00fcn\u201d<\/em>\u00fc anlatt\u0131\u011f\u0131 r\u00f6portaj\u0131 ve birbirinden farkl\u0131 heyecan verici i\u00e7erikleri ile okuyucular\u0131 ile bulu\u015fuyor&#8230;<\/strong><\/p>\n<p><strong>Milliyet Sanat<\/strong> dergisinin <strong>A\u011fustos say\u0131s\u0131<\/strong>n\u0131n kapa\u011f\u0131nda, <strong><em>\u201cK\u00f6peklerin G\u00fcn\u00fc\u201d<\/em><\/strong> filmiyle, sinema tarihinin en \u00f6zel su\u00e7lular\u0131ndan biri olarak hayat\u0131m\u0131za giren <strong>Sonny ve Leon ikilisi<\/strong> yer al\u0131yor. Bur\u00e7in S. Yal\u00e7\u0131n, <strong>Margot Robbie<\/strong> ve <strong>Finn Cole<\/strong>\u2019un <strong><em>\u201cDreamland\u201d<\/em><\/strong> filminin bu ay vizyona girmesi vesilesiyle <img loading=\"lazy\" class=\"alignright wp-image-139716\" src=\"https:\/\/www.enerjigazetesi.ist\/wp-content\/uploads\/2021\/08\/sanat-okurlarinin-icini-aydinlatacak-agustos-2021-sayisi-yayinlandi-2.jpg\" alt=\"\" width=\"320\" height=\"220\" srcset=\"https:\/\/www.enerjigazetesi.ist\/wp-content\/uploads\/2021\/08\/sanat-okurlarinin-icini-aydinlatacak-agustos-2021-sayisi-yayinlandi-2.jpg 515w, https:\/\/www.enerjigazetesi.ist\/wp-content\/uploads\/2021\/08\/sanat-okurlarinin-icini-aydinlatacak-agustos-2021-sayisi-yayinlandi-2-300x206.jpg 300w, https:\/\/www.enerjigazetesi.ist\/wp-content\/uploads\/2021\/08\/sanat-okurlarinin-icini-aydinlatacak-agustos-2021-sayisi-yayinlandi-2-500x344.jpg 500w, https:\/\/www.enerjigazetesi.ist\/wp-content\/uploads\/2021\/08\/sanat-okurlarinin-icini-aydinlatacak-agustos-2021-sayisi-yayinlandi-2-73x50.jpg 73w\" sizes=\"(max-width: 320px) 100vw, 320px\" \/>sinema tarihinin kanun ka\u00e7a\u011f\u0131 su\u00e7lu \u00e7iftleri aras\u0131ndan haz\u0131rlad\u0131\u011f\u0131 se\u00e7kiyi ve usta oyuncu <strong>Robert De Niro<\/strong>\u2019nun komedi performanslar\u0131n\u0131 merakl\u0131 okuyucular i\u00e7in ele al\u0131yor. Dergide ayr\u0131ca <strong>Keira Knightley<\/strong>\u2019in erkek y\u00f6netmenlerin \u00e7ekti\u011fi <strong>sevi\u015fme sahnelerinde oynamayaca\u011f\u0131n\u0131<\/strong> a\u00e7\u0131klamas\u0131yla kameran\u0131n \u201cerkek bak\u0131\u015f\u0131\u201dn\u0131 tart\u0131\u015fmaya a\u00e7an bir yaz\u0131 da bulunuyor. M\u00fcjde I\u015f\u0131l, sinemaseverler i\u00e7in <strong>Aretha Franklin<\/strong>\u2019in hayat\u0131n\u0131 konu alan <strong><em>\u201cRespect\u201d<\/em><\/strong> filminde efsanevi \u015fark\u0131c\u0131y\u0131 canland\u0131ran <strong>Jennifer Hudson<\/strong>\u2019\u0131n trajedi ve ba\u015far\u0131larla dolu ya\u015fam \u00f6yk\u00fcs\u00fcn\u00fc mercek alt\u0131na al\u0131rken; <strong>Sevin Okyay<\/strong>, Frans\u0131z y\u00f6netmen ve senarist <strong>C\u00e9line Sciamma<\/strong>\u2019n\u0131n <strong><em>\u201cPetite Maman \/ K\u00fc\u00e7\u00fck Anne\u201d<\/em> <\/strong>filmini anlat\u0131yor.<\/p>\n<p><strong>Ay\u0131n S\u00f6yle\u015fisi<\/strong> b\u00f6l\u00fcm\u00fcnde, <strong>Asu Maro<\/strong>\u2019nun <strong><em>\u201cOla\u011fan \u015e\u00fcpheliler\u201d<\/em><\/strong> dizisiyle seyircisiyle bulu\u015fan <strong>Bennu Y\u0131ld\u0131r\u0131mlar <\/strong>ile yapt\u0131\u011f\u0131 s\u00f6yle\u015fi yer al\u0131yor. Asu Maro, sevilen oyuncu <strong>Y\u0131ld\u0131r\u0131mlar<\/strong> ile rol ald\u0131\u011f\u0131 <strong>diziler<\/strong> ve <strong>tiyatro oyunlar\u0131<\/strong>, pandemiyi nas\u0131l ge\u00e7irdi\u011fi, <strong>\u00e7ocukluk d\u00f6nemi<\/strong> gibi birbirinden farkl\u0131 bir\u00e7ok konu hakk\u0131nda sohbet ediyor.<\/p>\n<p><strong>A\u011fustos 2021 <\/strong>say\u0131s\u0131n\u0131n plastik sanatlar sayfalar\u0131nda Sabiha Kurtulmu\u015f, <strong>Can Elgiz<\/strong>\u2019le <strong>Elgiz M\u00fczesi<\/strong>\u2019nin 20 ya\u015f\u0131na girmesi ve projeleri hakk\u0131nda sohbet ediyor. Plastik sanatlar b\u00f6l\u00fcm\u00fcn\u00fcn di\u011fer sayfalar\u0131nda Hazal \u00d6zl\u00fc, <strong>Sezgi Abal\u0131<\/strong> k\u00fcrat\u00f6rl\u00fc\u011f\u00fcnde <strong>Kalyon K\u00fclt\u00fcr<\/strong>\u2019de a\u00e7\u0131lan <strong><em>\u201cSab\u0131rla Bekleyen B\u00fcy\u00fcl\u00fc \u015eeyler\u201d<\/em><\/strong> sergisini kaleme al\u0131rken; Melike Bay\u0131k ise dikenli telleri kesip dikerek yapt\u0131\u011f\u0131 heykellerin yer ald\u0131\u011f\u0131 <strong><em>\u201c\u00c7evren\/ Horizon\u201d<\/em><\/strong> ba\u015fl\u0131kl\u0131 sergisiyle <strong>Bozlu Art Project<\/strong>\u2019e konuk olan <strong>Melisa S\u00f6zeri<\/strong> ile konu\u015fuyor. 87 ya\u015f\u0131nda hayata veda eden i\u015f insan\u0131, hay\u0131rsever ve koleksiyoner <strong>Eli Broad\u2019<\/strong>un arkas\u0131nda b\u0131rakt\u0131\u011f\u0131 miras\u0131 konu alan yaz\u0131y\u0131 ise, <strong><em>\u201cNo Room for a Door\/Kap\u0131ya Yer Yok\u201d<\/em><\/strong> ba\u015fl\u0131kl\u0131 sergiyle <strong>Akaretler S\u0131raselviler No: 35\u2019<\/strong>teki yeni mek\u00e2n\u0131n\u0131 a\u00e7an <strong>Hayr\u00fcnnisa Ta\u015fyar<\/strong> ile yap\u0131lan r\u00f6portaj takip ediyor.<\/p>\n<p><strong>Derginin festival sayfalar\u0131<\/strong>nda Eray Aytimur, <strong><em>\u201cBa\u015fka Bir D\u00fcnya M\u00fcmk\u00fcn\u201d<\/em><\/strong> temas\u0131yla <strong>18 A\u011fustos<\/strong>\u2019ta ba\u015flayacak <strong>49. \u0130stanbul M\u00fczik Festivali<\/strong> hakk\u0131nda, festivalin direkt\u00f6r\u00fc <strong>Efruz \u00c7ak\u0131rkaya<\/strong> ile pandemi s\u00fcrecinde <strong>festival d\u00fczenlemenin zorlu\u011fu<\/strong>nu, <strong>farkl\u0131l\u0131klar\u0131n\u0131, program i\u00e7eri\u011fini<\/strong> ve <strong>festivalin temas\u0131n\u0131<\/strong> konu\u015fuyor. Serhan Bali ise henu\u0308z <strong>3<\/strong> yas\u0327\u0131ndayken olag\u0306anu\u0308stu\u0308 yeteneg\u0306iyle bas\u0327lad\u0131g\u0306\u0131 mu\u0308zik yolculug\u0306unda solo olarak <strong>3000&#8217;e<\/strong> yak\u0131n konser veren, gerc\u0327ekles\u0327tirdig\u0306i kay\u0131tlarla <strong>3 milyon<\/strong> mu\u0308ziksevere ulas\u0327an <strong>\u0130dil Biret<\/strong>\u2019in, 80. ya\u015f\u0131n\u0131 <strong>\u0130stanbul M\u00fczik Festivali<\/strong>\u2019nde kutlamas\u0131 hakk\u0131nda bir <strong>yaz\u0131 kaleme<\/strong> al\u0131yor.<\/p>\n<p><strong>M\u00fczik sayfalar\u0131<\/strong>nda, d\u00f6rt y\u0131ll\u0131k sessizli\u011fini <strong><em>\u201cSolar Power\u201d<\/em><\/strong> ile bozan Yeni Zelanda as\u0131ll\u0131 <strong>Lorde<\/strong>\u2019un, alb\u00fcm\u00fcnde <strong>Antarktika seyahatine \u00e7\u0131kma s\u00fcrecini<\/strong> ve sonras\u0131nda <strong>de\u011fi\u015fen d\u00fcnyas\u0131n\u0131 anlatmas\u0131na<\/strong> \u0131\u015f\u0131k tutan bir yaz\u0131 bulunuyor. Alternatif m\u00fczik sahnesinden tan\u0131nan <strong>Deniz Tekin<\/strong> ve <strong>Can B\u00fcy\u00fckba\u015f<\/strong> ise merakla beklenen <strong><em>\u201cKuyu\u201d<\/em> <\/strong>ad\u0131n\u0131 verdikleri ortak \u00e7al\u0131\u015fmalar\u0131n\u0131 anlat\u0131yor.<\/p>\n<p>Derginin ilgiyle takip edilen <strong>sahne sanatlar\u0131 sayfalar\u0131<\/strong>nda, Mozart\u2019\u0131n en sevilen ve<strong> opera repertuvarlar\u0131<\/strong>nda en s\u0131k yer bulan eserlerinden <strong><em>\u201cDon Giovanni\u201d<\/em><\/strong>nin 237 y\u0131l sonra pr\u00f6miyer yapt\u0131\u011f\u0131 tiyatroda yeniden sahnelenmesine yer veriliyor. <strong>Podacto arac\u0131l\u0131\u011f\u0131yla<\/strong> <em>Tiyatrolar TV\u2019de<\/em> dinleyiciyle bulu\u015fan <strong><em>\u201cK\u00f6pr\u00fcden \u00d6nce Son \u00c7\u0131k\u0131\u015f\u201d<\/em><\/strong> oyununu da, oyunun yazar\u0131 <strong>Balca Y\u00fccesoy <\/strong>ile oyuncular\u0131 <strong>Selen \u00d6zt\u00fcrk, Ba\u015fak Da\u015fman<\/strong> ve <strong>Bar\u0131\u015f G\u00f6nenen<\/strong> anlat\u0131yor. Ece Saruhan, <strong>Duru Tiyatro<\/strong>\u2019nun yeni sezona s\u0131rad\u0131\u015f\u0131 bir Shakespeare kolaj\u0131yla haz\u0131rlanmas\u0131 ile ilgili olarak <strong>Emre K\u0131nay<\/strong> ve <strong>Emrah Eren<\/strong> bir s\u00f6yle\u015fi ger\u00e7ekle\u015ftirirken; kendini fark eden bir kad\u0131n\u0131n d\u00f6n\u00fc\u015f\u00fcm hik\u00e2yesini konu alan <strong><em>\u201cHerkes Kocama Benziyor\u201d<\/em> <\/strong>ba\u015fl\u0131kl\u0131 oyununu ise yazar\u0131 <strong>Alis \u00c7al\u0131\u015fkan,<\/strong> oyuncusu <strong>P\u0131nar G\u00fcnt\u00fcrk\u00fcn<\/strong> ve y\u00f6netmeni <strong>Halan Emre \u00dcnal, <\/strong>Ceyda Ulukaya\u2019ya anlat\u0131yor.<\/p>\n<p>Derginin edebiyat sayfalar\u0131nda <strong>Filiz Ayg\u00fcnd\u00fcz<\/strong>, \u00e7ocuklu\u011funda g\u00f6r\u00fclmeyen bir adam\u0131n bug\u00fcn\u00fcn\u00fc konu alan ve <strong>Do\u011fan Kitap <\/strong>etiketiyle raflarda bulunan yeni roman\u0131 <strong><em>\u201cAnnem Beni G\u00f6rs\u00fcn\u201d<\/em><\/strong>\u00fc anlat\u0131yor. Yazarl\u0131k ser\u00fcveninde yar\u0131m asr\u0131 geride b\u0131rakan <strong>Yalva\u00e7 Ural<\/strong> ise \u00e7ocuklu\u011funda nenesi ve annesinden dinledi\u011fi Meslevi masallar\u0131n\u0131 konu alan <strong><em>\u201cG\u00fclendam Nenem, Rumi Annem ve Ben, Mesnevi\u2019den Masal, Fabl ve O\u0308yku\u0308ler\u201d<\/em><\/strong> kitab\u0131n\u0131 anlat\u0131yor.<\/p>\n<p><strong>Detayl\u0131 Bilgi \u0130\u00e7in:\u00a0<\/strong><a href=\"http:\/\/www.milliyetsanat.com\/\">milliyetsanat.com<\/a>\u00a0&#8211;\u00a0<a href=\"https:\/\/instagram.com\/milliyet_sanat?igshid=6mzywg50040g\">instagram.com\/milliyet_sanat<\/a>\u00a0&#8211;\u00a0<a href=\"https:\/\/twitter.com\/milliyet_sanat?s=11\">twitter.com\/milliyet_sanat<\/a><\/p>","protected":false},"excerpt":{"rendered":"<p>Sorry, this entry is only available in Turkish. For the sake of viewer convenience, the content is shown below in the alternative language. You may click the link to switch the active language.1970\u2019lerin en o\u0308nemli suc\u0327 klasiklerinden biri olan \u201cKo\u0308peklerin Gu\u0308n\u00fc\u201d filmindeki Sonny ve Leon karakterlerini kapa\u011f\u0131na ta\u015f\u0131yan Milliyet Sanat A\u011fustos 2021 say\u0131s\u0131nda; Robert De [&hellip;]<\/p>\n","protected":false},"author":1,"featured_media":139716,"comment_status":"open","ping_status":"open","sticky":false,"template":"","format":"standard","meta":[],"categories":[53,4],"tags":[94580,94584,94585,94582,94583,61563,94578,94581],"views":180,"_links":{"self":[{"href":"https:\/\/www.enerjigazetesi.ist\/en\/wp-json\/wp\/v2\/posts\/139713"}],"collection":[{"href":"https:\/\/www.enerjigazetesi.ist\/en\/wp-json\/wp\/v2\/posts"}],"about":[{"href":"https:\/\/www.enerjigazetesi.ist\/en\/wp-json\/wp\/v2\/types\/post"}],"author":[{"embeddable":true,"href":"https:\/\/www.enerjigazetesi.ist\/en\/wp-json\/wp\/v2\/users\/1"}],"replies":[{"embeddable":true,"href":"https:\/\/www.enerjigazetesi.ist\/en\/wp-json\/wp\/v2\/comments?post=139713"}],"version-history":[{"count":1,"href":"https:\/\/www.enerjigazetesi.ist\/en\/wp-json\/wp\/v2\/posts\/139713\/revisions"}],"predecessor-version":[{"id":139714,"href":"https:\/\/www.enerjigazetesi.ist\/en\/wp-json\/wp\/v2\/posts\/139713\/revisions\/139714"}],"wp:featuredmedia":[{"embeddable":true,"href":"https:\/\/www.enerjigazetesi.ist\/en\/wp-json\/wp\/v2\/media\/139716"}],"wp:attachment":[{"href":"https:\/\/www.enerjigazetesi.ist\/en\/wp-json\/wp\/v2\/media?parent=139713"}],"wp:term":[{"taxonomy":"category","embeddable":true,"href":"https:\/\/www.enerjigazetesi.ist\/en\/wp-json\/wp\/v2\/categories?post=139713"},{"taxonomy":"post_tag","embeddable":true,"href":"https:\/\/www.enerjigazetesi.ist\/en\/wp-json\/wp\/v2\/tags?post=139713"}],"curies":[{"name":"wp","href":"https:\/\/api.w.org\/{rel}","templated":true}]}}