{"id":139653,"date":"2021-08-04T12:19:44","date_gmt":"2021-08-04T09:19:44","guid":{"rendered":"https:\/\/www.enerjigazetesi.ist\/?p=139653"},"modified":"2021-08-04T13:17:47","modified_gmt":"2021-08-04T10:17:47","slug":"sicaklar-elektrik-kullanimini-artirirken-sikayetler-de-yuzde-46-ya-cikti","status":"publish","type":"post","link":"https:\/\/www.enerjigazetesi.ist\/en\/sicaklar-elektrik-kullanimini-artirirken-sikayetler-de-yuzde-46-ya-cikti\/","title":{"rendered":"(Turkish) S\u0131caklar Elektrik Kullan\u0131m\u0131n\u0131 Art\u0131r\u0131rken \u015eikayetleri de % 46\u2019ya \u00c7\u0131kard\u0131"},"content":{"rendered":"<p class=\"qtranxs-available-languages-message qtranxs-available-languages-message-en\">Sorry, this entry is only available in <a href=\"https:\/\/www.enerjigazetesi.ist\/tr\/wp-json\/wp\/v2\/posts\/139653\" class=\"qtranxs-available-language-link qtranxs-available-language-link-tr\" title=\"Turkish\">Turkish<\/a>. For the sake of viewer convenience, the content is shown below in the alternative language. You may click the link to switch the active language.<\/p><p><strong>Pazartesi g\u00fcn\u00fc sabah saatlerinden itibaren ya\u015fanan elektrik kesintileri T\u00fcrkiye\u2019nin bir\u00e7ok noktas\u0131nda hayat\u0131 olumsuz etkiledi. \u015eikayetvar verilerine g\u00f6re, t\u00fcketiciler en \u00e7ok kesintilerin habersiz yap\u0131lmas\u0131ndan, ilgili kurumlara ula\u015famamaktan ve kesinti nedeniyle elektronik e\u015fyalar\u0131n\u0131n bozulmas\u0131ndan \u015fikayet etti. Ara\u015ft\u0131rma sonu\u00e7lar\u0131na g\u00f6re elektrik da\u011f\u0131t\u0131m firmalar\u0131n\u0131n \u015fikayetleri son bir g\u00fcnde % 46 artt\u0131.<\/strong><\/p>\n<p><strong>T\u00fcrkiye\u2019nin d\u00f6rt bir yan\u0131nda<\/strong> Pazartesi g\u00fcn\u00fc sabah saatlerinden itibaren ya\u015fanan elektrik kesintileri <img loading=\"lazy\" class=\"alignright wp-image-139655\" src=\"https:\/\/www.enerjigazetesi.ist\/wp-content\/uploads\/2021\/08\/sicak-havalar-elektrik-kullanimini-artirirken-sikayetler-de-yuzde-46-ya-cikti.jpg\" alt=\"\" width=\"320\" height=\"180\" srcset=\"https:\/\/www.enerjigazetesi.ist\/wp-content\/uploads\/2021\/08\/sicak-havalar-elektrik-kullanimini-artirirken-sikayetler-de-yuzde-46-ya-cikti.jpg 1202w, https:\/\/www.enerjigazetesi.ist\/wp-content\/uploads\/2021\/08\/sicak-havalar-elektrik-kullanimini-artirirken-sikayetler-de-yuzde-46-ya-cikti-300x168.jpg 300w, https:\/\/www.enerjigazetesi.ist\/wp-content\/uploads\/2021\/08\/sicak-havalar-elektrik-kullanimini-artirirken-sikayetler-de-yuzde-46-ya-cikti-768x431.jpg 768w, https:\/\/www.enerjigazetesi.ist\/wp-content\/uploads\/2021\/08\/sicak-havalar-elektrik-kullanimini-artirirken-sikayetler-de-yuzde-46-ya-cikti-1024x575.jpg 1024w, https:\/\/www.enerjigazetesi.ist\/wp-content\/uploads\/2021\/08\/sicak-havalar-elektrik-kullanimini-artirirken-sikayetler-de-yuzde-46-ya-cikti-500x281.jpg 500w, https:\/\/www.enerjigazetesi.ist\/wp-content\/uploads\/2021\/08\/sicak-havalar-elektrik-kullanimini-artirirken-sikayetler-de-yuzde-46-ya-cikti-80x45.jpg 80w\" sizes=\"(max-width: 320px) 100vw, 320px\" \/>hayat\u0131 olumsuz etkiledi. <strong>\u0130stanbul, \u0130zmir, Ankara, Gaziantep, Konya, Bursa, Adana, Mersin, K\u0131rklareli, Hatay, U\u015fak, Manisa<\/strong> ba\u015fta olmak \u00fczere \u00e7ok say\u0131da \u015fehrin elektriksiz kalmas\u0131 t\u00fcketicileri sosyal medyada harekete ge\u00e7irdi. \u00dclke \u00e7ap\u0131nda ya\u015fanan elektrik kesintileri \u015eikayetvar verilerine de yans\u0131d\u0131. T\u00fcrkiye\u2019nin en \u00e7ok merak edilen markalar\u0131n\u0131n s\u0131raland\u0131\u011f\u0131 <strong>Trend 100<\/strong>\u2019de, <strong>Alo 186<\/strong> en \u00e7ok aranan kurum olurken, listenin ilk s\u0131ralar\u0131nda elektrik da\u011f\u0131t\u0131m \u015firketleri de yer ald\u0131. T\u00fcketicilerin bir t\u00fcrl\u00fc ula\u015famad\u0131klar\u0131n\u0131 belirtti\u011fi <strong>Alo 186<\/strong>\u2019n\u0131n son bir g\u00fcnde ziyaret art\u0131\u015f oran\u0131 <strong>% 1.169<\/strong>\u2019a y\u00fckseldi. Di\u011fer yandan <strong>elektrik da\u011f\u0131t\u0131m firmalar\u0131n\u0131n<\/strong> \u015fikayetleri son bir g\u00fcn <strong>y\u00fczde 46<\/strong> artt\u0131.<\/p>\n<h2><strong>\u201cElektrik kullan\u0131m\u0131 rekor seviyede\u201d<\/strong><\/h2>\n<p><strong>Enerji ve Tabii Kaynaklar Bakanl\u0131\u011f\u0131<\/strong> konuyla ilgili yapt\u0131\u011f\u0131 a\u00e7\u0131klamada kesintilerin nedenini mevsim normalleri \u00fczerinde seyreden hava s\u0131caklar\u0131 y\u00fcz\u00fcnden <strong>a\u015f\u0131r\u0131 artan elektrik talebi<\/strong> olarak de\u011ferlendirirken son birka\u00e7 haftada <strong>elektrik t\u00fcketiminde<\/strong> Cumhuriyet tarihinin rekor seviyelerine ula\u015f\u0131ld\u0131\u011f\u0131 bilgisi verildi. A\u00e7\u0131klamada ayr\u0131ca <strong>elektrik tedarikinde k\u0131smi kesintilerin<\/strong> ya\u015fand\u0131\u011f\u0131n\u0131, kesintilerin ya\u015fand\u0131\u011f\u0131 b\u00f6lgelere <strong>acil m\u00fcdahale ekipleriyle<\/strong> ilk m\u00fcdahalelerin yap\u0131ld\u0131\u011f\u0131 belirtildi.<\/p>\n<h2><strong>Elektrik kesintileriyle ilgili gelen \u015fikayetlerin baz\u0131lar\u0131 \u015f\u00f6yle s\u0131raland\u0131:<\/strong><\/h2>\n<p>Online derslerinde aksakl\u0131klar ya\u015fad\u0131\u011f\u0131n\u0131 ifade eden bir t\u00fcketici, <em>\u201cDerslerimi yapam\u0131yorum. \u0130zmir Buca\u2019da ikamet ediyorum. Sabah 10 civar\u0131 elektrikler kesildi. Sitede planl\u0131 kesinti g\u00f6z\u00fckm\u00fcyor. Bilgi i\u00e7in 186\u2019y\u0131 ar\u0131yorum ancak ula\u015f\u0131lam\u0131yor. Numara \u00e7alm\u0131yor bile. Canl\u0131 derslerim var, elektrik olmadan hi\u00e7bir \u015fey yapam\u0131yorum\u201d<\/em> dedi.<\/p>\n<p>\u015eehrin merkezinde elektrik kesintisinden \u015fikayet eden ba\u015fka bir vatanda\u015f da, <em>\u201cB\u0131kt\u0131k art\u0131k elektrik kesintisinden. Sanki k\u00f6ydeyiz\u2026 \u015eehrin merkezinde elektrik yok. Planl\u0131 kesinti yok, bilgi verilmiyor. 186&#8217;ya ula\u015famamak daha facia. En az\u0131ndan bilgi verilsin <strong>3 saatten fazla<\/strong> bir<strong> elektrik mi gider?<\/strong> Hafta sonlar\u0131 peri\u015fan oluyorduk \u015fimdi hafta i\u00e7ine de denk geldi\u201d<\/em> ifadelerini kulland\u0131.<\/p>\n<h2><strong>\u201cT\u00fcm i\u015flerim aksad\u0131&#8221;<\/strong><\/h2>\n<p>Kuaf\u00f6r d\u00fckk\u00e2n\u0131 i\u015fleten bir ba\u015fka t\u00fcketici ise elektrik kesintileriyle ilgili <span style=\"text-decoration: underline;\">\u015funlar\u0131 s\u00f6yledi:<\/span><\/p>\n<p><em>\u201cGe\u00e7en haftadan beri enerji yetersizli\u011fi ya\u015f\u0131yorum kad\u0131n kuaf\u00f6r\u00fcy\u00fcm b\u00fct\u00fcn i\u015flemlerim elektrikle yap\u0131l\u0131yor. Klima \u00e7al\u0131\u015fm\u0131yor, cihaz kendini kapat\u0131yor. Ar\u0131yorum ar\u0131za talebi olu\u015fturuluyor ama hi\u00e7bir \u015fekilde d\u00f6n\u00fc\u015f sa\u011flanm\u0131yor. Her arad\u0131\u011f\u0131mda ayn\u0131. L\u00fctfen gere\u011fini yap\u0131n.<\/em><\/p>\n<h2><em><strong>&#8220;S\u0131caktan uyuyam\u0131yoruz&#8221;<\/strong><\/em><\/h2>\n<p><em>Adana\u2019da ya\u015fayan ve s\u0131caktan uyuyamad\u0131\u011f\u0131n\u0131 belirten di\u011fer bir vatanda\u015f ise, \u201cElektrikler kesik ve Adana gibi bir yerde bu \u00f6l\u00fcm gibi bir \u015fey. L\u00fctfen yard\u0131mc\u0131 olun. Hava \u00e7ok ama \u00e7ok s\u0131cak. S\u0131caktan uyuyam\u0131yoruz bile. Gere\u011finin yap\u0131lmas\u0131n\u0131 istiyoruz\u201d<\/em> diye konu\u015ftu.<\/p>\n<h2><strong>&#8220;Elektronik e\u015fyalar\u0131m bozuldu&#8221;<\/strong><\/h2>\n<p><strong>Elektrik kesintileri<\/strong>nin teknolojik cihazlar\u0131 bozdu\u011funu s\u00f6yleyen bir vatanda\u015f da <em>\u201cBu kesintileriniz y\u00fcz\u00fcnden internet modemimi, konsolumu, TV\u2019mi bozdunuz. Verdi\u011fimiz y\u00fcksek faturalarla bu elektri\u011fin hi\u00e7 kesilmemesi laz\u0131m. L\u00fctfen rica ediyorum. Kesip durmay\u0131n\u201d<\/em> dedi.<\/p>\n<h2><strong>&#8220;Kesintiyle ilgili bilgi almak neredeyse imkans\u0131z&#8221;<\/strong><\/h2>\n<p>\u0130rtibat numaralar\u0131na ula\u015famamaktan \u015fikayet eden bir t\u00fcketici, <em>\u201cMaslak gibi bir yerde elektrikler kesik ve ilgili \u015firketin telefonlar\u0131na ula\u015f\u0131lm\u0131yor. Telefonu arad\u0131\u011f\u0131n\u0131zda <strong>otomatik me\u015fgule<\/strong> al\u0131yor. kesintiyle ilgili bilgi almak neredeyse imkans\u0131z. <strong>Maslak&#8217;ta plazalar<\/strong> olmas\u0131ndan kaynakl\u0131 kesinti oldu\u011funda cihazlar\u0131m\u0131z a\u00e7\u0131s\u0131ndan ciddi bir problem ya\u015f\u0131yoruz ilgili mercilerin bu konuda \u00e7\u00f6z\u00fcm bulmas\u0131n\u0131 istiyoruz\u201d<\/em> dedi.<\/p>\n<h2><strong>&#8220;Teknoloji \u00e7a\u011f\u0131nda elektrikler kesiliyor&#8221;<\/strong><\/h2>\n<p><strong>Elektrik kesintileriyle<\/strong> ilgili \u015fikayette bulunan bir t\u00fcketici ise, <em>\u201c<strong>Home office<\/strong> \u00e7al\u0131\u015f\u0131yorum. Her g\u00fcn elektrik gidiyor, mahvoldum. \u0130\u015f yerimle s\u00fcrekli s\u0131k\u0131nt\u0131 ya\u015f\u0131yorum. B\u0131kt\u0131k bu zamanda da art\u0131k <strong>elektrik gider mi?<\/strong> Teknoloji \u00e7a\u011f\u0131nda ya\u015f\u0131yoruz. L\u00fctfen art\u0131k buna bir \u00e7\u00f6z\u00fcm bulunsun. Sesimizi duyun\u201d<\/em> ifadelerini kulland\u0131.<\/p>","protected":false},"excerpt":{"rendered":"<p>Sorry, this entry is only available in Turkish. For the sake of viewer convenience, the content is shown below in the alternative language. You may click the link to switch the active language.Pazartesi g\u00fcn\u00fc sabah saatlerinden itibaren ya\u015fanan elektrik kesintileri T\u00fcrkiye\u2019nin bir\u00e7ok noktas\u0131nda hayat\u0131 olumsuz etkiledi. \u015eikayetvar verilerine g\u00f6re, t\u00fcketiciler en \u00e7ok kesintilerin habersiz yap\u0131lmas\u0131ndan, [&hellip;]<\/p>\n","protected":false},"author":1,"featured_media":139655,"comment_status":"open","ping_status":"open","sticky":false,"template":"","format":"standard","meta":[],"categories":[51,53],"tags":[94512,77645,53114,11276,52259,26931,87742],"views":160,"_links":{"self":[{"href":"https:\/\/www.enerjigazetesi.ist\/en\/wp-json\/wp\/v2\/posts\/139653"}],"collection":[{"href":"https:\/\/www.enerjigazetesi.ist\/en\/wp-json\/wp\/v2\/posts"}],"about":[{"href":"https:\/\/www.enerjigazetesi.ist\/en\/wp-json\/wp\/v2\/types\/post"}],"author":[{"embeddable":true,"href":"https:\/\/www.enerjigazetesi.ist\/en\/wp-json\/wp\/v2\/users\/1"}],"replies":[{"embeddable":true,"href":"https:\/\/www.enerjigazetesi.ist\/en\/wp-json\/wp\/v2\/comments?post=139653"}],"version-history":[{"count":0,"href":"https:\/\/www.enerjigazetesi.ist\/en\/wp-json\/wp\/v2\/posts\/139653\/revisions"}],"wp:featuredmedia":[{"embeddable":true,"href":"https:\/\/www.enerjigazetesi.ist\/en\/wp-json\/wp\/v2\/media\/139655"}],"wp:attachment":[{"href":"https:\/\/www.enerjigazetesi.ist\/en\/wp-json\/wp\/v2\/media?parent=139653"}],"wp:term":[{"taxonomy":"category","embeddable":true,"href":"https:\/\/www.enerjigazetesi.ist\/en\/wp-json\/wp\/v2\/categories?post=139653"},{"taxonomy":"post_tag","embeddable":true,"href":"https:\/\/www.enerjigazetesi.ist\/en\/wp-json\/wp\/v2\/tags?post=139653"}],"curies":[{"name":"wp","href":"https:\/\/api.w.org\/{rel}","templated":true}]}}