{"id":139609,"date":"2021-08-03T15:09:25","date_gmt":"2021-08-03T12:09:25","guid":{"rendered":"https:\/\/www.enerjigazetesi.ist\/?p=139609"},"modified":"2021-08-03T15:18:05","modified_gmt":"2021-08-03T12:18:05","slug":"turkiyenin-temmuz-ayi-enerji-uretim-maliyeti-yuzde-42-oraninda-artti","status":"publish","type":"post","link":"https:\/\/www.enerjigazetesi.ist\/en\/turkiyenin-temmuz-ayi-enerji-uretim-maliyeti-yuzde-42-oraninda-artti\/","title":{"rendered":"(Turkish) T\u00fcrkiye&#8217;nin Temmuz Ay\u0131 Enerji \u00dcretim Maliyeti % 42 Oran\u0131nda Artt\u0131"},"content":{"rendered":"<p class=\"qtranxs-available-languages-message qtranxs-available-languages-message-en\">Sorry, this entry is only available in <a href=\"https:\/\/www.enerjigazetesi.ist\/tr\/wp-json\/wp\/v2\/posts\/139609\" class=\"qtranxs-available-language-link qtranxs-available-language-link-tr\" title=\"Turkish\">Turkish<\/a>. For the sake of viewer convenience, the content is shown below in the alternative language. You may click the link to switch the active language.<\/p><p><strong>T\u00fcrkiye\u2019nin enerji \u00fcretim maliyeti Temmuz 2021&#8217;de bir \u00f6nceki y\u0131la g\u00f6re % 42\u2019den fazla art\u0131\u015f g\u00f6sterdi.<\/strong><\/p>\n<p><strong>T\u00fcrkiye \u0130statistik Kurumu (T\u00dc\u0130K)<\/strong> Temmuz 2021 ay\u0131\u00a0<strong>Yurt i\u00e7i<\/strong> <strong>\u00fcretici fiyat endeksi (Y\u0130-\u00dcFE)<\/strong> verilerine g\u00f6re,\u00a0<strong>Temmuz&#8217;da<\/strong> bir \u00f6nceki aya k\u0131yasla\u00a0<strong>% 4,12<\/strong> art\u0131\u015f g\u00f6sterirken <strong>bir \u00f6nceki y\u0131l\u0131n ayn\u0131 ay\u0131na<\/strong> k\u0131yas ile<strong>\u00a0% 42,42 oran\u0131nda<\/strong> artt\u0131.<\/p>\n<h2><strong><img loading=\"lazy\" class=\"alignright wp-image-139611\" src=\"https:\/\/www.enerjigazetesi.ist\/wp-content\/uploads\/2021\/08\/turkiyenin-temmuz-ayi-enerji-uretim-maliyeti-yuzde-42-oraninda-artti.jpg\" alt=\"\" width=\"320\" height=\"200\" srcset=\"https:\/\/www.enerjigazetesi.ist\/wp-content\/uploads\/2021\/08\/turkiyenin-temmuz-ayi-enerji-uretim-maliyeti-yuzde-42-oraninda-artti.jpg 480w, https:\/\/www.enerjigazetesi.ist\/wp-content\/uploads\/2021\/08\/turkiyenin-temmuz-ayi-enerji-uretim-maliyeti-yuzde-42-oraninda-artti-300x188.jpg 300w, https:\/\/www.enerjigazetesi.ist\/wp-content\/uploads\/2021\/08\/turkiyenin-temmuz-ayi-enerji-uretim-maliyeti-yuzde-42-oraninda-artti-80x50.jpg 80w\" sizes=\"(max-width: 320px) 100vw, 320px\" \/>Elektrik ve Do\u011falgaz&#8217;da Maliyetler % 15 Art\u0131\u015f G\u00f6sterdi<\/strong><\/h2>\n<p><strong>T\u00dc\u0130K Yurt i\u00e7i \u00fcretici fiyat endeksi (Y\u0130-\u00dcFE) verileri \u0131\u015f\u0131\u011f\u0131nda<\/strong> Temmuz&#8217;da sanayinin <strong>4 sekt\u00f6r\u00fc<\/strong>nden biri olan<strong> elektrik, gaz \u00fcretimi<\/strong> ve<strong> da\u011f\u0131t\u0131m\u0131 sekt\u00f6r\u00fcnde<\/strong> maliyetler bir \u00f6nceki y\u0131l\u0131n Temmuz ay\u0131na g\u00f6re <strong>%15,10\u00a0<\/strong>art\u0131\u015f kaydetti.\u00a0Sanayi&#8217;nin di\u011fer sekt\u00f6rlerinden <strong>madencilik<\/strong> ve <strong>ta\u015f ocak\u00e7\u0131l\u0131\u011f\u0131 sekt\u00f6r\u00fcnde<\/strong>\u00a0ise maliyet art\u0131\u015f\u0131\u00a0<strong>%34,35<\/strong> iken, <strong>imalat sekt\u00f6r\u00fc<\/strong>nde <strong>%47,86<\/strong> ve<strong> su temini sekt\u00f6r\u00fc<\/strong>nde <strong>%28,34&#8217;l\u00fck <\/strong>bir art\u0131\u015f ya\u015fand\u0131.<\/p>\n<p>Y\u0131l\u0131n <strong>en d\u00fc\u015f\u00fck art\u0131\u015f\u0131<\/strong> ise\u00a0<strong>%15,10<\/strong>&#8216;la\u00a0<strong>elektrik, gaz, buhar<\/strong> ve<strong> iklimlendirme \u00fcretimi<\/strong> ve <strong>da\u011f\u0131t\u0131m\u0131nda<\/strong> olurken\u00a0<strong>ham petrol <\/strong>ve <strong>do\u011falgaz <\/strong><em>%120,24<\/em>, <strong>kok ve rafine petrol \u00fcr\u00fcnleri <\/strong><em>%110,98<\/em>, ana metaller <strong>%108,50<\/strong> ile endekslerde en fazla art\u0131\u015f g\u00f6steren\u00a0<strong>alt sekt\u00f6rler<\/strong> oldu.<\/p>\n<p>\u0130laveten\u00a0<strong>k\u00f6m\u00fcr<\/strong> ve <strong>linyit \u00fcretimdeki<\/strong> maliyetler ise\u00a0<strong>%24,42<\/strong> ve <strong>elektrik te\u00e7hizat \u00fcretimi maliyetleri<\/strong> de <strong>%40,37<\/strong>&#8216;lik art\u0131\u015f g\u00f6sterdi.<\/p>","protected":false},"excerpt":{"rendered":"<p>Sorry, this entry is only available in Turkish. For the sake of viewer convenience, the content is shown below in the alternative language. You may click the link to switch the active language.T\u00fcrkiye\u2019nin enerji \u00fcretim maliyeti Temmuz 2021&#8217;de bir \u00f6nceki y\u0131la g\u00f6re % 42\u2019den fazla art\u0131\u015f g\u00f6sterdi. T\u00fcrkiye \u0130statistik Kurumu (T\u00dc\u0130K) Temmuz 2021 ay\u0131\u00a0Yurt i\u00e7i [&hellip;]<\/p>\n","protected":false},"author":1,"featured_media":139611,"comment_status":"open","ping_status":"open","sticky":false,"template":"","format":"standard","meta":[],"categories":[46,51,53,24649,44],"tags":[92,68,53114,94448,63,52259,84453,56147,93054,94449,6638,53315,52920,59,17211,2357,94447,93055,66309],"views":240,"_links":{"self":[{"href":"https:\/\/www.enerjigazetesi.ist\/en\/wp-json\/wp\/v2\/posts\/139609"}],"collection":[{"href":"https:\/\/www.enerjigazetesi.ist\/en\/wp-json\/wp\/v2\/posts"}],"about":[{"href":"https:\/\/www.enerjigazetesi.ist\/en\/wp-json\/wp\/v2\/types\/post"}],"author":[{"embeddable":true,"href":"https:\/\/www.enerjigazetesi.ist\/en\/wp-json\/wp\/v2\/users\/1"}],"replies":[{"embeddable":true,"href":"https:\/\/www.enerjigazetesi.ist\/en\/wp-json\/wp\/v2\/comments?post=139609"}],"version-history":[{"count":0,"href":"https:\/\/www.enerjigazetesi.ist\/en\/wp-json\/wp\/v2\/posts\/139609\/revisions"}],"wp:featuredmedia":[{"embeddable":true,"href":"https:\/\/www.enerjigazetesi.ist\/en\/wp-json\/wp\/v2\/media\/139611"}],"wp:attachment":[{"href":"https:\/\/www.enerjigazetesi.ist\/en\/wp-json\/wp\/v2\/media?parent=139609"}],"wp:term":[{"taxonomy":"category","embeddable":true,"href":"https:\/\/www.enerjigazetesi.ist\/en\/wp-json\/wp\/v2\/categories?post=139609"},{"taxonomy":"post_tag","embeddable":true,"href":"https:\/\/www.enerjigazetesi.ist\/en\/wp-json\/wp\/v2\/tags?post=139609"}],"curies":[{"name":"wp","href":"https:\/\/api.w.org\/{rel}","templated":true}]}}