{"id":139569,"date":"2021-08-03T13:18:41","date_gmt":"2021-08-03T10:18:41","guid":{"rendered":"https:\/\/www.enerjigazetesi.ist\/?p=139569"},"modified":"2021-08-03T13:19:01","modified_gmt":"2021-08-03T10:19:01","slug":"turkiyenin-ruzgar-ve-gunesten-enerji-uretimi-yuzde-9-4-oraninda-artti","status":"publish","type":"post","link":"https:\/\/www.enerjigazetesi.ist\/en\/turkiyenin-ruzgar-ve-gunesten-enerji-uretimi-yuzde-9-4-oraninda-artti\/","title":{"rendered":"(Turkish) T\u00fcrkiye\u2019nin R\u00fczgar ve G\u00fcne\u015f&#8217;ten Enerji \u00dcretimi % 9.4 Oran\u0131nda Artt\u0131"},"content":{"rendered":"<p class=\"qtranxs-available-languages-message qtranxs-available-languages-message-en\">Sorry, this entry is only available in <a href=\"https:\/\/www.enerjigazetesi.ist\/tr\/wp-json\/wp\/v2\/posts\/139569\" class=\"qtranxs-available-language-link qtranxs-available-language-link-tr\" title=\"Turkish\">Turkish<\/a>. For the sake of viewer convenience, the content is shown below in the alternative language. You may click the link to switch the active language.<\/p><p><strong>2020 y\u0131l\u0131nda r\u00fczgar ve g\u00fcne\u015f yenilenebilir enerji kaynaklar\u0131ndan elektrik \u00fcretimi 9.4&#8217;l\u00fck art\u0131\u015f g\u00f6stererek, T\u00fcrkiye&#8217;nin elektrik \u00fcretiminin % 12&#8217;sini olu\u015fturdu.\u00a0<\/strong><strong>T\u00fcrkiye\u2019nin yenilenebilir enerji alan\u0131nda her ge\u00e7en g\u00fcn daha da ilerledi\u011fini belirten <em><u>Yenilenebilir Enerji Ara\u015ft\u0131rmalar\u0131 Derne\u011fi (YENADER)<\/u><\/em><\/strong><strong> Ba\u015fkan\u0131 Prof. Dr. Kerem Alkin,<\/strong><strong> yenilenebilir enerji alan\u0131nda ya\u015fanan geli\u015fmeler sevindirici olsa da, T\u00fcrkiye\u2019nin ola\u011fan\u00fcst\u00fc potansiyeli dikkate al\u0131nd\u0131\u011f\u0131nda, Avrupa\u2019da ilk 3\u2019e, d\u00fcnyada ilk 5\u2019e oynayabilece\u011fini vurgulad\u0131.<\/strong><\/p>\n<p>\u00dclkeler h\u0131zla temiz enerji kaynaklar\u0131na ge\u00e7i\u015fe y\u00f6nelirken, k\u00fcresel enerji sekt\u00f6r\u00fc de k\u00f6kl\u00fc bir de\u011fi\u015fimden<strong><img loading=\"lazy\" class=\"alignright wp-image-139571\" src=\"https:\/\/www.enerjigazetesi.ist\/wp-content\/uploads\/2021\/08\/turkiye-nin-ruzgar-ve-gunesten-enerji-uretimi-yuzde-9-4-oraninda-artti.jpg\" alt=\"\" width=\"320\" height=\"202\" srcset=\"https:\/\/www.enerjigazetesi.ist\/wp-content\/uploads\/2021\/08\/turkiye-nin-ruzgar-ve-gunesten-enerji-uretimi-yuzde-9-4-oraninda-artti.jpg 550w, https:\/\/www.enerjigazetesi.ist\/wp-content\/uploads\/2021\/08\/turkiye-nin-ruzgar-ve-gunesten-enerji-uretimi-yuzde-9-4-oraninda-artti-300x189.jpg 300w, https:\/\/www.enerjigazetesi.ist\/wp-content\/uploads\/2021\/08\/turkiye-nin-ruzgar-ve-gunesten-enerji-uretimi-yuzde-9-4-oraninda-artti-500x315.jpg 500w, https:\/\/www.enerjigazetesi.ist\/wp-content\/uploads\/2021\/08\/turkiye-nin-ruzgar-ve-gunesten-enerji-uretimi-yuzde-9-4-oraninda-artti-80x50.jpg 80w\" sizes=\"(max-width: 320px) 100vw, 320px\" \/><\/strong> ge\u00e7iyor. <strong>Kesintisiz<\/strong> ve <strong>g\u00fcvenilir<\/strong> enerji tedariki \u00fclkelerin temel politikalar\u0131ndan biri haline geliyor.<\/p>\n<p>Fosil yak\u0131tlardan sa\u011flanan <strong>enerji g\u00fcvenli\u011finin<\/strong> uluslararas\u0131 alanda gelecek a\u00e7\u0131s\u0131ndan yeni bir risk alan\u0131 olarak art\u0131k daha fazla tan\u0131mlan\u0131yor olmas\u0131, <strong>temiz<\/strong> ve <strong>yenilenebilir enerjiye ge\u00e7i\u015fi<\/strong> ivmelendiren gerek\u00e7elerin ba\u015f\u0131n\u0131 olu\u015fturuyor.<\/p>\n<h2><strong>% 9,4\u2019L\u00dcK ARTI\u015e <\/strong><\/h2>\n<p>2020 y\u0131l\u0131nda r\u00fczgar ve g\u00fcne\u015f enerjisi kaynaklar\u0131ndan elektrik \u00fcretimi, T\u00fcrkiye&#8217;nin elektrik \u00fcretiminin % 12&#8217;sini olu\u015fturdu. <strong>R\u00fczgar<\/strong> ve <strong>g\u00fcne\u015ften elektrik \u00fcretiminde<\/strong> ya\u015fanan <strong>9.4&#8217;l\u00fck<\/strong> art\u0131\u015f, d\u00fcnya ortalamas\u0131n\u0131n \u00fczerinde ve <strong>ABD\u2019de<\/strong> ger\u00e7ekle\u015fen art\u0131\u015f oranlar\u0131na k\u0131yasla olduk\u00e7a y\u00fcksek olarak ger\u00e7ekle\u015fti.<\/p>\n<p>D\u00fcnya\u2019n\u0131n r\u00fczgar ve g\u00fcne\u015f enerjisi \u00fcretim pay\u0131n\u0131 son 5 y\u0131lda 2&#8217;ye katland\u0131\u011f\u0131n\u0131 belirten <strong>Yenilenebilir Enerji Ara\u015ft\u0131rmalar\u0131 Derne\u011fi (YENADER) Ba\u015fkan\u0131 Prof. Dr. Kerem Alkin: <\/strong><em>\u201cBu durum T\u00fcrkiye ile k\u0131yasland\u0131\u011f\u0131nda, \u00fclkemizde r\u00fczgar ve g\u00fcne\u015f enerjisi \u00fcretim pay\u0131n\u0131n %4&#8217;ten %12&#8217;ye \u00e7\u0131karak \u00fc\u00e7 kat olarak ger\u00e7ekle\u015fti\u011fi g\u00f6r\u00fcl\u00fcyor\u201d dedi.<\/em><\/p>\n<h2><strong>\u201cFOS\u0130L GAZ \u00dcRET\u0130M\u0130NDEK\u0130 ARTI\u015e K\u00d6M\u00dcR \u00dcRET\u0130M\u0130N\u0130 GER\u0130DE BIRAKTI\u201d<\/strong><\/h2>\n<p>T\u00fcrkiye\u2019nin <strong>k\u00f6m\u00fcr \u00fcretiminin<\/strong> birbirini takip eden <strong>2 y\u0131l boyunca<\/strong> d\u00fc\u015ft\u00fc\u011f\u00fc g\u00f6r\u00fcl\u00fcyor. \u0130ki y\u0131l boyunca ger\u00e7ekle\u015fen durgun elektrik talebi ve her ge\u00e7en g\u00fcn artan r\u00fczgar ve g\u00fcne\u015f enerjisi \u00fcretiminin k\u00f6m\u00fcrden sa\u011flanan elektrik \u00fcretimini azaltt\u0131\u011f\u0131n\u0131 s\u00f6yleyen <strong>Prof.<\/strong> <strong>Dr. Kerem Alkin, <\/strong>a\u00e7\u0131klamalar\u0131na \u015fu \u015fekilde devam etti:<\/p>\n<p><em>\u201c<strong>K\u00f6m\u00fcrden elektrik \u00fcretiminde<\/strong> ya\u015fanan<strong> 7 TWh<\/strong>&#8216;lik d\u00fc\u015f\u00fc\u015f, son iki y\u0131lda elektrik talebindeki art\u0131\u015f\u0131n ge\u00e7ici olarak durmas\u0131yla ger\u00e7ekle\u015firken, 2020\u2019de talep sadece <strong>%0,6<\/strong> artt\u0131. Ayr\u0131ca 2020&#8217;de fosil gaz \u00fcretimindeki art\u0131\u015f da k\u00f6m\u00fcr \u00fcretiminin geride kalmas\u0131na neden oldu. T\u00fcrkiye\u2019nin Karadeniz\u2019deki <strong>gaz hamlesi<\/strong> de, <strong>yenilenebilir enerji alan\u0131ndaki yat\u0131r\u0131mlar<\/strong> da T\u00fcrkiye\u2019nin enerji alan\u0131nda d\u0131\u015fa ba\u011f\u0131ml\u0131l\u0131\u011f\u0131n\u0131 h\u0131zla azaltacak ve T\u00fcrkiye\u2019yi cari fazla veren \u00fclke konumuna getirecek.\u201d<\/em><\/p>\n<h2><strong>SON 10 YILDA REKOR SEV\u0130YELER<\/strong><\/h2>\n<p>IRENA\u2019n\u0131n yay\u0131nlad\u0131\u011f\u0131 <strong>Temiz Enerji Ge\u00e7i\u015flerinin G\u00fcvenli\u011fi Temmuz 2021<\/strong> <strong>raporu<\/strong>na g\u00f6re, 2030&#8217;a kadar olan d\u00f6nemde temiz enerji ge\u00e7i\u015fleri, b\u00fcy\u00fck \u00f6l\u00e7\u00fcde elektrik \u00fcretimi i\u00e7in de\u011fi\u015fken yenilenebilir kaynaklara dayanacak. Son <strong>10<\/strong> y\u0131lda <strong>r\u00fczgar<\/strong> ve <strong>g\u00fcne\u015f fotovoltaik (PV) enerji<\/strong> \u00fcretimindeki \u00f6nemli maliyet d\u00fc\u015f\u00fc\u015fleri, rekor d\u00fczeydeki geni\u015fleme seviyelerinin temelini olu\u015fturuyor. <strong>2020<\/strong>&#8216;de <strong>Solar PV<\/strong> kapasitesi <strong>135 gigawatt (GW)<\/strong> ve r\u00fczgar kapasitesi <strong>114 GW<\/strong> ile, <strong>Covid-19<\/strong> pandemisi kaynakl\u0131 <strong>k\u00fcresel elektrik talebi<\/strong> azalt\u0131rken bile artt\u0131. <strong>Net S\u0131f\u0131r Yol Haritas\u0131<\/strong>, yenilenebilir <strong>enerji da\u011f\u0131t\u0131m\u0131<\/strong> ve <strong>enerji g\u00fcvenli\u011fi<\/strong> i\u00e7in \u00f6nemli yararlar sa\u011fl\u0131yor.<\/p>","protected":false},"excerpt":{"rendered":"<p>Sorry, this entry is only available in Turkish. For the sake of viewer convenience, the content is shown below in the alternative language. You may click the link to switch the active language.2020 y\u0131l\u0131nda r\u00fczgar ve g\u00fcne\u015f yenilenebilir enerji kaynaklar\u0131ndan elektrik \u00fcretimi 9.4&#8217;l\u00fck art\u0131\u015f g\u00f6stererek, T\u00fcrkiye&#8217;nin elektrik \u00fcretiminin % 12&#8217;sini olu\u015fturdu.\u00a0T\u00fcrkiye\u2019nin yenilenebilir enerji alan\u0131nda her [&hellip;]<\/p>\n","protected":false},"author":1,"featured_media":139571,"comment_status":"open","ping_status":"open","sticky":false,"template":"","format":"standard","meta":[],"categories":[51,53,49,50],"tags":[5070,52259,53157,57216,53282,74963],"views":296,"_links":{"self":[{"href":"https:\/\/www.enerjigazetesi.ist\/en\/wp-json\/wp\/v2\/posts\/139569"}],"collection":[{"href":"https:\/\/www.enerjigazetesi.ist\/en\/wp-json\/wp\/v2\/posts"}],"about":[{"href":"https:\/\/www.enerjigazetesi.ist\/en\/wp-json\/wp\/v2\/types\/post"}],"author":[{"embeddable":true,"href":"https:\/\/www.enerjigazetesi.ist\/en\/wp-json\/wp\/v2\/users\/1"}],"replies":[{"embeddable":true,"href":"https:\/\/www.enerjigazetesi.ist\/en\/wp-json\/wp\/v2\/comments?post=139569"}],"version-history":[{"count":0,"href":"https:\/\/www.enerjigazetesi.ist\/en\/wp-json\/wp\/v2\/posts\/139569\/revisions"}],"wp:featuredmedia":[{"embeddable":true,"href":"https:\/\/www.enerjigazetesi.ist\/en\/wp-json\/wp\/v2\/media\/139571"}],"wp:attachment":[{"href":"https:\/\/www.enerjigazetesi.ist\/en\/wp-json\/wp\/v2\/media?parent=139569"}],"wp:term":[{"taxonomy":"category","embeddable":true,"href":"https:\/\/www.enerjigazetesi.ist\/en\/wp-json\/wp\/v2\/categories?post=139569"},{"taxonomy":"post_tag","embeddable":true,"href":"https:\/\/www.enerjigazetesi.ist\/en\/wp-json\/wp\/v2\/tags?post=139569"}],"curies":[{"name":"wp","href":"https:\/\/api.w.org\/{rel}","templated":true}]}}