{"id":139532,"date":"2021-08-02T15:04:05","date_gmt":"2021-08-02T12:04:05","guid":{"rendered":"https:\/\/www.enerjigazetesi.ist\/?p=139532"},"modified":"2021-08-02T15:07:12","modified_gmt":"2021-08-02T12:07:12","slug":"yenikoy-kemerkoy-santralleri-yangin-ile-ilgili-kamuoyu-aciklamasi","status":"publish","type":"post","link":"https:\/\/www.enerjigazetesi.ist\/en\/yenikoy-kemerkoy-santralleri-yangin-ile-ilgili-kamuoyu-aciklamasi\/","title":{"rendered":"(Turkish) &#8217;Yenik\u00f6y Kemerk\u00f6y Santralleri&#8217; Yang\u0131n ile \u0130lgili Kamuoyu A\u00e7\u0131klamas\u0131"},"content":{"rendered":"<p class=\"qtranxs-available-languages-message qtranxs-available-languages-message-en\">Sorry, this entry is only available in <a href=\"https:\/\/www.enerjigazetesi.ist\/tr\/wp-json\/wp\/v2\/posts\/139532\" class=\"qtranxs-available-language-link qtranxs-available-language-link-tr\" title=\"Turkish\">Turkish<\/a>. For the sake of viewer convenience, the content is shown below in the alternative language. You may click the link to switch the active language.<\/p><p><strong>\u0130ktisadi Kalk\u0131nma Vakf\u0131 \u0130stanbul AB Bilgi Merkezi ve T\u00dcRKONFED, Avrupa\u2019n\u0131n ye\u015fil d\u00f6n\u00fc\u015f\u00fcm g\u00fcndemi konusunda fark\u0131ndal\u0131k yaratmak amac\u0131yla bir webinar d\u00fczenliyor. Konrad Adenauer Stiftung ve D\u00fcnya Gazetesi i\u015f birli\u011fiyle 03 A\u011fustos 2021 Sal\u0131 g\u00fcn\u00fc saat 10.00\u2019da ger\u00e7ekle\u015fecek \u201cAvrupa Ye\u015fil Mutabakat\u0131 Finansman Destekleri\u201d temal\u0131 etkinlikte, bu alandaki finansman destekleri ve te\u015fvikler ile d\u00f6n\u00fc\u015f\u00fcm\u00fcn rekabet\u00e7ili\u011fe y\u00f6nelik etkileri t\u00fcm y\u00f6nleriyle ele al\u0131nacak. <\/strong><\/p>\n<p><strong><em>2 A\u011fustos 2021 \/ \u0130stanbul <\/em><\/strong><em>\u2013<\/em> Avrupa Komisyonu taraf\u0131ndan, Avrupa\u2019y\u0131 2050 y\u0131l\u0131na kadar<strong> iklim n\u00f6tr hale getirmek<\/strong> ve AB ekonomisinin <strong>s\u00fcrd\u00fcr\u00fclebilir olmas\u0131n\u0131<\/strong> sa\u011flamak amac\u0131yla 2019 y\u0131l\u0131nda yay\u0131mlanan <strong>Avrupa Ye\u015fil Mutabakat\u0131 (AYM)<\/strong>, i\u015f d\u00fcnyas\u0131n\u0131n \u00f6ncelikli g\u00fcndem maddelerinden birini olu\u015fturuyor. <img loading=\"lazy\" class=\"alignright wp-image-139534\" src=\"https:\/\/www.enerjigazetesi.ist\/wp-content\/uploads\/2021\/08\/yenikoy-kemerkoy-santralleri-yangin-ile-ilgili-kamuoyu-aciklamasi.jpg\" alt=\"\" width=\"320\" height=\"202\" srcset=\"https:\/\/www.enerjigazetesi.ist\/wp-content\/uploads\/2021\/08\/yenikoy-kemerkoy-santralleri-yangin-ile-ilgili-kamuoyu-aciklamasi.jpg 491w, https:\/\/www.enerjigazetesi.ist\/wp-content\/uploads\/2021\/08\/yenikoy-kemerkoy-santralleri-yangin-ile-ilgili-kamuoyu-aciklamasi-300x189.jpg 300w, https:\/\/www.enerjigazetesi.ist\/wp-content\/uploads\/2021\/08\/yenikoy-kemerkoy-santralleri-yangin-ile-ilgili-kamuoyu-aciklamasi-80x50.jpg 80w\" sizes=\"(max-width: 320px) 100vw, 320px\" \/><strong>\u0130ktisadi Kalk\u0131nma Vakf\u0131 (\u0130KV) \u0130stanbul AB Bilgi Merkezi <\/strong>ve <strong>T\u00fcrk Giri\u015fim ve \u0130\u015f D\u00fcnyas\u0131 Konfederasyonu (T\u00dcRKONFED)<\/strong>, bu konuda fark\u0131ndal\u0131k yaratmak \u00fczere <strong>Konrad Adenauer Stiftung <\/strong>ve<strong> D\u00fcnya Gazetesi<\/strong> i\u015f birli\u011fi ile <strong>\u201cAvrupa Ye\u015fil Mutabakat\u0131 Finansman Destekleri\u201d<\/strong> ba\u015fl\u0131kl\u0131 \u00e7evrim i\u00e7i bir etkinlik d\u00fczenleyecek. Ye\u015fil d\u00f6n\u00fc\u015f\u00fcm\u00fcn bir par\u00e7as\u0131 olmay\u0131 hedefleyen \u015firketler i\u00e7in \u00f6ng\u00f6r\u00fclen <strong>finansman destekleri<\/strong> ve <strong>te\u015fvikler<\/strong> konusunda bilgi payla\u015f\u0131m\u0131n\u0131n yap\u0131laca\u011f\u0131 etkinlikte, <strong>Avrupa Ye\u015fil Mutabakat\u0131<\/strong>\u2019n\u0131n rekabet\u00e7ili\u011fe etkileri de masaya yat\u0131r\u0131lacak.<\/p>\n<p>Etkinli\u011fin a\u00e7\u0131l\u0131\u015f konu\u015fmalar\u0131n\u0131 <strong>T.C. D\u0131\u015fi\u015fleri Bakan Yard\u0131mc\u0131s\u0131 ve<\/strong> <strong>AB Ba\u015fkan\u0131 B\u00fcy\u00fckel\u00e7i Faruk Kaymakc\u0131,<\/strong> <strong>T\u00dcRKONFED Y\u00f6netim Kurulu Ba\u015fkan\u0131 Orhan Turan <\/strong>ve<strong> \u0130KV Y\u00f6netim Kurulu Ba\u015fkan\u0131 Ayhan Zeytino\u011flu <\/strong>ger\u00e7ekle\u015ftirecek.<\/p>\n<h2><strong>Panelde finansman destekleri konu\u015fulacak<\/strong><\/h2>\n<p>A\u00e7\u0131l\u0131\u015f konu\u015fmalar\u0131n\u0131n ard\u0131ndan <strong>T\u00dcRKONFED Ekonomi Dan\u0131\u015fman\u0131 Nazl\u0131 Karamollao\u011flu, KOSGEB Teknoloji, Yenilik ve Yerlile\u015ftirme Dairesi Ba\u015fkan\u0131 Mehmet G\u00f6rkem G\u00fcrb\u00fcz, EBRD T\u00fcrkiye Ye\u015fil Ekonomi ve \u0130klim Eylemleri Y\u00f6neticisi Emre O\u011fuz\u00f6nc\u00fcl <\/strong>ve<strong> Konrad Adenauer Stiftung Politika Dan\u0131\u015fman\u0131 Oliver Morwinsky<\/strong>\u2019nin kat\u0131l\u0131m\u0131yla <strong>\u201cAvrupa Ye\u015fil Mutabakat\u0131 Finansman Destekleri\u201d<\/strong> paneli d\u00fczenlenecek. Etkinli\u011fin moderat\u00f6rl\u00fc\u011f\u00fcn\u00fc ise <strong>D\u00fcnya Gazetesi Yazar\u0131 Didem Eryar \u00dcnl\u00fc<\/strong> \u00fcstlenecek.<\/p>\n<p><strong>03 A\u011fustos 2021<\/strong> Sal\u0131 g\u00fcn\u00fc, <strong>10.00-11.30<\/strong> saatleri aras\u0131nda d\u00fczenlenecek <strong>\u00e7evrim i\u00e7i toplant\u0131<\/strong>, <strong>T\u00dcRKONFED Youtube hesab\u0131<\/strong>ndan <strong>T\u00fcrk\u00e7e, Zoom platformu<\/strong>ndan ise <strong>T\u00fcrk\u00e7e-\u0130ngilizce simultane terc\u00fcme se\u00e7ene\u011fiyle<\/strong> takip edilebilir.<\/p>\n<p><strong>YouTube: <\/strong><a href=\"https:\/\/www.youtube.com\/watch?v=EIqL0ldAIQQ\">https:\/\/www.youtube.com\/watch?v=EIqL0ldAIQQ<\/a><strong>\u00a0<\/strong><strong>\u00a0\u00a0<\/strong><\/p>\n<p><strong>Simultane \u00c7eviri Deste\u011fiyle \u0130zlemek i\u00e7in<\/strong><strong>:<\/strong> <a href=\"https:\/\/us06web.zoom.us\/j\/86902826746\">https:\/\/us06web.zoom.us\/j\/86902826746<\/a><strong>\u00a0<\/strong><strong>\u00a0\u00a0\u00a0<\/strong><\/p>","protected":false},"excerpt":{"rendered":"<p>Sorry, this entry is only available in Turkish. For the sake of viewer convenience, the content is shown below in the alternative language. You may click the link to switch the active language.\u0130ktisadi Kalk\u0131nma Vakf\u0131 \u0130stanbul AB Bilgi Merkezi ve T\u00dcRKONFED, Avrupa\u2019n\u0131n ye\u015fil d\u00f6n\u00fc\u015f\u00fcm g\u00fcndemi konusunda fark\u0131ndal\u0131k yaratmak amac\u0131yla bir webinar d\u00fczenliyor. Konrad Adenauer Stiftung [&hellip;]<\/p>\n","protected":false},"author":1,"featured_media":139534,"comment_status":"open","ping_status":"open","sticky":false,"template":"","format":"standard","meta":[],"categories":[53],"tags":[79082,87402,94365,94368,94366,94364],"views":164,"_links":{"self":[{"href":"https:\/\/www.enerjigazetesi.ist\/en\/wp-json\/wp\/v2\/posts\/139532"}],"collection":[{"href":"https:\/\/www.enerjigazetesi.ist\/en\/wp-json\/wp\/v2\/posts"}],"about":[{"href":"https:\/\/www.enerjigazetesi.ist\/en\/wp-json\/wp\/v2\/types\/post"}],"author":[{"embeddable":true,"href":"https:\/\/www.enerjigazetesi.ist\/en\/wp-json\/wp\/v2\/users\/1"}],"replies":[{"embeddable":true,"href":"https:\/\/www.enerjigazetesi.ist\/en\/wp-json\/wp\/v2\/comments?post=139532"}],"version-history":[{"count":0,"href":"https:\/\/www.enerjigazetesi.ist\/en\/wp-json\/wp\/v2\/posts\/139532\/revisions"}],"wp:featuredmedia":[{"embeddable":true,"href":"https:\/\/www.enerjigazetesi.ist\/en\/wp-json\/wp\/v2\/media\/139534"}],"wp:attachment":[{"href":"https:\/\/www.enerjigazetesi.ist\/en\/wp-json\/wp\/v2\/media?parent=139532"}],"wp:term":[{"taxonomy":"category","embeddable":true,"href":"https:\/\/www.enerjigazetesi.ist\/en\/wp-json\/wp\/v2\/categories?post=139532"},{"taxonomy":"post_tag","embeddable":true,"href":"https:\/\/www.enerjigazetesi.ist\/en\/wp-json\/wp\/v2\/tags?post=139532"}],"curies":[{"name":"wp","href":"https:\/\/api.w.org\/{rel}","templated":true}]}}