{"id":139454,"date":"2021-08-01T22:03:58","date_gmt":"2021-08-01T19:03:58","guid":{"rendered":"https:\/\/www.enerjigazetesi.ist\/?p=139454"},"modified":"2021-08-01T22:05:04","modified_gmt":"2021-08-01T19:05:04","slug":"kocaeli-ndeki-su-aritma-tesisi-tukettiginden-fazlasini-gunesten-uretiyor","status":"publish","type":"post","link":"https:\/\/www.enerjigazetesi.ist\/en\/kocaeli-ndeki-su-aritma-tesisi-tukettiginden-fazlasini-gunesten-uretiyor\/","title":{"rendered":"(Turkish) &#8217;Kocaeli&#8217;ndeki Su Ar\u0131tma Tesisi T\u00fcketti\u011finden Fazlas\u0131n\u0131 G\u00fcne\u015ften \u00dcretiyor"},"content":{"rendered":"<p class=\"qtranxs-available-languages-message qtranxs-available-languages-message-en\">Sorry, this entry is only available in <a href=\"https:\/\/www.enerjigazetesi.ist\/tr\/wp-json\/wp\/v2\/posts\/139454\" class=\"qtranxs-available-language-link qtranxs-available-language-link-tr\" title=\"Turkish\">Turkish<\/a>. For the sake of viewer convenience, the content is shown below in the alternative language. You may click the link to switch the active language.<\/p><p><strong>Kocaeli&#8217;de i\u00e7me suyu ar\u0131tma tesisinde kurulumu yap\u0131lm\u0131\u015f olan g\u00fcne\u015f enerjisi santrallerinin g\u00fcc\u00fc art\u0131r\u0131l\u0131rken ar\u0131tma tesisi enerji ihtiyac\u0131n\u0131n % 22&#8217;den fazlas\u0131n\u0131 do\u011fal kaynaktan elde ederek, t\u00fcketti\u011finden fazlas\u0131n\u0131 g\u00fcne\u015ften \u00fcreten bir tesis haline geldi.<\/strong><\/p>\n<p class=\"_113018\">B\u00f6ylece <strong>ar\u0131tma tesisi<\/strong> toplam <strong>2 MW<\/strong> g\u00fcce ula\u015fan <strong>g\u00fcne\u015f enerjisi santralleriyle<\/strong> enerji ihtiyac\u0131n\u0131n <strong>% <img loading=\"lazy\" class=\"alignright wp-image-139456\" src=\"https:\/\/www.enerjigazetesi.ist\/wp-content\/uploads\/2021\/08\/kocaeli-ndeki-su-aritma-tesisi-tukettiginden-fazlasini-gunesten-uretiyor.jpg\" alt=\"\" width=\"320\" height=\"187\" srcset=\"https:\/\/www.enerjigazetesi.ist\/wp-content\/uploads\/2021\/08\/kocaeli-ndeki-su-aritma-tesisi-tukettiginden-fazlasini-gunesten-uretiyor.jpg 550w, https:\/\/www.enerjigazetesi.ist\/wp-content\/uploads\/2021\/08\/kocaeli-ndeki-su-aritma-tesisi-tukettiginden-fazlasini-gunesten-uretiyor-300x176.jpg 300w, https:\/\/www.enerjigazetesi.ist\/wp-content\/uploads\/2021\/08\/kocaeli-ndeki-su-aritma-tesisi-tukettiginden-fazlasini-gunesten-uretiyor-500x293.jpg 500w, https:\/\/www.enerjigazetesi.ist\/wp-content\/uploads\/2021\/08\/kocaeli-ndeki-su-aritma-tesisi-tukettiginden-fazlasini-gunesten-uretiyor-80x47.jpg 80w\" sizes=\"(max-width: 320px) 100vw, 320px\" \/>22<\/strong>&#8216;den fazlas\u0131n\u0131 do\u011fal kaynaktan elde ederek, t\u00fcketti\u011finden fazlas\u0131n\u0131 <strong>g\u00fcne\u015ften \u00fcreten<\/strong> bir tesis haline geldi.<\/p>\n<p class=\"_113018\">Toplam<strong>\u00a014,2 milyon<\/strong> lira yat\u0131r\u0131m bedeli ile\u00a0<strong>1050 hanenin<\/strong>\u00a0y\u0131ll\u0131k <strong>enerji t\u00fcketimine<\/strong> denk \u00fcretim ger\u00e7ekle\u015ftiren santralin\u00a0<strong>25 y\u0131ll\u0131k<\/strong> ekonomik \u00f6mr\u00fc bulunurken bug\u00fcnk\u00fc rakamlarla<strong> 77 milyon lira<\/strong> gelir sa\u011flamas\u0131 planlan\u0131rken\u00a0g\u00fcncel rakamlarla <strong>63 milyon liral\u0131k<\/strong> <em>enerji tasarruf sa\u011flanacak<\/em> olup tesisin giri\u015finde bulunan\u00a0<strong>2.300 kW<\/strong> kapasiteli <strong>hidroelektrik santrali<\/strong> de y\u0131ll\u0131k ortalama <strong>9 milyon 50 bin kWh<\/strong> elektrik \u00fcreterek, yakla\u015f\u0131k<strong> 3 bin 200 hanenin<\/strong> y\u0131ll\u0131k ihtiyac\u0131na denk \u00fcretim yapabiliyor.<\/p>\n<p>Kaynak: <a href=\"https:\/\/www.ntv.com.tr\/yerel-haberler\/kocaeli\/kocaelide-kurulan-gunes-enerjisi-santrallerinin-gucu-artirildi,34iRiCF0wkSJTj8MPdoHlQ\" target=\"_blank\" rel=\"nofollow noopener\">NTV<\/a><\/p>","protected":false},"excerpt":{"rendered":"<p>Sorry, this entry is only available in Turkish. For the sake of viewer convenience, the content is shown below in the alternative language. You may click the link to switch the active language.Kocaeli&#8217;de i\u00e7me suyu ar\u0131tma tesisinde kurulumu yap\u0131lm\u0131\u015f olan g\u00fcne\u015f enerjisi santrallerinin g\u00fcc\u00fc art\u0131r\u0131l\u0131rken ar\u0131tma tesisi enerji ihtiyac\u0131n\u0131n % 22&#8217;den fazlas\u0131n\u0131 do\u011fal kaynaktan elde [&hellip;]<\/p>\n","protected":false},"author":1,"featured_media":139456,"comment_status":"open","ping_status":"open","sticky":false,"template":"","format":"standard","meta":[],"categories":[51,53,49],"tags":[5070,52259,53157,60270,90159,54979],"views":199,"_links":{"self":[{"href":"https:\/\/www.enerjigazetesi.ist\/en\/wp-json\/wp\/v2\/posts\/139454"}],"collection":[{"href":"https:\/\/www.enerjigazetesi.ist\/en\/wp-json\/wp\/v2\/posts"}],"about":[{"href":"https:\/\/www.enerjigazetesi.ist\/en\/wp-json\/wp\/v2\/types\/post"}],"author":[{"embeddable":true,"href":"https:\/\/www.enerjigazetesi.ist\/en\/wp-json\/wp\/v2\/users\/1"}],"replies":[{"embeddable":true,"href":"https:\/\/www.enerjigazetesi.ist\/en\/wp-json\/wp\/v2\/comments?post=139454"}],"version-history":[{"count":0,"href":"https:\/\/www.enerjigazetesi.ist\/en\/wp-json\/wp\/v2\/posts\/139454\/revisions"}],"wp:featuredmedia":[{"embeddable":true,"href":"https:\/\/www.enerjigazetesi.ist\/en\/wp-json\/wp\/v2\/media\/139456"}],"wp:attachment":[{"href":"https:\/\/www.enerjigazetesi.ist\/en\/wp-json\/wp\/v2\/media?parent=139454"}],"wp:term":[{"taxonomy":"category","embeddable":true,"href":"https:\/\/www.enerjigazetesi.ist\/en\/wp-json\/wp\/v2\/categories?post=139454"},{"taxonomy":"post_tag","embeddable":true,"href":"https:\/\/www.enerjigazetesi.ist\/en\/wp-json\/wp\/v2\/tags?post=139454"}],"curies":[{"name":"wp","href":"https:\/\/api.w.org\/{rel}","templated":true}]}}