{"id":139404,"date":"2021-07-31T14:49:51","date_gmt":"2021-07-31T11:49:51","guid":{"rendered":"https:\/\/www.enerjigazetesi.ist\/?p=139404"},"modified":"2021-07-31T15:36:02","modified_gmt":"2021-07-31T12:36:02","slug":"hava-kalitesi-olcum-cihazi-ile-havamizin-farkina-varmak-mumkun","status":"publish","type":"post","link":"https:\/\/www.enerjigazetesi.ist\/en\/hava-kalitesi-olcum-cihazi-ile-havamizin-farkina-varmak-mumkun\/","title":{"rendered":"(Turkish) Hava Kalitesi \u00d6l\u00e7\u00fcm Cihaz\u0131 ile Havam\u0131z\u0131n Fark\u0131na Varmak M\u00fcmk\u00fcn&#8230;"},"content":{"rendered":"<p class=\"qtranxs-available-languages-message qtranxs-available-languages-message-en\">Sorry, this entry is only available in <a href=\"https:\/\/www.enerjigazetesi.ist\/tr\/wp-json\/wp\/v2\/posts\/139404\" class=\"qtranxs-available-language-link qtranxs-available-language-link-tr\" title=\"Turkish\">Turkish<\/a>. For the sake of viewer convenience, the content is shown below in the alternative language. You may click the link to switch the active language.<\/p><p><strong>\u0130klimlendirme sekt\u00f6r\u00fcn\u00fcn \u00f6nc\u00fclerinden Form, g\u00fcncel ve de\u011fi\u015fen ihtiya\u00e7lar\u0131 kar\u015f\u0131lamaya d\u00f6n\u00fck \u00e7\u00f6z\u00fcmler geli\u015ftirmeye ve sunmaya devam ediyor. Form End\u00fcstri Tesisleri, pandemi s\u00fcresince \u00e7ok daha \u00f6nem kazanan i\u00e7 mekan hava temizli\u011fi ve kalitesini \u00f6l\u00e7\u00fcmlemek i\u00e7in NEFFES AQM Hava Kalitesi \u00d6l\u00e7\u00fcm cihaz\u0131n\u0131 geli\u015ftirdi.\u00a0<\/strong><\/p>\n<p><strong>Yerli \u00fcretim<\/strong> ve <strong>Ar-Ge<\/strong>\u2019ye verdi\u011fi de\u011ferle \u00f6ne \u00e7\u0131kan Form,<strong> pandemi d\u00f6neminde<\/strong> ak\u0131llar\u0131 en \u00e7ok kurcalayan konulardan biri olan <strong>i\u00e7 mekanlarda hava kalitesini art\u0131rmaya<\/strong> d\u00f6n\u00fck \u00e7\u00f6z\u00fcmler \u00fcretmeye devam ediyor. Sa\u011fl\u0131k Bakanl\u0131\u011f\u0131 onayl\u0131<strong> Egemikal Analiz firmas\u0131<\/strong> taraf\u0131ndan etkinli\u011fi <img loading=\"lazy\" class=\"alignright wp-image-139418\" src=\"https:\/\/www.enerjigazetesi.ist\/wp-content\/uploads\/2021\/07\/hizlandirma-programi-accelerate-2030a-katilacak-15-girisim-belli-oldu-2.jpg\" alt=\"\" width=\"320\" height=\"194\" srcset=\"https:\/\/www.enerjigazetesi.ist\/wp-content\/uploads\/2021\/07\/hizlandirma-programi-accelerate-2030a-katilacak-15-girisim-belli-oldu-2.jpg 550w, https:\/\/www.enerjigazetesi.ist\/wp-content\/uploads\/2021\/07\/hizlandirma-programi-accelerate-2030a-katilacak-15-girisim-belli-oldu-2-300x182.jpg 300w, https:\/\/www.enerjigazetesi.ist\/wp-content\/uploads\/2021\/07\/hizlandirma-programi-accelerate-2030a-katilacak-15-girisim-belli-oldu-2-500x303.jpg 500w, https:\/\/www.enerjigazetesi.ist\/wp-content\/uploads\/2021\/07\/hizlandirma-programi-accelerate-2030a-katilacak-15-girisim-belli-oldu-2-80x48.jpg 80w\" sizes=\"(max-width: 320px) 100vw, 320px\" \/>kan\u0131tlanan <strong>NEFFES Antiviral Hava Temizleyici \u00fcr\u00fcn\u00fc<\/strong>n\u00fc pandeminin etkisini artt\u0131rmas\u0131yla h\u0131zl\u0131 \u015fekilde geli\u015ftiren Form, <strong>NEFFES AQM Hava Kalitesi \u00d6l\u00e7\u00fcm cihaz\u0131<\/strong>yla \u00fcretimlerine devam ediyor.<\/p>\n<p>Kapal\u0131 alanlarda bulunan <strong>u\u00e7ucu organik bile\u015fikler, oda s\u0131cakl\u0131\u011f\u0131nda<\/strong> kolayca buharla\u015f\u0131rlar. Bu buharla\u015fma sonucunda ortamda <strong>k\u00f6t\u00fc kokulara sebep olan <\/strong>bu partik\u00fcller, oda spreylerinden sigara duman\u0131na, boyalardan yemek pi\u015firmeye kadar bir\u00e7ok sebeple \u00e7o\u011falabiliyor. Ortamdan uzakla\u015ft\u0131r\u0131lmad\u0131klar\u0131nda ise <strong>g\u00f6z, burun ve bo\u011fazda tahr\u00adi\u015f, nefes darl\u0131\u011f\u0131, ba\u015f a\u011fr\u0131s\u0131, yorgunluk, m\u00adide bulant\u0131s\u0131, ba\u015f d\u00f6nmes\u00adi<\/strong> ve<strong> c\u00adilt problemleri\u00adne<\/strong> neden olabiliyor. Bu partik\u00fcllerden baz\u0131lar\u0131 <strong>PM2.5<\/strong> (2,5 mikrometre veya daha k\u00fc\u00e7\u00fck \u00e7apl\u0131 partik\u00fcller) de\u011ferinde olabilir. Bu <strong>partik\u00fcller akci\u00ad\u011ferlere<\/strong> deri\u00adnlemesi\u00adne solunabi\u00adlecek kadar k\u00fc\u00e7\u00fck par\u00e7ac\u0131klard\u0131r. Bu par\u00e7al\u0131klar kan dola\u015f\u0131m\u0131na <strong>s\u0131zarak ast\u0131m<\/strong> gibi sistematik hastal\u0131klara neden olabilir.<\/p>\n<h2><strong>\u0130\u00e7 mekanlarda tasarruflu hava kalitesi \u00f6l\u00e7\u00fcmleme\u00a0<\/strong><\/h2>\n<p><strong>NEFFES AQM<\/strong>, \u00adi\u00e7 ortam hava kal\u00aditesini\u00ad en etki\u00adn b\u00adi\u00e7i\u00admde \u00f6l\u00e7erken, kullan\u0131c\u0131n\u0131n ihti\u00adyac\u0131 olan t\u00fcm bi\u00adlg\u00adilere kolayca ula\u015f\u0131lmas\u0131n\u0131 sa\u011fl\u0131yor. 4 renkli <strong>hava kalite indeksiyle<\/strong> toplam <strong>u\u00e7ucu organik bile\u015fen<\/strong> ve partik\u00fcl b\u00fcy\u00fcl\u00fc\u011f\u00fc de\u011ferlerini etkin bi\u00e7imde \u00f6l\u00e7\u00fclmesine olanak tan\u0131yor. Ayr\u0131ca ortam havas\u0131nda bulunan <strong>CO2<\/strong> ve <strong>nem de\u011ferlerini de<\/strong> anl\u0131k olarak aktar\u0131yor. Cihaz <strong>d\u00fc\u015f\u00fck enerji t\u00fcketimi<\/strong> ve <strong>ultra sessiz yap\u0131s\u0131yla<\/strong> hi\u00e7bir kirlilik yaratmadan s\u00fcrekli olarak kullan\u0131labiliyor. Ergonomik yap\u0131s\u0131yla kullan\u0131c\u0131s\u0131na gitti\u011fi her alan\u0131n <strong>i\u00e7 hava temizli\u011fini \u00f6l\u00e7ebilme<\/strong> imkan\u0131 tan\u0131yor.<\/p>","protected":false},"excerpt":{"rendered":"<p>Sorry, this entry is only available in Turkish. For the sake of viewer convenience, the content is shown below in the alternative language. You may click the link to switch the active language.\u0130klimlendirme sekt\u00f6r\u00fcn\u00fcn \u00f6nc\u00fclerinden Form, g\u00fcncel ve de\u011fi\u015fen ihtiya\u00e7lar\u0131 kar\u015f\u0131lamaya d\u00f6n\u00fck \u00e7\u00f6z\u00fcmler geli\u015ftirmeye ve sunmaya devam ediyor. Form End\u00fcstri Tesisleri, pandemi s\u00fcresince \u00e7ok daha [&hellip;]<\/p>\n","protected":false},"author":1,"featured_media":139419,"comment_status":"open","ping_status":"open","sticky":false,"template":"","format":"standard","meta":[],"categories":[53],"tags":[94260,94263,94261,94262,53499,77214,94259,57125],"views":105,"_links":{"self":[{"href":"https:\/\/www.enerjigazetesi.ist\/en\/wp-json\/wp\/v2\/posts\/139404"}],"collection":[{"href":"https:\/\/www.enerjigazetesi.ist\/en\/wp-json\/wp\/v2\/posts"}],"about":[{"href":"https:\/\/www.enerjigazetesi.ist\/en\/wp-json\/wp\/v2\/types\/post"}],"author":[{"embeddable":true,"href":"https:\/\/www.enerjigazetesi.ist\/en\/wp-json\/wp\/v2\/users\/1"}],"replies":[{"embeddable":true,"href":"https:\/\/www.enerjigazetesi.ist\/en\/wp-json\/wp\/v2\/comments?post=139404"}],"version-history":[{"count":1,"href":"https:\/\/www.enerjigazetesi.ist\/en\/wp-json\/wp\/v2\/posts\/139404\/revisions"}],"predecessor-version":[{"id":139405,"href":"https:\/\/www.enerjigazetesi.ist\/en\/wp-json\/wp\/v2\/posts\/139404\/revisions\/139405"}],"wp:featuredmedia":[{"embeddable":true,"href":"https:\/\/www.enerjigazetesi.ist\/en\/wp-json\/wp\/v2\/media\/139419"}],"wp:attachment":[{"href":"https:\/\/www.enerjigazetesi.ist\/en\/wp-json\/wp\/v2\/media?parent=139404"}],"wp:term":[{"taxonomy":"category","embeddable":true,"href":"https:\/\/www.enerjigazetesi.ist\/en\/wp-json\/wp\/v2\/categories?post=139404"},{"taxonomy":"post_tag","embeddable":true,"href":"https:\/\/www.enerjigazetesi.ist\/en\/wp-json\/wp\/v2\/tags?post=139404"}],"curies":[{"name":"wp","href":"https:\/\/api.w.org\/{rel}","templated":true}]}}