{"id":139353,"date":"2021-07-29T17:58:43","date_gmt":"2021-07-29T14:58:43","guid":{"rendered":"https:\/\/www.enerjigazetesi.ist\/?p=139353"},"modified":"2021-07-29T17:58:54","modified_gmt":"2021-07-29T14:58:54","slug":"insanlik-dunyanin-her-yil-sundugu-dogal-kaynaklardan-fazlasini-tuketiyor","status":"publish","type":"post","link":"https:\/\/www.enerjigazetesi.ist\/en\/insanlik-dunyanin-her-yil-sundugu-dogal-kaynaklardan-fazlasini-tuketiyor\/","title":{"rendered":"(Turkish) &#8217;\u0130nsanl\u0131k&#8217; D\u00fcnya&#8217;n\u0131n Her Y\u0131l Sundu\u011fu Do\u011fal Kaynaklardan Fazlas\u0131n\u0131 T\u00fcketiyor"},"content":{"rendered":"<p class=\"qtranxs-available-languages-message qtranxs-available-languages-message-en\">Sorry, this entry is only available in <a href=\"https:\/\/www.enerjigazetesi.ist\/tr\/wp-json\/wp\/v2\/posts\/139353\" class=\"qtranxs-available-language-link qtranxs-available-language-link-tr\" title=\"Turkish\">Turkish<\/a>. For the sake of viewer convenience, the content is shown below in the alternative language. You may click the link to switch the active language.<\/p><p><strong>\u0130\u015f D\u00fcnyas\u0131 ve S\u00fcrd\u00fcr\u00fclebilir Kalk\u0131nma Derne\u011fi (SKD T\u00fcrkiye) Y\u00f6netim Kurulu Ba\u015fkan\u0131 Ebru Dildar Edin, D\u00fcnya Limit A\u015f\u0131m\u0131 G\u00fcn\u00fc dolay\u0131s\u0131yla yapt\u0131\u011f\u0131 a\u00e7\u0131klamada \u00f6nemli mesajlar verdi. \u0130nsanl\u0131\u011f\u0131n her y\u0131l d\u00fcnyan\u0131n sundu\u011fu ve bir y\u0131l i\u00e7inde t\u00fcketilmesi gereken do\u011fal kaynaklardan \u00e7ok daha fazlas\u0131n\u0131 t\u00fcketti\u011fine dikkat \u00e7eken Edin, <em>\u201cT\u00fcm d\u00fcnya i\u00e7in iklim de\u011fi\u015fimine y\u00f6nelik sorunlar\u0131n \u00fcstesinden gelmeye y\u00f6nelik ba\u011flay\u0131c\u0131 kararlar almak ve yapt\u0131r\u0131mlar\u0131 devreye sokmak olduk\u00e7a \u00f6nemli bir hale geldi. Bu, ancak k\u00fcresel olarak hep beraber harekete ge\u00e7ersek ba\u015far\u0131l\u0131 olabilece\u011fimiz bir s\u00fcre\u00e7\u201d<\/em> dedi.<\/strong><\/p>\n<p><strong>D\u00fcnya Limit A\u015f\u0131m\u0131 G\u00fcn\u00fc<\/strong> dolay\u0131s\u0131yla bir a\u00e7\u0131klama yapan SKD T\u00fcrkiye Y\u00f6netim Kurulu Ba\u015fkan\u0131 <strong>Ebru Dildar Edin<\/strong>, d\u00fcnya n\u00fcfusunun bir y\u0131l i\u00e7inde t\u00fcketmesi gereken do\u011fal kaynaklardan \u00e7ok daha fazlas\u0131n\u0131 t\u00fcketti\u011fine dikkat \u00e7ekti. Edin, yapt\u0131\u011f\u0131 a\u00e7\u0131klamada, <em>\u201cGelecek ku\u015faklar\u0131n varl\u0131\u011f\u0131n\u0131 tehlikeye atmadan, do\u011fal \u00e7evreyi merkeze alan <strong>kaynak<\/strong> ve<strong> at\u0131k y\u00f6netimi<\/strong> yap\u0131lan<strong> d\u00f6ng\u00fcsel ekonomi prensipleri<\/strong> <img loading=\"lazy\" class=\"alignright wp-image-139356\" src=\"https:\/\/www.enerjigazetesi.ist\/wp-content\/uploads\/2021\/07\/insanlik-dunyanin-her-yil-sundugu-dogal-kaynaklardan-fazlasini-tuketiyor.jpg\" alt=\"\" width=\"320\" height=\"317\" srcset=\"https:\/\/www.enerjigazetesi.ist\/wp-content\/uploads\/2021\/07\/insanlik-dunyanin-her-yil-sundugu-dogal-kaynaklardan-fazlasini-tuketiyor.jpg 550w, https:\/\/www.enerjigazetesi.ist\/wp-content\/uploads\/2021\/07\/insanlik-dunyanin-her-yil-sundugu-dogal-kaynaklardan-fazlasini-tuketiyor-150x150.jpg 150w, https:\/\/www.enerjigazetesi.ist\/wp-content\/uploads\/2021\/07\/insanlik-dunyanin-her-yil-sundugu-dogal-kaynaklardan-fazlasini-tuketiyor-300x297.jpg 300w, https:\/\/www.enerjigazetesi.ist\/wp-content\/uploads\/2021\/07\/insanlik-dunyanin-her-yil-sundugu-dogal-kaynaklardan-fazlasini-tuketiyor-404x400.jpg 404w, https:\/\/www.enerjigazetesi.ist\/wp-content\/uploads\/2021\/07\/insanlik-dunyanin-her-yil-sundugu-dogal-kaynaklardan-fazlasini-tuketiyor-51x50.jpg 51w, https:\/\/www.enerjigazetesi.ist\/wp-content\/uploads\/2021\/07\/insanlik-dunyanin-her-yil-sundugu-dogal-kaynaklardan-fazlasini-tuketiyor-100x100.jpg 100w, https:\/\/www.enerjigazetesi.ist\/wp-content\/uploads\/2021\/07\/insanlik-dunyanin-her-yil-sundugu-dogal-kaynaklardan-fazlasini-tuketiyor-500x495.jpg 500w\" sizes=\"(max-width: 320px) 100vw, 320px\" \/>do\u011frultusunda ekonomik b\u00fcy\u00fcmenin sa\u011flanmas\u0131 \u00e7ok kritik bir konu\u201d<\/em> g\u00f6r\u00fc\u015flerine yer verdi.<\/p>\n<p>Ebru Dildar Edin, a\u00e7\u0131klamas\u0131na <span style=\"text-decoration: underline;\">\u015f\u00f6yle devam etti:<\/span><\/p>\n<p><em>\u201cYap\u0131lan \u00f6l\u00e7\u00fcmlere g\u00f6re, <strong>1970\u2019ten bu yana<\/strong> d\u00fcnya n\u00fcfusunda <strong>%121<\/strong>\u2019lik bir art\u0131\u015f ya\u015fan\u0131rken, ekolojik ayakizimizin <strong>%57<\/strong>\u2019sini karbon olu\u015fturuyor. 2021 y\u0131l\u0131 ele al\u0131nd\u0131\u011f\u0131nda ise <strong>karbon ayak izimizin<\/strong> bir \u00f6nceki y\u0131la g\u00f6re pandemiye ra\u011fmen <strong>%6.6<\/strong> artt\u0131\u011f\u0131, buna kar\u015f\u0131l\u0131k <strong>k\u00fcresel biyo\u00e7e\u015fitlili\u011fin<\/strong> <strong>%0.5<\/strong> oran\u0131nda azald\u0131\u011f\u0131 g\u00f6ze \u00e7arp\u0131yor.<\/em><\/p>\n<p><em>T\u00fcrkiye\u2019nin karnesi ise maalesef olduk\u00e7a endi\u015fe verici&#8230; \u00dclkemiz ge\u00e7ti\u011fimiz senenin de <strong>10 g\u00fcn<\/strong> \u00f6ncesinde, <strong>16 Haziran 2021<\/strong> itibar\u0131 ile \u00f6n\u00fcm\u00fczdeki y\u0131l\u0131n kaynaklar\u0131n\u0131 kullanmaya ba\u015flad\u0131 bile. Yap\u0131lan bir \u00e7al\u0131\u015fma, d\u00fcnyadaki herkesin T\u00fcrkiye\u2019nin mevcut t\u00fcketim al\u0131\u015fkanl\u0131klar\u0131 ile ya\u015fad\u0131\u011f\u0131 varsay\u0131ld\u0131\u011f\u0131nda insanl\u0131k i\u00e7in <strong>1.5 gezegene ihtiya\u00e7 oldu\u011funu<\/strong> ortaya koyuyor.<\/em><\/p>\n<p><em>Sahip oldu\u011fumuz tek evimiz D\u00fcnya\u2019n\u0131n gelece\u011fini g\u00fcvence alt\u0131na alabilmek i\u00e7in, g\u00fcn\u00fcm\u00fczde kar\u015f\u0131 kar\u015f\u0131ya kald\u0131\u011f\u0131m\u0131z en b\u00fcy\u00fck tehdit olan<strong> iklim krizi ile kararl\u0131l\u0131kla m\u00fccadele<\/strong> etmeliyiz. Son bir y\u0131lda ya\u015fanan<strong> \u00e7evre felaketleri, tehlikenin git gide ne kadar b\u00fcy\u00fcd\u00fc\u011f\u00fcn\u00fcn<\/strong> g\u00f6stergesi.<\/em><\/p>\n<p><em>T\u00fcm d\u00fcnya i\u00e7in <strong>iklim de\u011fi\u015fimine y\u00f6nelik<\/strong> sorunlar\u0131n \u00fcstesinden gelmek i\u00e7in<strong>\u00a0ba\u011flay\u0131c\u0131 kararlar<\/strong> almak ve yapt\u0131r\u0131mlar\u0131 devreye sokmak olduk\u00e7a \u00f6nemli bir hale geldi.<strong>\u00a0<\/strong>Bu, ancak k\u00fcresel olarak hep beraber harekete ge\u00e7ersek \u00fcstesinden gelebilece\u011fimiz bir<strong>\u00a0<\/strong>s\u00fcre\u00e7.\u201d<\/em><\/p>\n<h2><strong>\u201c\u0130\u015f d\u00fcnyas\u0131na liderlik etmeye haz\u0131r\u0131z\u201d<\/strong><\/h2>\n<p>D\u00fcnyada ya\u015fanan geli\u015fmeleri de de\u011ferlendiren SKD T\u00fcrkiye Y\u00f6netim Kurulu Ba\u015fkan\u0131 Ebru Dildar Edin, konuya ili\u015fkin <span style=\"text-decoration: underline;\">\u015fu a\u00e7\u0131klamada bulundu:<\/span><\/p>\n<p>\u201c<strong>Avrupa Birli\u011fi, Ye\u015fil Mutabakat<\/strong>\u2019\u0131 yol haritas\u0131 olarak benimseyip hayata ge\u00e7irmeye ba\u015flad\u0131. 14 Temmuz\u2019da Avrupa Komisyonu, 2050 y\u0131l\u0131nda <strong>iklim n\u00f6tr k\u0131ta olma<\/strong> yolunda\u00a0<a href=\"https:\/\/www.europarl.europa.eu\/legislative-train\/theme-a-european-green-deal\/package-fit-for-55\" target=\"_blank\" rel=\"nofollow noopener\">FitFor55<\/a>\u00a0(Y\u00fczde 55 hedefine uygunluk)\u00a0ba\u015fl\u0131\u011f\u0131yla kapsaml\u0131 <strong>bir dizi \u00f6neri paketi<\/strong> sunarak somut bir ad\u0131m att\u0131.<\/p>\n<p><strong>FitFor55<\/strong> ile AB karbon sal\u0131m\u0131n\u0131 <strong>1990 seviyelerine<\/strong> k\u0131yasla 2030 y\u0131l\u0131na kadar <strong>y\u00fczde 55<\/strong> oran\u0131nda azaltmay\u0131 hedefliyor. Bu paket sayesinde, <strong>karbon sal\u0131m\u0131nda<\/strong> \u00f6n\u00fcm\u00fczdeki<strong> 10 y\u0131lda hedeflenen<\/strong> seviyelere ula\u015f\u0131lmas\u0131, Avrupa\u2019n\u0131n 2050 y\u0131l\u0131na kadar d\u00fcnyan\u0131n iklim a\u00e7\u0131s\u0131ndan <strong>n\u00f6tr ilk k\u0131tas\u0131 olmas\u0131<\/strong>n\u0131n sa\u011flanmas\u0131 ve <strong>Avrupa Ye\u015fil Mutakabat\u0131<\/strong>\u2019n\u0131n ger\u00e7e\u011fe d\u00f6n\u00fc\u015fmesi ama\u00e7lan\u0131yor.<\/p>\n<p>Yasala\u015fma s\u00fcrecinin iki y\u0131l\u0131 alaca\u011f\u0131 \u00f6n g\u00f6r\u00fclen bu paket <strong>iklim krizinin nesiller aras\u0131<\/strong> ve <strong>uluslararas\u0131 dayan\u0131\u015fma <\/strong>ile \u00e7\u00f6z\u00fclebilece\u011fine vurgu yapar nitelikte. AB taraf\u0131ndan 2011 y\u0131l\u0131nda, Ocak 2020\u2019den itibaren uygulanaca\u011f\u0131n\u0131 a\u00e7\u0131klanan <strong>\u2018S\u0131n\u0131rda Karbon\u2019 uygulamas\u0131<\/strong>n\u0131n, 2026&#8217;dan itibaren ba\u015flayacak olmas\u0131n\u0131 bir f\u0131rsat olarak de\u011ferlendirmeliyiz. \u0130lk a\u015famada <strong>\u00e7imento, demir-\u00e7elik, al\u00fcminyum, g\u00fcbre ve enerji<\/strong> sanayilerinde etkili olacak ve s\u00f6z konusu tarihte ba\u015flayacak bu uygulama ile \u00fclkeler, k\u00fcresel ve b\u00f6lgesel ticarette <strong>AB\u2019nin ticaret orta\u011f\u0131<\/strong> olarak yoluna devam edecek.<\/p>\n<p>AB\u2019de ya\u015fanan bu <strong>de\u011fi\u015fim r\u00fczgar\u0131 elbette<\/strong> hem t\u00fcm d\u00fcnyan\u0131n hem de \u00fclkemizin g\u00fcndemini de gerek finansal kaynaklar gerekse yasal d\u00fczenlemeler a\u00e7\u0131s\u0131ndan etkili. Bu kapsamda T\u00fcrkiye\u2019de<strong> Kas\u0131m 2020<\/strong>\u2019de<strong> \u2018AB Ye\u015fil Mutabakat Eylem Plan\u0131<\/strong>\u2019n\u0131n yay\u0131nlanmas\u0131n\u0131n yan\u0131 s\u0131ra ge\u00e7ti\u011fimiz g\u00fcnlerde Cumhurba\u015fkan\u0131m\u0131z taraf\u0131ndan yay\u0131nlanan genelgede <strong>\u2018Ye\u015fil Mutabakat \u00c7al\u0131\u015fma Grubu\u2019<\/strong> kuruldu\u011funun m\u00fcjdesini ald\u0131k.\u00a0<strong>SKD T\u00fcrkiye<\/strong> olarak, \u015fimdiye kadar oldu\u011fu gibi bundan sonra da <strong>\u00fcst\u00fcm\u00fcze d\u00fc\u015feni yapmaya<\/strong> ve bu konuda t\u00fcm kaynaklar\u0131m\u0131z\u0131 sunarak <strong>i\u015f d\u00fcnyas\u0131na liderlik etmeye<\/strong> haz\u0131r\u0131z.\u201d<\/p>","protected":false},"excerpt":{"rendered":"<p>Sorry, this entry is only available in Turkish. For the sake of viewer convenience, the content is shown below in the alternative language. You may click the link to switch the active language.\u0130\u015f D\u00fcnyas\u0131 ve S\u00fcrd\u00fcr\u00fclebilir Kalk\u0131nma Derne\u011fi (SKD T\u00fcrkiye) Y\u00f6netim Kurulu Ba\u015fkan\u0131 Ebru Dildar Edin, D\u00fcnya Limit A\u015f\u0131m\u0131 G\u00fcn\u00fc dolay\u0131s\u0131yla yapt\u0131\u011f\u0131 a\u00e7\u0131klamada \u00f6nemli mesajlar [&hellip;]<\/p>\n","protected":false},"author":1,"featured_media":139358,"comment_status":"open","ping_status":"open","sticky":false,"template":"","format":"standard","meta":[],"categories":[53],"tags":[94230,94231,34809,94229,71310,57125],"views":102,"_links":{"self":[{"href":"https:\/\/www.enerjigazetesi.ist\/en\/wp-json\/wp\/v2\/posts\/139353"}],"collection":[{"href":"https:\/\/www.enerjigazetesi.ist\/en\/wp-json\/wp\/v2\/posts"}],"about":[{"href":"https:\/\/www.enerjigazetesi.ist\/en\/wp-json\/wp\/v2\/types\/post"}],"author":[{"embeddable":true,"href":"https:\/\/www.enerjigazetesi.ist\/en\/wp-json\/wp\/v2\/users\/1"}],"replies":[{"embeddable":true,"href":"https:\/\/www.enerjigazetesi.ist\/en\/wp-json\/wp\/v2\/comments?post=139353"}],"version-history":[{"count":0,"href":"https:\/\/www.enerjigazetesi.ist\/en\/wp-json\/wp\/v2\/posts\/139353\/revisions"}],"wp:featuredmedia":[{"embeddable":true,"href":"https:\/\/www.enerjigazetesi.ist\/en\/wp-json\/wp\/v2\/media\/139358"}],"wp:attachment":[{"href":"https:\/\/www.enerjigazetesi.ist\/en\/wp-json\/wp\/v2\/media?parent=139353"}],"wp:term":[{"taxonomy":"category","embeddable":true,"href":"https:\/\/www.enerjigazetesi.ist\/en\/wp-json\/wp\/v2\/categories?post=139353"},{"taxonomy":"post_tag","embeddable":true,"href":"https:\/\/www.enerjigazetesi.ist\/en\/wp-json\/wp\/v2\/tags?post=139353"}],"curies":[{"name":"wp","href":"https:\/\/api.w.org\/{rel}","templated":true}]}}