{"id":139247,"date":"2021-07-28T12:31:34","date_gmt":"2021-07-28T09:31:34","guid":{"rendered":"https:\/\/www.enerjigazetesi.ist\/?p=139247"},"modified":"2021-07-28T12:39:45","modified_gmt":"2021-07-28T09:39:45","slug":"toplanti-kazdaglari-ekoloji-mucadelesi-ekolojik-yikima-karsi-ne-yapilmali","status":"publish","type":"post","link":"https:\/\/www.enerjigazetesi.ist\/en\/toplanti-kazdaglari-ekoloji-mucadelesi-ekolojik-yikima-karsi-ne-yapilmali\/","title":{"rendered":"(Turkish) Toplant\u0131: Kazda\u011flar\u0131 Ekoloji M\u00fccadelesi &#8211; Ekolojik Y\u0131k\u0131ma Kar\u015f\u0131 Ne Yap\u0131lmal\u0131?"},"content":{"rendered":"<p class=\"qtranxs-available-languages-message qtranxs-available-languages-message-en\">Sorry, this entry is only available in <a href=\"https:\/\/www.enerjigazetesi.ist\/tr\/wp-json\/wp\/v2\/posts\/139247\" class=\"qtranxs-available-language-link qtranxs-available-language-link-tr\" title=\"Turkish\">Turkish<\/a>. For the sake of viewer convenience, the content is shown below in the alternative language. You may click the link to switch the active language.<\/p><p><strong><img loading=\"lazy\" class=\"alignright wp-image-139251\" src=\"https:\/\/www.enerjigazetesi.ist\/wp-content\/uploads\/2021\/07\/01ff3a82-31b6-4d14-b0ef-59ef40e4f133.jpg\" alt=\"\" width=\"120\" height=\"123\" srcset=\"https:\/\/www.enerjigazetesi.ist\/wp-content\/uploads\/2021\/07\/01ff3a82-31b6-4d14-b0ef-59ef40e4f133.jpg 446w, https:\/\/www.enerjigazetesi.ist\/wp-content\/uploads\/2021\/07\/01ff3a82-31b6-4d14-b0ef-59ef40e4f133-292x300.jpg 292w, https:\/\/www.enerjigazetesi.ist\/wp-content\/uploads\/2021\/07\/01ff3a82-31b6-4d14-b0ef-59ef40e4f133-389x400.jpg 389w, https:\/\/www.enerjigazetesi.ist\/wp-content\/uploads\/2021\/07\/01ff3a82-31b6-4d14-b0ef-59ef40e4f133-49x50.jpg 49w\" sizes=\"(max-width: 120px) 100vw, 120px\" \/>(T\u00dcR\u00c7EP) T\u00fcrkiye \u00c7evre Platformu (MAR\u00c7EP) Marmara \u00c7evre Platformu Bilgilendirme ve\u00a0Birlikte De\u011ferlendirme Toplant\u0131s\u0131 <\/strong><\/p>\n<p><strong>28 Temmuz 2021 \u00c7ar\u015famba &#8211; Saat 20:30&#8217;da ger\u00e7ekle\u015ftiriliyor.<\/strong><\/p>\n<p><strong>Konu:<\/strong> Kazda\u011flar\u0131 Ekoloji M\u00fccadelesi &#8211; Ekolojik Y\u0131k\u0131ma Kar\u015f\u0131 Ne Yap\u0131lmal\u0131?<\/p>\n<p style=\"text-align: center;\"><img loading=\"lazy\" class=\"aligncenter wp-image-139249\" src=\"https:\/\/www.enerjigazetesi.ist\/wp-content\/uploads\/2021\/07\/toplanti-kazdaglari-ekoloji-mucadelesi-ekolojik-yikima-karsi-ne-yapilmali.jpg\" alt=\"\" width=\"500\" height=\"290\" srcset=\"https:\/\/www.enerjigazetesi.ist\/wp-content\/uploads\/2021\/07\/toplanti-kazdaglari-ekoloji-mucadelesi-ekolojik-yikima-karsi-ne-yapilmali.jpg 620w, https:\/\/www.enerjigazetesi.ist\/wp-content\/uploads\/2021\/07\/toplanti-kazdaglari-ekoloji-mucadelesi-ekolojik-yikima-karsi-ne-yapilmali-300x174.jpg 300w, https:\/\/www.enerjigazetesi.ist\/wp-content\/uploads\/2021\/07\/toplanti-kazdaglari-ekoloji-mucadelesi-ekolojik-yikima-karsi-ne-yapilmali-500x290.jpg 500w, https:\/\/www.enerjigazetesi.ist\/wp-content\/uploads\/2021\/07\/toplanti-kazdaglari-ekoloji-mucadelesi-ekolojik-yikima-karsi-ne-yapilmali-80x46.jpg 80w\" sizes=\"(max-width: 500px) 100vw, 500px\" \/><\/p>\n<p><strong>Bilgilendirme&#8211;&gt;<\/strong>\u00a0<strong>S\u00fcleyman Ery\u0131lmaz<\/strong> <em>Kazda\u011flar\u0131 Ekoloji Platformu E\u015f S\u00f6zc\u00fcs\u00fc, Ye\u015fil <img loading=\"lazy\" class=\"alignleft wp-image-139253\" src=\"https:\/\/www.enerjigazetesi.ist\/wp-content\/uploads\/2021\/07\/toplanti-kazdaglari-ekoloji-mucadelesi-ekolojik-yikima-karsi-ne-yapilmali-2.jpg\" alt=\"\" width=\"108\" height=\"104\" \/>Ya\u015fam \u0130nisiyatifi Aktivisti, Burhaniye \u00c7evre Platformu Y\u00fcr\u00fctme Kurulu \u00dcyesi<\/em><\/p>\n<p><strong>Join Zoom Meeting:<\/strong> <a href=\"https:\/\/us02web.zoom.us\/j\/87906394565?pwd=aUlQZW4vV2NCRmVYOVJaaUhzY1JaZz09\" target=\"_blank\" rel=\"nofollow noopener\">https:\/\/us02web.zoom.us\/j\/87906394565?pwd=aUlQZW4vV2NCRmVYOVJaaUhzY1JaZz09<\/a><\/p>\n<p><strong>Meeting ID:<\/strong> 879 0639 4565<\/p>\n<p><strong>Passcode:<\/strong> 367914<\/p>","protected":false},"excerpt":{"rendered":"<p>Sorry, this entry is only available in Turkish. For the sake of viewer convenience, the content is shown below in the alternative language. You may click the link to switch the active language.(T\u00dcR\u00c7EP) T\u00fcrkiye \u00c7evre Platformu (MAR\u00c7EP) Marmara \u00c7evre Platformu Bilgilendirme ve\u00a0Birlikte De\u011ferlendirme Toplant\u0131s\u0131 28 Temmuz 2021 \u00c7ar\u015famba &#8211; Saat 20:30&#8217;da ger\u00e7ekle\u015ftiriliyor. Konu: Kazda\u011flar\u0131 Ekoloji [&hellip;]<\/p>\n","protected":false},"author":1,"featured_media":139249,"comment_status":"open","ping_status":"open","sticky":false,"template":"","format":"standard","meta":[],"categories":[53],"tags":[76395,52259,94163,94162,90012],"views":177,"_links":{"self":[{"href":"https:\/\/www.enerjigazetesi.ist\/en\/wp-json\/wp\/v2\/posts\/139247"}],"collection":[{"href":"https:\/\/www.enerjigazetesi.ist\/en\/wp-json\/wp\/v2\/posts"}],"about":[{"href":"https:\/\/www.enerjigazetesi.ist\/en\/wp-json\/wp\/v2\/types\/post"}],"author":[{"embeddable":true,"href":"https:\/\/www.enerjigazetesi.ist\/en\/wp-json\/wp\/v2\/users\/1"}],"replies":[{"embeddable":true,"href":"https:\/\/www.enerjigazetesi.ist\/en\/wp-json\/wp\/v2\/comments?post=139247"}],"version-history":[{"count":0,"href":"https:\/\/www.enerjigazetesi.ist\/en\/wp-json\/wp\/v2\/posts\/139247\/revisions"}],"wp:featuredmedia":[{"embeddable":true,"href":"https:\/\/www.enerjigazetesi.ist\/en\/wp-json\/wp\/v2\/media\/139249"}],"wp:attachment":[{"href":"https:\/\/www.enerjigazetesi.ist\/en\/wp-json\/wp\/v2\/media?parent=139247"}],"wp:term":[{"taxonomy":"category","embeddable":true,"href":"https:\/\/www.enerjigazetesi.ist\/en\/wp-json\/wp\/v2\/categories?post=139247"},{"taxonomy":"post_tag","embeddable":true,"href":"https:\/\/www.enerjigazetesi.ist\/en\/wp-json\/wp\/v2\/tags?post=139247"}],"curies":[{"name":"wp","href":"https:\/\/api.w.org\/{rel}","templated":true}]}}