{"id":139241,"date":"2021-07-28T10:05:14","date_gmt":"2021-07-28T07:05:14","guid":{"rendered":"https:\/\/www.enerjigazetesi.ist\/?p=139241"},"modified":"2021-07-28T10:07:17","modified_gmt":"2021-07-28T07:07:17","slug":"arter-de-gokcisimleri-sergisi-ve-izler-adli-video-yerlestirmesi-icin-son-gunler","status":"publish","type":"post","link":"https:\/\/www.enerjigazetesi.ist\/en\/arter-de-gokcisimleri-sergisi-ve-izler-adli-video-yerlestirmesi-icin-son-gunler\/","title":{"rendered":"(Turkish) G\u00f6kcisimleri Sergisi ve \u0130zler Adl\u0131 Video Yerle\u015ftirmesi \u0130\u00e7in Son G\u00fcnler!"},"content":{"rendered":"<p class=\"qtranxs-available-languages-message qtranxs-available-languages-message-en\">Sorry, this entry is only available in <a href=\"https:\/\/www.enerjigazetesi.ist\/tr\/wp-json\/wp\/v2\/posts\/139241\" class=\"qtranxs-available-language-link qtranxs-available-language-link-tr\" title=\"Turkish\">Turkish<\/a>. For the sake of viewer convenience, the content is shown below in the alternative language. You may click the link to switch the active language.<\/p><p><strong>Arter Koleksiyonu\u2019ndan olu\u015fturulan <em>G\u00f6kcisimleri \u00dczerine<\/em> sergisi ve <\/strong><strong>Nevin Alada\u011f\u2019\u0131n<\/strong> <strong><em>\u0130zler<\/em><\/strong><strong> ba\u015fl\u0131kl\u0131 \u00fc\u00e7 kanall\u0131 video yerle\u015ftirmesi,<\/strong> <strong>8 A\u011fustos Pazar g\u00fcn\u00fcne kadar Arter<\/strong><strong>\u2019de izleyiciyle bulu\u015fmaya devam ediyor. 28 sanat\u00e7\u0131n\u0131n eserlerinden olu\u015fan, <\/strong><strong>k\u00fcrat\u00f6rl\u00fc\u011f\u00fcn<\/strong><strong>\u00fc <\/strong><strong>Kevser G\u00fcler<\/strong><strong>\u2019in \u00fcstlendi\u011fi <em>G\u00f6kcisimleri \u00dczerine<\/em> sergisi, <\/strong><strong>birarada ya\u015fayabilmemizi m\u00fcmk\u00fcn k\u0131lan adalet hissimiz ba\u011flam\u0131nda, yan yana durman\u0131n ve birbirinden uzakla\u015fman\u0131n bi\u00e7im ve olanaklar\u0131n\u0131 sanat yap\u0131tlar\u0131 \u00fczerinden yeniden d\u00fc\u015f\u00fcnmeye davet ediyor.<\/strong> <strong><em>\u0130zler<\/em><\/strong><strong> adl\u0131 video yerle\u015ftirmesi ise, Alada\u011f\u2019\u0131n \u00e7ocukluk ve ilk gen\u00e7lik y\u0131llar\u0131n\u0131 ge\u00e7irdi\u011fi Stuttgart\u2019\u0131n ses ve imgeye dayal\u0131 bir portresini \u00e7iziyor. <\/strong><strong><em>G\u00f6kcisimleri \u00dczerine<\/em><\/strong><strong> sergisi<\/strong><strong> ve <\/strong><strong><em>\u0130zler<\/em><\/strong> <strong>adl\u0131 yap\u0131t, <\/strong><strong>gerekli sa\u011fl\u0131k \u00f6nlemleriyle ziyaret\u00e7ilerini a\u011f\u0131rlamaya devam eden Arter\u2019de, 8 A\u011fustos\u2019a kadar Pazartesi hari\u00e7 her g\u00fcn 11:00\u201317:00 saatlerinde g\u00f6r\u00fclebilir.<\/strong><\/p>\n<p><strong>Arter Koleksiyonu<\/strong>\u2019ndan olu\u015fturulan <strong><em>G\u00f6kcisimleri \u00dczerine<\/em><\/strong> sergisi, ya\u015famsal bir biraradal\u0131k d\u00fczleminin bug\u00fcn yeniden d\u00fc\u015f\u00fcn\u00fclebilir ve in\u015fa edilebilir olmas\u0131na dair sorularla ilgileniyor. 28 sanat\u00e7\u0131n\u0131n yap\u0131tlar\u0131n\u0131 kapsayan<strong> sergi<\/strong>, var olanlar\u0131n <strong>biraraya gelme<\/strong> ve <strong>da\u011f\u0131lma bi\u00e7imlerini<\/strong>, ili\u015fki <strong>kurma tarzlar\u0131n\u0131,<\/strong> <strong>birbirlerine mesafe alma<\/strong> ve <strong>yak\u0131nla\u015fma<\/strong> yollar\u0131n\u0131 birlikte d\u00fc\u015f\u00fcnmeye davet ediyor. <img loading=\"lazy\" class=\"alignright wp-image-139244\" src=\"https:\/\/www.enerjigazetesi.ist\/wp-content\/uploads\/2021\/07\/arter-de-gokcisimleri-sergisi-ve-izler-adli-video-yerlestirmesi-icin-son-gunler.jpg\" alt=\"\" width=\"320\" height=\"277\" srcset=\"https:\/\/www.enerjigazetesi.ist\/wp-content\/uploads\/2021\/07\/arter-de-gokcisimleri-sergisi-ve-izler-adli-video-yerlestirmesi-icin-son-gunler.jpg 402w, https:\/\/www.enerjigazetesi.ist\/wp-content\/uploads\/2021\/07\/arter-de-gokcisimleri-sergisi-ve-izler-adli-video-yerlestirmesi-icin-son-gunler-300x260.jpg 300w, https:\/\/www.enerjigazetesi.ist\/wp-content\/uploads\/2021\/07\/arter-de-gokcisimleri-sergisi-ve-izler-adli-video-yerlestirmesi-icin-son-gunler-58x50.jpg 58w\" sizes=\"(max-width: 320px) 100vw, 320px\" \/>K\u00fcrat\u00f6rl\u00fc\u011f\u00fcn\u00fc <strong>Kevser G\u00fcler<\/strong>\u2019in \u00fcstlendi\u011fi <strong><em>G\u00f6kcisimleri \u00dczerine<\/em><\/strong> sergisi, tarihsel, k\u00fclt\u00fcrel ve ideolojik tan\u0131mlamalara dayanan<strong> d\u00fcnyevi\/g\u00f6ksel, do\u011fa\/k\u00fclt\u00fcr, insan\/hayvan, beden\/zihin, kad\u0131n\/erkek<\/strong> gibi ikiliklerin \u00fcretti\u011fi kutupla\u015fma, ayr\u0131m, hiyerar\u015fi ve iktidar bi\u00e7imlerine odaklanan g\u00fcncel ele\u015ftirilerinden besleniyor. Sergi <strong>Arter<\/strong>\u2019in biletsiz ziyaret edilebilen <strong>giri\u015f kat galerisinde<\/strong> yer al\u0131yor.<\/p>\n<p><strong>Nevin Alada\u011f<\/strong>\u2019\u0131n, <strong>Arter Koleksiyonu<\/strong>\u2019nda yer alan ve T\u00fcrkiye\u2019de ilk kez<strong> Arter<\/strong>\u2019de sergilenen<strong> <em>\u0130zler<\/em> <\/strong>adl\u0131 \u00fc\u00e7 kanall\u0131 video yerle\u015ftirmesi ise Galeri -1\u2019de yer al\u0131yor. Yap\u0131t sanat\u00e7\u0131n\u0131n \u00e7ocukluk ve ilk gen\u00e7lik y\u0131llar\u0131n\u0131 ge\u00e7irdi\u011fi Stuttgart kentinin<strong> ses<\/strong> ve<strong> imgeye<\/strong> dayal\u0131 bir portresini \u00e7iziyor. <strong>Y\u00fcr\u00fcy\u00fc\u015f yolu, \u00fcz\u00fcm ba\u011f\u0131, a\u011fa\u00e7, ya\u011fmur, sokak lambas\u0131 <\/strong>ve<strong> \u00e7ocuk park\u0131<\/strong> gibi kentsel ve do\u011fal unsurlar, <strong>Alada\u011f<\/strong>\u2019\u0131n ayn\u0131 \u015fehirde edindi\u011fi <strong>akordeon, bendir, m\u0131z\u0131ka, fl\u00fct<\/strong> ve<strong> keman<\/strong> gibi <strong>m\u00fczik enstr\u00fcmanlar\u0131n\u0131n<\/strong> icrac\u0131lar\u0131na d\u00f6n\u00fc\u015f\u00fcyor. Sanat\u00e7\u0131, <strong><em>\u0130zler<\/em><\/strong> ba\u015fl\u0131kl\u0131 yap\u0131tta kenti, performans\u0131n hem sahnesi olarak kullan\u0131yor hem de \u00f6znesi olarak harekete ge\u00e7iriyor.<\/p>\n<p><strong><em>G\u00f6kcisimleri \u00dczerine<\/em><\/strong> sergisi ve <strong><em>\u0130zler<\/em><\/strong> ba\u015fl\u0131kl\u0131 video yerle\u015ftirmesi, <strong>8 A\u011fustos 2021<\/strong> tarihine kadar ziyaret edilebilir.<strong> Arter<\/strong>\u2019in g\u00fcncel program\u0131na <a href=\"http:\/\/www.arter.org.tr\" target=\"_blank\" rel=\"nofollow noopener\">www.arter.org.tr <\/a>adresinden; g\u00fcvenli bir ziyaret i\u00e7in <strong>Arter<\/strong>\u2019de al\u0131nan t\u00fcm sa\u011fl\u0131k tedbirleri, ziyaret ve ula\u015f\u0131mla ilgili g\u00fcncel bilgilere ise <a href=\"https:\/\/www.arter.org.tr\/ziyaret\" target=\"_blank\" rel=\"nofollow noopener\">arter.org.tr\/ziyaret<\/a> adresinden eri\u015filebilir.<\/p>\n<h2><strong><em>G\u00d6KC<\/em><\/strong><strong><em>\u0130S\u0130<\/em><\/strong><strong><em>MLER<\/em><\/strong><strong><em>\u0130 <\/em><\/strong><strong><em>\u00dcZER<\/em><\/strong><strong><em>\u0130<\/em><\/strong><strong><em>NE <\/em><\/strong><strong>SERG\u0130S\u0130N\u0130N<\/strong><strong> K<\/strong><strong>\u0130<\/strong><strong>TABI <\/strong><strong>ARTER K\u0130TABEV\u0130\u2019NDE<\/strong><\/h2>\n<p><strong>Arter Yay\u0131nlar\u0131 <\/strong>arac\u0131l\u0131\u011f\u0131yla <strong><em>G\u00f6kcisimleri \u00dczerine <\/em><\/strong>ba\u015fl\u0131kl\u0131 grup sergisine e\u015flik eden bir kitap da okurlarla bulu\u015ftu. <strong>Arter Arka Plan <\/strong>ba\u015fl\u0131kl\u0131 yay\u0131n dizisinin \u00fc\u00e7\u00fcnc\u00fc kitab\u0131 olarak yay\u0131mlanan kitapta, serginin arka plan\u0131ndaki d\u00fc\u015f\u00fcncelerden ve k\u00fcrat\u00f6r <strong>Kevser G\u00fcler<\/strong>\u2019in sergiyi kurgulama s\u00fcrecinden hareketle se\u00e7ilen metinlerin yan\u0131 s\u0131ra bu yay\u0131n i\u00e7in \u00fcretilmi\u015f yeni \u00e7al\u0131\u015fmalar yer al\u0131yor. Var olanlar\u0131n <strong>biraraya gelme<\/strong> ve <strong>da\u011f\u0131lma bi\u00e7imleri, ili\u015fki kurma tarzlar\u0131, birbirlerine mesafe alma<\/strong> ve <strong>yak\u0131nla\u015fma yollar\u0131yla<\/strong> ilgili kavramlar etraf\u0131nda olu\u015fturulan sergiye e\u015flik eden <strong>kitap, madde, beden ve nesne olu\u015fa bakan, mek\u00e2nsal, zamansal, toplumsal, tarihsel ve politik toplan\u0131\u015flar\u0131n<\/strong> ve birarada olu\u015flar\u0131n bi\u00e7imlerini imleyen metin ve g\u00f6rsel malzemeleri \u00f6zg\u00fcn bir editoryal kurguyla sunuyor. Sergiyle ayn\u0131 ba\u015fl\u0131\u011f\u0131 ta\u015f\u0131yan ve T\u00fcrk\u00e7e ve \u0130ngilizce iki ayr\u0131 cilt olarak okurlarla bulu\u015fan kitab\u0131n ve <strong>Arter Arka Plan<\/strong> dizisinin tasar\u0131m\u0131n\u0131 <strong>Emre \u00c7\u0131k\u0131no\u011flu<\/strong> \u00fcstleniyor. Yay\u0131nda ayr\u0131ca <strong>flufoto <\/strong>(<strong>Bar\u0131\u015f Aras<\/strong> ve <strong>Elif \u00c7ak\u0131rlar<\/strong>) taraf\u0131ndan \u00e7ekilen sergiden g\u00f6r\u00fcn\u00fcm ve yerle\u015ftirme foto\u011fraflar\u0131 bulunuyor.<\/p>\n<p><strong><a href=\"https:\/\/www.arter.org.tr\/yayinlar\">Arter Yay\u0131nlar\u0131<\/a><\/strong>\u2019ndan \u00e7\u0131kan <strong><a href=\"https:\/\/www.arter.org.tr\/yayinlar\/gokcisimleri-uzerine\"><em>G\u00f6kcisimleri \u00dczerine<\/em><\/a> <\/strong>ba\u015fl\u0131kl\u0131 kitap, <strong><a href=\"https:\/\/www.arter.org.tr\/kitabevi\">Arter Kitabevi<\/a><\/strong>\u2019nden sat\u0131n al\u0131nabilir veya <a href=\"mailto:kitabevi@arter.org.tr\"><strong>kitabevi@arter.org.tr<\/strong><\/a> e-posta adresi \u00fczerinden sipari\u015f edilebilir; <strong>\u00fccretsiz<\/strong> ziyaret edilebilen <a href=\"https:\/\/www.arter.org.tr\/kutuphane\"><strong>Arter K\u00fct\u00fcphanesi<\/strong><\/a>\u2019nde kitaplar\u0131n sayfalar\u0131na da g\u00f6z atabilirsiniz.<\/p>","protected":false},"excerpt":{"rendered":"<p>Sorry, this entry is only available in Turkish. For the sake of viewer convenience, the content is shown below in the alternative language. You may click the link to switch the active language.Arter Koleksiyonu\u2019ndan olu\u015fturulan G\u00f6kcisimleri \u00dczerine sergisi ve Nevin Alada\u011f\u2019\u0131n \u0130zler ba\u015fl\u0131kl\u0131 \u00fc\u00e7 kanall\u0131 video yerle\u015ftirmesi, 8 A\u011fustos Pazar g\u00fcn\u00fcne kadar Arter\u2019de izleyiciyle bulu\u015fmaya [&hellip;]<\/p>\n","protected":false},"author":1,"featured_media":139244,"comment_status":"open","ping_status":"open","sticky":false,"template":"","format":"standard","meta":[],"categories":[53],"tags":[94160,94158,52259,94161,94159],"views":120,"_links":{"self":[{"href":"https:\/\/www.enerjigazetesi.ist\/en\/wp-json\/wp\/v2\/posts\/139241"}],"collection":[{"href":"https:\/\/www.enerjigazetesi.ist\/en\/wp-json\/wp\/v2\/posts"}],"about":[{"href":"https:\/\/www.enerjigazetesi.ist\/en\/wp-json\/wp\/v2\/types\/post"}],"author":[{"embeddable":true,"href":"https:\/\/www.enerjigazetesi.ist\/en\/wp-json\/wp\/v2\/users\/1"}],"replies":[{"embeddable":true,"href":"https:\/\/www.enerjigazetesi.ist\/en\/wp-json\/wp\/v2\/comments?post=139241"}],"version-history":[{"count":0,"href":"https:\/\/www.enerjigazetesi.ist\/en\/wp-json\/wp\/v2\/posts\/139241\/revisions"}],"wp:featuredmedia":[{"embeddable":true,"href":"https:\/\/www.enerjigazetesi.ist\/en\/wp-json\/wp\/v2\/media\/139244"}],"wp:attachment":[{"href":"https:\/\/www.enerjigazetesi.ist\/en\/wp-json\/wp\/v2\/media?parent=139241"}],"wp:term":[{"taxonomy":"category","embeddable":true,"href":"https:\/\/www.enerjigazetesi.ist\/en\/wp-json\/wp\/v2\/categories?post=139241"},{"taxonomy":"post_tag","embeddable":true,"href":"https:\/\/www.enerjigazetesi.ist\/en\/wp-json\/wp\/v2\/tags?post=139241"}],"curies":[{"name":"wp","href":"https:\/\/api.w.org\/{rel}","templated":true}]}}