{"id":139208,"date":"2021-07-27T13:32:50","date_gmt":"2021-07-27T10:32:50","guid":{"rendered":"https:\/\/www.enerjigazetesi.ist\/?p=139208"},"modified":"2021-07-27T13:35:35","modified_gmt":"2021-07-27T10:35:35","slug":"ferit-karahan-a-okul-tirasi-ile-28inci-avrupa-film-festivali-palic-ten-odul","status":"publish","type":"post","link":"https:\/\/www.enerjigazetesi.ist\/en\/ferit-karahan-a-okul-tirasi-ile-28inci-avrupa-film-festivali-palic-ten-odul\/","title":{"rendered":"(Turkish) Ferit Karahan&#8217;a &#8220;Okul T\u0131ra\u015f\u0131&#8221; ile 28&#8217;inci Avrupa Film Festivali PALI\u0106\u2019ten \u00d6d\u00fcl!"},"content":{"rendered":"<p class=\"qtranxs-available-languages-message qtranxs-available-languages-message-en\">Sorry, this entry is only available in <a href=\"https:\/\/www.enerjigazetesi.ist\/tr\/wp-json\/wp\/v2\/posts\/139208\" class=\"qtranxs-available-language-link qtranxs-available-language-link-tr\" title=\"Turkish\">Turkish<\/a>. For the sake of viewer convenience, the content is shown below in the alternative language. You may click the link to switch the active language.<\/p><p><strong>\u00d6d\u00fcll\u00fc y\u00f6netmen Ferit Karahan, yeni filmi <em>\u201cOkul T\u0131ra\u015f\u0131\u201d<\/em> ile 17-23 Temmuz 2021 tarihlerinde S\u0131rbistan\u2019da d\u00fczenlenen 28. Avrupa Film Festivali Pal\u0131\u0107\u2019ten En \u0130yi Y\u00f6netmen \u00d6d\u00fcl\u00fc ile d\u00f6nd\u00fc! Kat\u0131ld\u0131\u011f\u0131 festivallerden \u00f6d\u00fcllerde d\u00f6nen film, h\u0131z kesmeden uluslararas\u0131 festivallerdeki yolculu\u011funu s\u00fcrd\u00fcr\u00fcyor.<\/strong><\/p>\n<p><strong>Ferit Karahan<\/strong>\u2019\u0131n<strong> 71. Berlin Uluslararas\u0131 Film Festivali<\/strong>\u2019nde <strong>FIPRESCI \u00d6d\u00fcl\u00fc<\/strong>\u2019n\u00fc, <strong>38.<em><img loading=\"lazy\" class=\"alignright wp-image-139210\" src=\"https:\/\/www.enerjigazetesi.ist\/wp-content\/uploads\/2021\/07\/ferit-karahan-a-okul-tirasi-ile-28inci-avrupa-film-festivali-palic-ten-odul.jpg\" alt=\"\" width=\"320\" height=\"188\" srcset=\"https:\/\/www.enerjigazetesi.ist\/wp-content\/uploads\/2021\/07\/ferit-karahan-a-okul-tirasi-ile-28inci-avrupa-film-festivali-palic-ten-odul.jpg 465w, https:\/\/www.enerjigazetesi.ist\/wp-content\/uploads\/2021\/07\/ferit-karahan-a-okul-tirasi-ile-28inci-avrupa-film-festivali-palic-ten-odul-300x176.jpg 300w, https:\/\/www.enerjigazetesi.ist\/wp-content\/uploads\/2021\/07\/ferit-karahan-a-okul-tirasi-ile-28inci-avrupa-film-festivali-palic-ten-odul-80x47.jpg 80w\" sizes=\"(max-width: 320px) 100vw, 320px\" \/><\/em> Uluslararas\u0131 <\/strong><strong>Fecr Film Festivali<\/strong>\u2019nde<strong> En \u0130yi Senaryo \u00d6d\u00fcl\u00fc<\/strong>\u2019n\u00fc ve <strong>36. Uluslararas\u0131 Valencia Film Festivali CINEMA JOVE<\/strong>\u2019da <strong>En \u0130yi Film<\/strong> ve<strong> En \u0130yi Seyirci \u00d6d\u00fcl\u00fc<\/strong>\u2019ne lay\u0131k g\u00f6r\u00fclen <strong><em>\u201cOkul<\/em><em> T\u0131ra\u015f\u0131\u201d<\/em><\/strong>, <strong>28. Avrupa Film Festivali Pal\u0131\u0107\u2019<\/strong>ten de <strong>En \u0130yi Y\u00f6netmen \u00d6d\u00fcl\u00fc <\/strong>ile d\u00f6nd\u00fc!<\/p>\n<p><strong><em>\u201cOk<\/em><\/strong><strong><em>ul<\/em><\/strong><strong><em> T\u0131ra\u015f\u0131\u201d<\/em><\/strong>, <strong>bask\u0131<\/strong> ve <strong>disiplinin<\/strong> yo\u011fun oldu\u011fu bir yat\u0131l\u0131 okulda hastalanan arkada\u015f\u0131n\u0131 doktora\u00a0g\u00f6t\u00fcrmeye \u00e7al\u0131\u015fan; fakat okulun b\u00fcrokrasisini, idarenin <strong>vurdumduymazl\u0131\u011f\u0131n\u0131<\/strong> ve <strong>zor co\u011frafi ko\u015fullar\u0131<\/strong> a\u015fmak zorunda olan Yusuf\u2019un hik\u00e2yesi&#8230; Ba\u015frollerini <strong>Ekin Ko\u00e7, Mahir \u0130pek, Cansu<\/strong> <strong>F\u0131r\u0131nc\u0131<\/strong>, <strong>Melih Sel\u00e7uk<\/strong> ile birlikte \u00e7ocuk oyuncu <strong>Samet Y\u0131ld\u0131z<\/strong>\u2019\u0131n payla\u015ft\u0131\u011f\u0131 filmin kadrosunda yer alan di\u011fer \u00e7ocuk oyuncular ise, \u00e7ekimlerin yap\u0131ld\u0131\u011f\u0131 Van\u2019\u0131n Bah\u00e7esaray il\u00e7esinde b\u00f6lgenin yerel halk\u0131ndan se\u00e7ildi. <strong>Ferit Karahan<\/strong>\u2019\u0131n <strong>G\u00fclistan Acet <\/strong>ile birlikte kaleme ald\u0131\u011f\u0131 senaryo, y\u00f6netmenin kendi hayat\u0131ndan da izler ta\u015f\u0131yor. Edit\u00f6rl\u00fc\u011f\u00fcn\u00fc <strong>Sercan Sezgin<\/strong>\u2019in ve <strong>Hayedeh Safiyari<\/strong>\u2019nin, g\u00f6r\u00fcnt\u00fc y\u00f6netmenli\u011fini <strong>T\u00fcrksoy G\u00f6lebeyi<\/strong>\u2019nin yapt\u0131\u011f\u0131 filmin d\u00fcnya da\u011f\u0131t\u0131m\u0131n\u0131 ise \u0130talya merkezli <strong>Intramovies<\/strong> \u00fcstleniyor.<\/p>\n<p><strong>Asteros Film<\/strong> yap\u0131m\u0131 <strong><em>\u201cOkul T\u0131ra\u015f\u0131\u201d<\/em><\/strong>n\u0131n t\u00fcm d\u00fcnyada festival yolculu\u011fu, <strong>55. Karlovy Vary Uluslararas\u0131 Film Festivali<\/strong>, <strong>27. Saraybosna Film Festivali<\/strong> ve <strong>15. Two Riversides Film ve Sanat Festivali<\/strong> ile devam ediyor.<\/p>","protected":false},"excerpt":{"rendered":"<p>Sorry, this entry is only available in Turkish. For the sake of viewer convenience, the content is shown below in the alternative language. You may click the link to switch the active language.\u00d6d\u00fcll\u00fc y\u00f6netmen Ferit Karahan, yeni filmi \u201cOkul T\u0131ra\u015f\u0131\u201d ile 17-23 Temmuz 2021 tarihlerinde S\u0131rbistan\u2019da d\u00fczenlenen 28. Avrupa Film Festivali Pal\u0131\u0107\u2019ten En \u0130yi Y\u00f6netmen [&hellip;]<\/p>\n","protected":false},"author":1,"featured_media":139212,"comment_status":"open","ping_status":"open","sticky":false,"template":"","format":"standard","meta":[],"categories":[53],"tags":[94127,94129,94128,94124,94125,94130,94126],"views":179,"_links":{"self":[{"href":"https:\/\/www.enerjigazetesi.ist\/en\/wp-json\/wp\/v2\/posts\/139208"}],"collection":[{"href":"https:\/\/www.enerjigazetesi.ist\/en\/wp-json\/wp\/v2\/posts"}],"about":[{"href":"https:\/\/www.enerjigazetesi.ist\/en\/wp-json\/wp\/v2\/types\/post"}],"author":[{"embeddable":true,"href":"https:\/\/www.enerjigazetesi.ist\/en\/wp-json\/wp\/v2\/users\/1"}],"replies":[{"embeddable":true,"href":"https:\/\/www.enerjigazetesi.ist\/en\/wp-json\/wp\/v2\/comments?post=139208"}],"version-history":[{"count":0,"href":"https:\/\/www.enerjigazetesi.ist\/en\/wp-json\/wp\/v2\/posts\/139208\/revisions"}],"wp:featuredmedia":[{"embeddable":true,"href":"https:\/\/www.enerjigazetesi.ist\/en\/wp-json\/wp\/v2\/media\/139212"}],"wp:attachment":[{"href":"https:\/\/www.enerjigazetesi.ist\/en\/wp-json\/wp\/v2\/media?parent=139208"}],"wp:term":[{"taxonomy":"category","embeddable":true,"href":"https:\/\/www.enerjigazetesi.ist\/en\/wp-json\/wp\/v2\/categories?post=139208"},{"taxonomy":"post_tag","embeddable":true,"href":"https:\/\/www.enerjigazetesi.ist\/en\/wp-json\/wp\/v2\/tags?post=139208"}],"curies":[{"name":"wp","href":"https:\/\/api.w.org\/{rel}","templated":true}]}}