{"id":139158,"date":"2021-07-26T17:28:33","date_gmt":"2021-07-26T14:28:33","guid":{"rendered":"https:\/\/www.enerjigazetesi.ist\/?p=139158"},"modified":"2021-07-26T17:29:22","modified_gmt":"2021-07-26T14:29:22","slug":"pedallar-golbasinin-guzelliklerine-dogru-surulecek","status":"publish","type":"post","link":"https:\/\/www.enerjigazetesi.ist\/en\/pedallar-golbasinin-guzelliklerine-dogru-surulecek\/","title":{"rendered":"(Turkish) Pedallar &#8216;G\u00f6lba\u015f\u0131&#8217;n\u0131n G\u00fczelliklerine Do\u011fru S\u00fcr\u00fclecek\u2026"},"content":{"rendered":"<p class=\"qtranxs-available-languages-message qtranxs-available-languages-message-en\">Sorry, this entry is only available in <a href=\"https:\/\/www.enerjigazetesi.ist\/tr\/wp-json\/wp\/v2\/posts\/139158\" class=\"qtranxs-available-language-link qtranxs-available-language-link-tr\" title=\"Turkish\">Turkish<\/a>. For the sake of viewer convenience, the content is shown below in the alternative language. You may click the link to switch the active language.<\/p><p><strong>G\u00f6lba\u015f\u0131 Belediye Ba\u015fkan\u0131 Ramazan \u015eim\u015fek 1. Etap Bisiklet Yolu Projesi\u2019nin tamamlanmas\u0131 sonras\u0131 bisiklet yolu projelerine h\u0131z kazand\u0131rd\u0131.<\/strong><\/p>\n<p><strong>Ta\u015fp\u0131nar Mahallesi Ko\u015fu ve Bisiklet Yolu Rekreasyon alan\u0131<\/strong>nda \u00e7al\u0131\u015fmalar\u0131n ba\u015flad\u0131\u011f\u0131n\u0131 <img loading=\"lazy\" class=\"alignright wp-image-139160\" src=\"https:\/\/www.enerjigazetesi.ist\/wp-content\/uploads\/2021\/07\/pedallar-golbasinin-guzelliklerine-dogru-surulecek-1.jpg\" alt=\"\" width=\"320\" height=\"180\" srcset=\"https:\/\/www.enerjigazetesi.ist\/wp-content\/uploads\/2021\/07\/pedallar-golbasinin-guzelliklerine-dogru-surulecek-1.jpg 550w, https:\/\/www.enerjigazetesi.ist\/wp-content\/uploads\/2021\/07\/pedallar-golbasinin-guzelliklerine-dogru-surulecek-1-300x169.jpg 300w, https:\/\/www.enerjigazetesi.ist\/wp-content\/uploads\/2021\/07\/pedallar-golbasinin-guzelliklerine-dogru-surulecek-1-500x281.jpg 500w, https:\/\/www.enerjigazetesi.ist\/wp-content\/uploads\/2021\/07\/pedallar-golbasinin-guzelliklerine-dogru-surulecek-1-80x45.jpg 80w\" sizes=\"(max-width: 320px) 100vw, 320px\" \/>s\u00f6yleyen G\u00f6lba\u015f\u0131 Belediye Ba\u015fkan\u0131 Ramazan \u015eim\u015fek<em> \u201c<strong>1.Etap Bisiklet Yolu Projesi\u2019<\/strong>nin tamamlanmas\u0131yla birlikte toplamda <strong>13 bin metrekare<\/strong> alan \u00fczerine hayata ge\u00e7ecek olan <strong>Ta\u015fp\u0131nar Bisiklet Yolu<\/strong> projemizin de yap\u0131m \u00e7al\u0131\u015fmalar\u0131na ba\u015flad\u0131k. Projemizin <strong>6 bin 500 metrekaresi<\/strong> ye\u015fil alan <strong>5 bin 500 metrekaresi<\/strong> ise yap\u0131sal alandan olu\u015fuyor. <strong>650 metre<\/strong> bisiklet yolu, <strong>650 metre<\/strong> ko\u015fu yolu yolundan olu\u015facak projemiz sayesinde vatanda\u015flar\u0131m\u0131z <strong>sosyal aktivitelerini<\/strong> rahatl\u0131kla yapabilecek, \u015fehrin g\u00fcr\u00fclt\u00fcs\u00fcnden uzakta <strong>do\u011fa<\/strong> ile<strong> i\u00e7 i\u00e7e bisiklet<\/strong> s\u00fcrebilecekler. Bu kapsamda projelerimizde \u00e7al\u0131\u015fmalar\u0131m\u0131zda devam edecek\u201d<\/em> dedi.<\/p>\n<h2><strong>Bisiklet kullan\u0131m\u0131n\u0131 yayg\u0131nla\u015ft\u0131raca\u011f\u0131z<\/strong><\/h2>\n<p><strong>Bisiklet<\/strong> ve <strong>\u00e7evre dostu ilkesi<\/strong> ile hareket ettiklerini s\u00f6yleyen Ba\u015fkan Ramazan \u015eim\u015fek<em> \u201cAmac\u0131m\u0131z il\u00e7emizde bisiklet k\u00fclt\u00fcr\u00fcn\u00fcn her ge\u00e7en g\u00fcn art\u0131r\u0131lmas\u0131. \u015eehir merkezindeki <strong>trafik yo\u011funlu\u011funu<\/strong> <strong>azaltmak<\/strong> ve <strong>\u00e7evreci<\/strong> bir <strong>ula\u015f\u0131m a\u011f\u0131 olu\u015fturabilmek<\/strong> i\u00e7in <strong>bisiklet yolu a\u011flar\u0131<\/strong>m\u0131z\u0131 geni\u015fletece\u011fiz. Bu kapsamda bisikleti olmayan vatanda\u015flar\u0131m\u0131za hizmet edebilmek ad\u0131na hayata ge\u00e7irmi\u015f oldu\u011fumuz, <strong>Ak\u0131ll\u0131 Bisiklet Projesi\u00a0sistemimiz<\/strong> de vatanda\u015flar\u0131m\u0131z taraf\u0131ndan \u00e7ok g\u00fczel tepkiler ald\u0131.\u00a0<strong>Atat\u00fcrk Sahil Park ve Vilayetler Evi<\/strong>\u2019ne kurmu\u015f oldu\u011fumuz sistem ile kiralama yapabiliyor vatanda\u015flar\u0131m\u0131z. Gelin hep birlikte G\u00f6lba\u015f\u0131\u2019nda<strong> bisiklete binelim<\/strong>\u201d\u00a0<\/em>dedi.<\/p>\n<h2><strong>Size uygun kiralama sistemi<\/strong><\/h2>\n<p>Sisteme dair bilgiler de payla\u015fan Ba\u015fkan Ramazan \u015eim\u015fek <em>\u201cFarkl\u0131 kiralama sistemi mevcut. Bunlardan ilki mobil uygulamalar sayesinde. <strong>Telefonunuza indirece\u011finiz uygulama<\/strong> ile kiralama yap\u0131labiliyor. Bir di\u011fer y\u00f6ntem ise<strong> abonman kart sistemi<\/strong>. Vatanda\u015flar\u0131m\u0131z kartlar\u0131 abone noktalar\u0131ndan temin ederek, i\u00e7ine para y\u00fckleyip <strong>kiosklara okutarak kiralama<\/strong> sa\u011flayabiliyor, <strong>20 sn. i\u00e7inde<\/strong> bisikletlerini temin ediyor. <strong>Kredi kart\u0131<\/strong> ile <strong>kiralama<\/strong> ise sunmu\u015f oldu\u011fumuz bir di\u011fer alternatif. \u00d6zellikle y<strong>erli<\/strong> ve <strong>yabanc\u0131 turistler<\/strong> i\u00e7in bu sistem kolay.\u00a0Ayn\u0131 zamanda<strong> \u0130OS<\/strong> ve <strong>Android<\/strong> telefonlardan <strong>G\u00d6LB\u0130S uygulamas\u0131<\/strong>n\u0131 indirerek <strong>QR kod<\/strong> ile de <strong>kiralama<\/strong> yapabiliyor vatanda\u015flar\u201d<\/em> a\u00e7\u0131klamas\u0131nda bulundu.<\/p>","protected":false},"excerpt":{"rendered":"<p>Sorry, this entry is only available in Turkish. For the sake of viewer convenience, the content is shown below in the alternative language. You may click the link to switch the active language.G\u00f6lba\u015f\u0131 Belediye Ba\u015fkan\u0131 Ramazan \u015eim\u015fek 1. Etap Bisiklet Yolu Projesi\u2019nin tamamlanmas\u0131 sonras\u0131 bisiklet yolu projelerine h\u0131z kazand\u0131rd\u0131. Ta\u015fp\u0131nar Mahallesi Ko\u015fu ve Bisiklet Yolu [&hellip;]<\/p>\n","protected":false},"author":1,"featured_media":139161,"comment_status":"open","ping_status":"open","sticky":false,"template":"","format":"standard","meta":[],"categories":[53],"tags":[94072,94069,94074,80600,55941,94071,94075,84758,94070,94068,70786,57125,94073,94067],"views":83,"_links":{"self":[{"href":"https:\/\/www.enerjigazetesi.ist\/en\/wp-json\/wp\/v2\/posts\/139158"}],"collection":[{"href":"https:\/\/www.enerjigazetesi.ist\/en\/wp-json\/wp\/v2\/posts"}],"about":[{"href":"https:\/\/www.enerjigazetesi.ist\/en\/wp-json\/wp\/v2\/types\/post"}],"author":[{"embeddable":true,"href":"https:\/\/www.enerjigazetesi.ist\/en\/wp-json\/wp\/v2\/users\/1"}],"replies":[{"embeddable":true,"href":"https:\/\/www.enerjigazetesi.ist\/en\/wp-json\/wp\/v2\/comments?post=139158"}],"version-history":[{"count":0,"href":"https:\/\/www.enerjigazetesi.ist\/en\/wp-json\/wp\/v2\/posts\/139158\/revisions"}],"wp:featuredmedia":[{"embeddable":true,"href":"https:\/\/www.enerjigazetesi.ist\/en\/wp-json\/wp\/v2\/media\/139161"}],"wp:attachment":[{"href":"https:\/\/www.enerjigazetesi.ist\/en\/wp-json\/wp\/v2\/media?parent=139158"}],"wp:term":[{"taxonomy":"category","embeddable":true,"href":"https:\/\/www.enerjigazetesi.ist\/en\/wp-json\/wp\/v2\/categories?post=139158"},{"taxonomy":"post_tag","embeddable":true,"href":"https:\/\/www.enerjigazetesi.ist\/en\/wp-json\/wp\/v2\/tags?post=139158"}],"curies":[{"name":"wp","href":"https:\/\/api.w.org\/{rel}","templated":true}]}}