{"id":139047,"date":"2021-07-24T18:26:18","date_gmt":"2021-07-24T15:26:18","guid":{"rendered":"https:\/\/www.enerjigazetesi.ist\/?p=139047"},"modified":"2021-07-24T19:04:45","modified_gmt":"2021-07-24T16:04:45","slug":"ozel-tiyatrolarla-seyirciler-2-agustostan-itibaren-parklarda-bulusuyor","status":"publish","type":"post","link":"https:\/\/www.enerjigazetesi.ist\/en\/ozel-tiyatrolarla-seyirciler-2-agustostan-itibaren-parklarda-bulusuyor\/","title":{"rendered":"(Turkish) \u00d6zel Tiyatrolarla Seyirciler 2 A\u011fustos&#8217;tan \u0130tibaren Parklarda Bulu\u015fuyor!"},"content":{"rendered":"<p class=\"qtranxs-available-languages-message qtranxs-available-languages-message-en\">Sorry, this entry is only available in <a href=\"https:\/\/www.enerjigazetesi.ist\/tr\/wp-json\/wp\/v2\/posts\/139047\" class=\"qtranxs-available-language-link qtranxs-available-language-link-tr\" title=\"Turkish\">Turkish<\/a>. For the sake of viewer convenience, the content is shown below in the alternative language. You may click the link to switch the active language.<\/p><p><strong>Tiyatro Kooperatifi Yaz Bulu\u015fmalar\u0131\u2019yla \u00f6zel tiyatrolar uzun bir aradan sonra sahnelere d\u00f6n\u00fcyor, seyircileriyle parklarda bulu\u015fuyor! Kooperatif orta\u011f\u0131 tiyatrolar\u0131n \u00e7ocuk ve yeti\u015fkin oyunlar\u0131n\u0131n yer ald\u0131\u011f\u0131 dopdolu ve rengarenk bir program, seyircileri tiyatronun iyile\u015ftirici g\u00fcc\u00fcyle yeniden bir araya getirecek. <\/strong><\/p>\n<p><strong>02 A\u011fustos-25 Eyl\u00fcl 2021<\/strong> tarihleri aras\u0131nda d\u00fczenlenen<strong> Tiyatro Kooperatifi Yaz Bulu\u015fmalar\u0131<\/strong>, <strong>Fenerbah\u00e7e Park\u0131, Caddebostan Sahil Amfi Tiyatro<\/strong> ve <strong>Ata\u015fehir Deniz Gezmi\u015f Park\u0131 Amfi Tiyatro\u2019da<\/strong> ger\u00e7ekle\u015fecek. <strong>Ata\u015fehir Belediyesi<\/strong> ve<strong> Kad\u0131k\u00f6y Belediyesi<\/strong>\u2019nin katk\u0131lar\u0131, <strong>\u0130stanbul B\u00fcy\u00fck\u015fehir Belediyesi<\/strong>\u2019nin <strong>mekan deste\u011fiyle<\/strong> d\u00fczenlenen etkinli\u011fin <strong>Caddebostan program\u0131n\u0131<\/strong> Anadolu Efes destekliyor. Tiyatro severlere, \u00e7ok yak\u0131nda <strong><a href=\"https:\/\/www.mobilet.com\/\">Mobilet<\/a><\/strong>\u2019te sat\u0131\u015fa \u00e7\u0131kacak olan biletleri sat\u0131n <img loading=\"lazy\" class=\"alignright wp-image-139049\" src=\"https:\/\/www.enerjigazetesi.ist\/wp-content\/uploads\/2021\/07\/ozel-tiyatrolarla-seyirciler-2-agustostan-itibaren-parklarda-bulusuyor-2.jpg\" alt=\"\" width=\"320\" height=\"148\" srcset=\"https:\/\/www.enerjigazetesi.ist\/wp-content\/uploads\/2021\/07\/ozel-tiyatrolarla-seyirciler-2-agustostan-itibaren-parklarda-bulusuyor-2.jpg 431w, https:\/\/www.enerjigazetesi.ist\/wp-content\/uploads\/2021\/07\/ozel-tiyatrolarla-seyirciler-2-agustostan-itibaren-parklarda-bulusuyor-2-300x139.jpg 300w, https:\/\/www.enerjigazetesi.ist\/wp-content\/uploads\/2021\/07\/ozel-tiyatrolarla-seyirciler-2-agustostan-itibaren-parklarda-bulusuyor-2-80x37.jpg 80w\" sizes=\"(max-width: 320px) 100vw, 320px\" \/>al\u0131rken tiyatrolara destek vermek i\u00e7in se\u00e7enekler de sunulacak.<\/p>\n<p><strong>\u00d6zel tiyatrolar\u0131n<\/strong> sanatsal \u00fcretimini zenginle\u015ftirirken <strong>ekonomik, sosyal<\/strong> ve <strong>hukuki<\/strong> a\u00e7\u0131dan g\u00fc\u00e7lenmesini ve s\u00fcrd\u00fcr\u00fclebilir hale gelmesini sa\u011flamak amac\u0131yla kurulan ve ge\u00e7en ay <strong>2&#8217;inci ya\u015f\u0131n\u0131<\/strong> kutlayan<strong> Tiyatro Kooperatifi<\/strong>, yoluna <strong>64<\/strong> \u00f6zel tiyatronun dahil oldu\u011fu <strong>b\u00fcy\u00fck<\/strong> ve <strong>g\u00fc\u00e7l\u00fc<\/strong> bir yap\u0131 olarak devam ediyor. \u00d6zellikle pandemi d\u00f6nemindeki \u00e7al\u0131\u015fmalar\u0131yla dikkatleri \u00e7eken kooperatif, \u015fimdi de a\u00e7\u0131k havada d\u00fczenledi\u011fi <strong>Yaz Bulu\u015fmalar\u0131<\/strong>\u2019yla salg\u0131n nedeniyle aylard\u0131r birbirinden ayr\u0131 kalan tiyatrolar\u0131 seyircileriyle yeniden bir araya getirecek.<\/p>\n<h2><strong>YAZ BULU\u015eMALARI\u2019NDA 39 OYUN, 3 FARKLI MEKAN<\/strong><\/h2>\n<p><strong>2 A\u011fustos-25 Eyl\u00fcl 2021<\/strong> tarihleri aras\u0131nda ger\u00e7ekle\u015fecek <strong>Tiyatro Kooperatifi Yaz Bulu\u015fmalar\u0131<\/strong>\u2019n\u0131n zengin program\u0131nda, kooperatif orta\u011f\u0131 olan 39 tiyatro ekibinin \u00e7ocuk ve yeti\u015fkin oyunlar\u0131 sahnelenecek. <strong>Tiyatro Kooperatifi Yaz Bulu\u015fmalar\u0131<\/strong>,<strong> Fenerbah\u00e7e Park\u0131<\/strong>, <strong>Caddebostan Sahil Amfi Tiyatro <\/strong>ve <strong>Ata\u015fehir Deniz Gezmi\u015f Park\u0131 Amfi Tiyatro<\/strong>\u2019da d\u00fczenlenecek. <strong>Ata\u015fehir Belediyesi <\/strong>ve<strong> Kad\u0131k\u00f6y Belediyesi<\/strong>\u2019nin katk\u0131lar\u0131,<strong> \u0130BB<\/strong>\u2019nin mek\u00e2n deste\u011fiyle d\u00fczenlenen bulu\u015fmalar\u0131n Caddebostan\u2019daki etkinlikleri <strong>Anadolu Efes <\/strong>deste\u011fiyle ger\u00e7ekle\u015fecek.<\/p>\n<p><strong>2 A\u011fustos<\/strong>\u2019ta ba\u015flayacak<strong> Tiyatro Kooperatifi Yaz Bulu\u015fmalar\u0131<\/strong>\u2019n\u0131n program\u0131 kapsam\u0131nda <strong>Semaver Kumpanya, Biraderler Yap\u0131m, QPerformans, Tiyatro Mima, Atta Festival, Primat At\u00f6lye, Mesele Kumpanya, Tatavla Tiyatro, \u00d6yk\u00fc Sahne, Altkat Sanat, Entropi Sahne, Eyl\u00fcl Sahnesi, Reha \u00d6zcan Kumpanyas\u0131, Yap\u0131c\u0131 Tiyatro, Kumbarac\u013150, Tiyatro Alesta, Tiyatro Biteatral, Balkonda Sanat, Asmal\u0131 Sahne, Versus Tiyatro, EK\u0130P Tiyatrosu, Germinal Tiyatro, Kuzgun Yap\u0131m, Kad\u0131k\u00f6y Emek Tiyatrosu, \u0130kincikat, Tiyatro BeReZe, TiyatroTiyatral, Levent \u00dcz\u00fcmc\u00fc Tiyatrosu, Lavean Sanat, Tiyatro YanEtki, \u0130stanbulimpro, Tiyatro 11, Ankara Birlik Tiyatrosu, Tiyatro Hemh\u00e2l, Gaca Tiyatro, Apartman Sahne, Yolcu Tiyatro, Tiyatro D22 <\/strong>ve <strong>Altsahne<\/strong>\u2019nin oyunlar\u0131 sahnelenecek. <strong>11 A\u011fustos<\/strong>\u2019a kadar <strong>Fenerbah\u00e7e Park\u0131<\/strong>\u2019nda \u00e7ocuk oyunlar\u0131n\u0131n sahnelenece\u011fi program, <strong>17 A\u011fustos<\/strong>\u2019tan itibaren ay sonuna kadar <strong>Caddebostan Sahil Amfi Tiyatro<\/strong>\u2019da yeti\u015fkin oyunlar\u0131yla devam edecek. <strong>Tiyatro Kooperatifi Yaz Bulu\u015fmalar\u0131<\/strong> kapsam\u0131nda eyl\u00fcl ay\u0131nda ise <strong>Ata\u015fehir Deniz Gezmi\u015f Park\u0131 Amfi Tiyatro<\/strong>\u2019da yeti\u015fkin oyunlar\u0131 sahnelenecek. Oyun ba\u015flama saatinin \u00e7ocuk oyunlar\u0131 i\u00e7in <strong>19.00<\/strong>, yeti\u015fkin oyunlar\u0131 i\u00e7in <strong>21.00 <\/strong>oldu\u011fu program\u0131n biletleri \u00e7ok yak\u0131nda <strong><a href=\"https:\/\/www.mobilet.com\/\">Mobilet<\/a><\/strong>\u2019te sat\u0131\u015fa \u00e7\u0131kacak.<\/p>\n<h2><strong>DAYANI\u015eMAYA DESTEK VER\u0130N! <\/strong><\/h2>\n<p><strong>Tiyatro Kooperatifi Yaz Bulu\u015fmalar\u0131<\/strong>\u2019ndan elde edilen<strong> gelir<\/strong>,<strong> etkinlikte<\/strong> yer alan tiyatrolara aktar\u0131lacak.<strong> Kooperatif, salg\u0131n ko\u015fullar\u0131 sebebiyle<\/strong> sahnelerden ve seyircilerinden uzun s\u00fcre ayr\u0131 kalan <strong>tiyatrolara g\u00fc\u00e7 vermek<\/strong> ve bu<strong> dayan\u0131\u015fman\u0131n bir par\u00e7as\u0131 olmak<\/strong> isteyenlere, <strong>bilet sat\u0131n alma<\/strong> a\u015famas\u0131nda iki farkl\u0131 se\u00e7enek de sunacak. Tiyatro severler <strong>etkinlik bileti sat\u0131n al\u0131rken<\/strong> destek kategorilerini se\u00e7erek dayan\u0131\u015fmaya belirleyecekleri miktarda destek verebilecek ya da <strong>Tiyatro Kooperatifi Yaz Bulu\u015fmalar\u0131<\/strong> kapsam\u0131nda sahnelenecek bir<strong> oyunun destek\u00e7isi<\/strong> olarak dayan\u0131\u015fmaya ad\u0131n\u0131 yazd\u0131rabilecek. Oyun destek\u00e7ileri, etkinlik alan\u0131nda ve <strong>Tiyatro Kooperatifi<\/strong>\u2019nin sosyal medya hesaplar\u0131nda duyurulacak.<\/p>\n<p>Detayl\u0131 Etkinlik Takvimi \u0130\u00e7in:\u00a0<a href=\"https:\/\/tiyatrokooperatifi.org\/etkinlik-takvimi\/\" target=\"_blank\" rel=\"nofollow noopener\">https:\/\/tiyatrokooperatifi.org\/etkinlik-takvimi\/<\/a> adresini ziyaret edebilirsiniz.<\/p>","protected":false},"excerpt":{"rendered":"<p>Sorry, this entry is only available in Turkish. For the sake of viewer convenience, the content is shown below in the alternative language. You may click the link to switch the active language.Tiyatro Kooperatifi Yaz Bulu\u015fmalar\u0131\u2019yla \u00f6zel tiyatrolar uzun bir aradan sonra sahnelere d\u00f6n\u00fcyor, seyircileriyle parklarda bulu\u015fuyor! Kooperatif orta\u011f\u0131 tiyatrolar\u0131n \u00e7ocuk ve yeti\u015fkin oyunlar\u0131n\u0131n yer [&hellip;]<\/p>\n","protected":false},"author":1,"featured_media":139049,"comment_status":"open","ping_status":"open","sticky":false,"template":"","format":"standard","meta":[],"categories":[53],"tags":[93934,93935,93933,93932,92604,93931],"views":164,"_links":{"self":[{"href":"https:\/\/www.enerjigazetesi.ist\/en\/wp-json\/wp\/v2\/posts\/139047"}],"collection":[{"href":"https:\/\/www.enerjigazetesi.ist\/en\/wp-json\/wp\/v2\/posts"}],"about":[{"href":"https:\/\/www.enerjigazetesi.ist\/en\/wp-json\/wp\/v2\/types\/post"}],"author":[{"embeddable":true,"href":"https:\/\/www.enerjigazetesi.ist\/en\/wp-json\/wp\/v2\/users\/1"}],"replies":[{"embeddable":true,"href":"https:\/\/www.enerjigazetesi.ist\/en\/wp-json\/wp\/v2\/comments?post=139047"}],"version-history":[{"count":0,"href":"https:\/\/www.enerjigazetesi.ist\/en\/wp-json\/wp\/v2\/posts\/139047\/revisions"}],"wp:featuredmedia":[{"embeddable":true,"href":"https:\/\/www.enerjigazetesi.ist\/en\/wp-json\/wp\/v2\/media\/139049"}],"wp:attachment":[{"href":"https:\/\/www.enerjigazetesi.ist\/en\/wp-json\/wp\/v2\/media?parent=139047"}],"wp:term":[{"taxonomy":"category","embeddable":true,"href":"https:\/\/www.enerjigazetesi.ist\/en\/wp-json\/wp\/v2\/categories?post=139047"},{"taxonomy":"post_tag","embeddable":true,"href":"https:\/\/www.enerjigazetesi.ist\/en\/wp-json\/wp\/v2\/tags?post=139047"}],"curies":[{"name":"wp","href":"https:\/\/api.w.org\/{rel}","templated":true}]}}