{"id":138758,"date":"2021-07-19T12:47:46","date_gmt":"2021-07-19T09:47:46","guid":{"rendered":"https:\/\/www.enerjigazetesi.ist\/?p=138758"},"modified":"2021-07-19T12:51:02","modified_gmt":"2021-07-19T09:51:02","slug":"imsad-yesil-mutakabata-uyum-icin-yol-haritamizi-olusturmaliyiz","status":"publish","type":"post","link":"https:\/\/www.enerjigazetesi.ist\/en\/imsad-yesil-mutakabata-uyum-icin-yol-haritamizi-olusturmaliyiz\/","title":{"rendered":"(Turkish) T\u00fcrkiye \u0130MSAD: &#8220;Ye\u015fil Mutakabat\u2019a Uyum \u0130\u00e7in Yol Haritam\u0131z\u0131 Olu\u015fturmal\u0131y\u0131z&#8221;"},"content":{"rendered":"<p class=\"qtranxs-available-languages-message qtranxs-available-languages-message-en\">Sorry, this entry is only available in <a href=\"https:\/\/www.enerjigazetesi.ist\/tr\/wp-json\/wp\/v2\/posts\/138758\" class=\"qtranxs-available-language-link qtranxs-available-language-link-tr\" title=\"Turkish\">Turkish<\/a>. For the sake of viewer convenience, the content is shown below in the alternative language. You may click the link to switch the active language.<\/p><p><strong>T\u00fcrkiye \u0130MSAD, Avrupa Komisyonu\u2019nun \u2018Ye\u015fil Mutabakat\u2019 kapsam\u0131nda\u00a0<\/strong><strong>enerji, sanayi, ula\u015f\u0131m ve binalarda enerji verimlili\u011fine y\u00f6nelik<\/strong><strong>\u00a0\u00f6nlemleri i\u00e7eren \u2018Fit for 55\u2019 paketini kabul etmesini ve T\u00fcrkiye\u2019de \u2018Ye\u015fil Mutabakat \u00c7al\u0131\u015fma Grubu\u2019 olu\u015fturulmas\u0131n\u0131 de\u011ferlendirdi.\u00a0<\/strong><strong>Ye\u015fil Mutabakat\u2019\u0131n\u00a0AB ile ticaret yapan t\u00fcm \u00fclkeleri ilgilendirdi\u011fini vurgulayan\u00a0<\/strong><strong>T\u00fcrkiye \u0130MSAD Y\u00f6netim Kurulu Ba\u015fkan\u0131 Tayfun K\u00fc\u00e7\u00fcko\u011flu,<em> \u201c<\/em><\/strong><em><strong>Ye\u015fil Mutabakat ve s\u0131n\u0131rda karbon vergisi konusunu art\u0131k \u00fclkemizde g\u00fcndemin en \u00f6nemli maddelerinden biri olarak g\u00f6rmemiz gerekiyor.<\/strong><strong>\u00a0S\u0131n\u0131rda karbon vergisinin 2026 itibar\u0131yla ba\u015flamas\u0131n\u0131n kararla\u015ft\u0131r\u0131ld\u0131\u011f\u0131 paketi olumlu de\u011ferlendirmeli, AB\u2019nin ticaret orta\u011f\u0131 olarak ge\u00e7i\u015f s\u00fcrecini iyi y\u00f6netmeli, Ye\u015fil Mutabakat\u2019a uyum i\u00e7in \u015fimdiden\u00a0<\/strong><\/em><strong><em>yol haritam\u0131z\u0131 olu\u015fturmal\u0131y\u0131z\u201d<\/em> dedi.\u00a0<\/strong><\/p>\n<p>Avrupa Komisyonu, AB\u2019nin iklim, enerji, arazi kullan\u0131m\u0131, ula\u015f\u0131m ve vergilendirme politikalar\u0131n\u0131 kapsayan Ye\u015fil Mutabakat\u2019\u0131n \u00f6nemli bir par\u00e7as\u0131 olan<strong> \u2018Fit for 55\u2019<\/strong> (Y\u00fczde 55 hedefine uygunluk) teklif paketini <strong>14 Temmuz 2021<\/strong> tarihinde kabul etti. AB\u2019nin<strong> 1990 seviyelerine<\/strong> k\u0131yasla <strong>karbon sal\u0131m\u0131n\u0131<\/strong> <strong>2030 y\u0131l\u0131na<\/strong> kadar <strong>y\u00fczde 55<\/strong> oran\u0131nda azaltma hedefiyle <strong>uygulamaya ald\u0131\u011f\u0131 paket<\/strong> ile \u00f6n\u00fcm\u00fczdeki<strong> 10 <img loading=\"lazy\" class=\"alignright wp-image-138760\" src=\"https:\/\/www.enerjigazetesi.ist\/wp-content\/uploads\/2021\/07\/imsad-yesil-mutakabata-uyum-icin-yol-haritamizi-olusturmaliyiz.jpg\" alt=\"\" width=\"290\" height=\"257\" srcset=\"https:\/\/www.enerjigazetesi.ist\/wp-content\/uploads\/2021\/07\/imsad-yesil-mutakabata-uyum-icin-yol-haritamizi-olusturmaliyiz.jpg 550w, https:\/\/www.enerjigazetesi.ist\/wp-content\/uploads\/2021\/07\/imsad-yesil-mutakabata-uyum-icin-yol-haritamizi-olusturmaliyiz-300x266.jpg 300w, https:\/\/www.enerjigazetesi.ist\/wp-content\/uploads\/2021\/07\/imsad-yesil-mutakabata-uyum-icin-yol-haritamizi-olusturmaliyiz-451x400.jpg 451w, https:\/\/www.enerjigazetesi.ist\/wp-content\/uploads\/2021\/07\/imsad-yesil-mutakabata-uyum-icin-yol-haritamizi-olusturmaliyiz-56x50.jpg 56w, https:\/\/www.enerjigazetesi.ist\/wp-content\/uploads\/2021\/07\/imsad-yesil-mutakabata-uyum-icin-yol-haritamizi-olusturmaliyiz-500x444.jpg 500w\" sizes=\"(max-width: 290px) 100vw, 290px\" \/>y\u0131lda<\/strong> hedeflenen seviyelere ula\u015f\u0131lmas\u0131, Avrupa\u2019n\u0131n 2050 y\u0131l\u0131na kadar d\u00fcnyan\u0131n <strong>iklim a\u00e7\u0131s\u0131ndan n\u00f6tr<\/strong> ilk k\u0131tas\u0131 olmas\u0131n\u0131n sa\u011flanmas\u0131 ve<strong> Avrupa Ye\u015fil Mutakabat\u0131\u2019n\u0131n<\/strong> ger\u00e7e\u011fe d\u00f6n\u00fc\u015fmesi ama\u00e7lan\u0131yor.<\/p>\n<p>AB\u2019nin ye\u015fil d\u00f6n\u00fc\u015f\u00fcm\u00fc yasal bir boyuta ta\u015f\u0131d\u0131\u011f\u0131n\u0131 belirten <strong>T\u00fcrkiye \u0130MSAD Y\u00f6netim Kurulu Ba\u015fkan\u0131 Tayfun K\u00fc\u00e7\u00fcko\u011flu<\/strong>, <span style=\"text-decoration: underline;\">\u015funlar\u0131 s\u00f6yledi:<\/span><em> &#8220;\u00d6nemli bir k\u0131sm\u0131n\u0131 s\u0131n\u0131rda karbon d\u00fczenlemesinin olu\u015fturdu\u011fu \u2018Ye\u015fil Mutabakat\u2019\u0131n kapsad\u0131\u011f\u0131 <strong>enerji, sanayi, ula\u015f\u0131m<\/strong> ve<strong> binalarda enerji verimlili\u011fine<\/strong> y\u00f6nelik \u00f6nlemler,\u00a0<strong>AB<\/strong> ile <strong>ticaret<\/strong> yapan t\u00fcm \u00fclkeleri direkt ilgilendiriyor.\u00a0<strong>Avrupa Birli\u011fi<\/strong> 2011 y\u0131l\u0131nda, Ocak 2020\u2019den itibaren s\u0131n\u0131rda<strong> karbon vergisi uygulanaca\u011f\u0131n\u0131<\/strong> a\u00e7\u0131klam\u0131\u015ft\u0131.\u00a0S\u0131n\u0131rda karbon uygulamas\u0131n\u0131n ilk a\u015famada <strong>\u00e7imento, demir-\u00e7elik, al\u00fcminyum, g\u00fcbre<\/strong> ve<strong> enerji sanayilerinde<\/strong> 2026&#8217;dan itibaren ba\u015flayaca\u011f\u0131n\u0131n duyurulmas\u0131n\u0131 olumlu bir geli\u015fme olarak de\u011ferlendirmeliyiz. S\u00f6z konusu tarihte\u00a0ba\u015flayacak bu uygulama ile \u00fclkeler, <strong>k\u00fcresel<\/strong> ve b\u00f6lgesel ticarette <strong>AB\u2019nin ticaret orta\u011f\u0131<\/strong> olarak yoluna devam edecek.<\/em><\/p>\n<p><em>T\u00fcrkiye\u2019yi \u00fcretim \u00fcss\u00fc olarak d\u00fc\u015f\u00fcn\u00fcrsek, bizim gibi <strong>enerji yo\u011fun sekt\u00f6rlerin<\/strong> a\u011f\u0131rl\u0131kl\u0131 oldu\u011fu bir \u00fclkede \u2018Ye\u015fil Mutabakat\u2019a uyum sa\u011flamam\u0131z ve bu s\u00fcreci iyi y\u00f6netmemiz gerekiyor. Bunu bir f\u0131rsat olarak de\u011ferlendirmek, haz\u0131rl\u0131klar\u0131 son g\u00fcne b\u0131rakmamak ad\u0131na \u00f6n\u00fcm\u00fczdeki<strong> 5 y\u0131l<\/strong> i\u00e7in \u015fimdiden yol haritam\u0131z\u0131 olu\u015fturmal\u0131y\u0131z.\u00a0<\/em><\/p>\n<p><em><strong>K\u0131sa vadeli projeler<\/strong> g\u00fcn\u00fcm\u00fczde enerjimizin \u00f6nemli bir k\u0131sm\u0131n\u0131 al\u0131yor ancak bilmeliyiz ki, hedefledi\u011fimiz <strong>\u00e7a\u011fda\u015fl\u0131k seviyesine ula\u015fabilmek<\/strong> ve hak etti\u011fimiz ileri seviyede ya\u015fayabilmek i\u00e7in gelece\u011fe yat\u0131r\u0131m yapmal\u0131y\u0131z. Bug\u00fcn <strong>s\u00fcrd\u00fcr\u00fclebilir kalk\u0131nman\u0131n \u00f6nemli<\/strong> bir halkas\u0131 olan in\u015faat malzemesi sanayicileri olarak, <strong>orta-uzun vadeli projelere<\/strong> daha fazla \u00f6nem vererek zaman\u0131 iyi ve verimli kullanaca\u011f\u0131m\u0131za inan\u0131yorum.&#8221;<\/em><\/p>\n<h2><strong>\u2018Ye\u015fil Mutabakat Eylem Plan\u0131\u2019 ile \u00f6nemli bir ad\u0131m at\u0131ld\u0131<\/strong><\/h2>\n<p>Ayr\u0131ca T\u00fcrkiye\u2019de, Cumhurba\u015fkanl\u0131\u011f\u0131\u2019n\u0131n <strong>\u2018Ye\u015fil Mutabakat Eylem Plan\u0131\u2019<\/strong>na ili\u015fkin genelge yay\u0131mlayarak, <strong>Ticaret Bakanl\u0131\u011f\u0131<\/strong> taraf\u0131ndan yay\u0131mlanan <strong>eylem plan\u0131n\u0131n uygulanmas\u0131na<\/strong> y\u00f6nelik <strong>Ticaret Bakanl\u0131\u011f\u0131<\/strong> ve ilgili di\u011fer bakanl\u0131k temsilcilerinin yer ald\u0131\u011f\u0131 <strong>\u2018Ye\u015fil Mutabakat \u00c7al\u0131\u015fma Grubu\u2019<\/strong> olu\u015fturmas\u0131yla <strong>s\u00fcrd\u00fcr\u00fclebilir ekonomik b\u00fcy\u00fcme<\/strong> i\u00e7in \u00f6nemli bir ad\u0131m at\u0131ld\u0131\u011f\u0131n\u0131 vurgulayan<strong>\u00a0Tayfun K\u00fc\u00e7\u00fcko\u011flu,<\/strong> <em>\u201cT\u00fcrkiye in\u015faat malzemesi sanayisini temsil eden bir \u00e7at\u0131 kurulu\u015f olarak bu konuda yap\u0131lacak \u00e7al\u0131\u015fmalar i\u00e7in \u00fcst\u00fcm\u00fcze d\u00fc\u015fen sorumluluklar\u0131 yerine getirmeye ve kamu temsilcilerine, ihtiya\u00e7 duyacaklar\u0131 alanlarda her t\u00fcrl\u00fc deste\u011fi vermeye haz\u0131r\u0131z\u201d<\/em> diye konu\u015ftu.<\/p>","protected":false},"excerpt":{"rendered":"<p>Sorry, this entry is only available in Turkish. For the sake of viewer convenience, the content is shown below in the alternative language. You may click the link to switch the active language.T\u00fcrkiye \u0130MSAD, Avrupa Komisyonu\u2019nun \u2018Ye\u015fil Mutabakat\u2019 kapsam\u0131nda\u00a0enerji, sanayi, ula\u015f\u0131m ve binalarda enerji verimlili\u011fine y\u00f6nelik\u00a0\u00f6nlemleri i\u00e7eren \u2018Fit for 55\u2019 paketini kabul etmesini ve T\u00fcrkiye\u2019de [&hellip;]<\/p>\n","protected":false},"author":1,"featured_media":138761,"comment_status":"open","ping_status":"open","sticky":false,"template":"","format":"standard","meta":[],"categories":[51,53,52],"tags":[93541,488,52259,11427,93544,57125,70716,89974,93542,93543,89051],"views":174,"_links":{"self":[{"href":"https:\/\/www.enerjigazetesi.ist\/en\/wp-json\/wp\/v2\/posts\/138758"}],"collection":[{"href":"https:\/\/www.enerjigazetesi.ist\/en\/wp-json\/wp\/v2\/posts"}],"about":[{"href":"https:\/\/www.enerjigazetesi.ist\/en\/wp-json\/wp\/v2\/types\/post"}],"author":[{"embeddable":true,"href":"https:\/\/www.enerjigazetesi.ist\/en\/wp-json\/wp\/v2\/users\/1"}],"replies":[{"embeddable":true,"href":"https:\/\/www.enerjigazetesi.ist\/en\/wp-json\/wp\/v2\/comments?post=138758"}],"version-history":[{"count":0,"href":"https:\/\/www.enerjigazetesi.ist\/en\/wp-json\/wp\/v2\/posts\/138758\/revisions"}],"wp:featuredmedia":[{"embeddable":true,"href":"https:\/\/www.enerjigazetesi.ist\/en\/wp-json\/wp\/v2\/media\/138761"}],"wp:attachment":[{"href":"https:\/\/www.enerjigazetesi.ist\/en\/wp-json\/wp\/v2\/media?parent=138758"}],"wp:term":[{"taxonomy":"category","embeddable":true,"href":"https:\/\/www.enerjigazetesi.ist\/en\/wp-json\/wp\/v2\/categories?post=138758"},{"taxonomy":"post_tag","embeddable":true,"href":"https:\/\/www.enerjigazetesi.ist\/en\/wp-json\/wp\/v2\/tags?post=138758"}],"curies":[{"name":"wp","href":"https:\/\/api.w.org\/{rel}","templated":true}]}}