{"id":138747,"date":"2021-07-19T12:32:43","date_gmt":"2021-07-19T09:32:43","guid":{"rendered":"https:\/\/www.enerjigazetesi.ist\/?p=138747"},"modified":"2021-07-19T12:32:43","modified_gmt":"2021-07-19T09:32:43","slug":"yased-ten-avrupa-yesil-mutabakati-na-uyum-icin-atilan-adimlara-tam-destek","status":"publish","type":"post","link":"https:\/\/www.enerjigazetesi.ist\/en\/yased-ten-avrupa-yesil-mutabakati-na-uyum-icin-atilan-adimlara-tam-destek\/","title":{"rendered":"(Turkish) YASED&#8217;ten Avrupa Ye\u015fil Mutabakat\u0131 \u0130\u00e7in At\u0131lan Uyum Ad\u0131mlar\u0131na Tam Destek!"},"content":{"rendered":"<p class=\"qtranxs-available-languages-message qtranxs-available-languages-message-en\">Sorry, this entry is only available in <a href=\"https:\/\/www.enerjigazetesi.ist\/tr\/wp-json\/wp\/v2\/posts\/138747\" class=\"qtranxs-available-language-link qtranxs-available-language-link-tr\" title=\"Turkish\">Turkish<\/a>. For the sake of viewer convenience, the content is shown below in the alternative language. You may click the link to switch the active language.<\/p><p><strong>&#8220;Ye\u015fil Mutabakat Eylem Plan\u0131 2021&#8221; hakk\u0131nda a\u00e7\u0131klamalarda bulunan Uluslararas\u0131 Yat\u0131r\u0131mc\u0131lar Derne\u011fi (YASED) Ba\u015fkan\u0131 Ay\u015fem Sarg\u0131n, <em>\u201cBu eylem plan\u0131 ile T\u00fcrkiye, d\u00fcnya trendleri ile uyumlu olarak, ye\u015fil yat\u0131r\u0131mlar\u0131n \u00fclkeye \u00e7ekilmesi ve ilgili t\u00fcm politika alanlar\u0131nda ye\u015fil d\u00f6n\u00fc\u015f\u00fcm\u00fcn desteklenmesini hedefleyen yol haritas\u0131n\u0131 ortaya koyuyor. YASED olarak T\u00fcrkiye\u2019nin Avrupa Ye\u015fil Mutabakat\u0131\u2019na uyum s\u00fcrecini bir \u00f6ncelikli hedef haline getirmesini memnuniyetle kar\u015f\u0131l\u0131yoruz. Bu s\u00fcrece olu\u015fturdu\u011fumuz \u201cS\u00fcrd\u00fcr\u00fclebilir Kalk\u0131nma Platformumuz\u201d kapsam\u0131ndaki etkinlikler ve ye\u015fil d\u00f6n\u00fc\u015f\u00fcm\u00fc destekleyici \u00e7al\u0131\u015fmalar ile katk\u0131 sa\u011flayaca\u011f\u0131z\u201d<\/em> dedi.<\/strong><\/p>\n<p><strong>T.C. Cumhurba\u015fkanl\u0131\u011f\u0131 Genelgesi<\/strong> ile <strong>16\/7\/2021<\/strong> tarihli <strong>Resmi Gazete<\/strong>&#8216;de duyurusu yap\u0131lan ve T.C. Ticaret Bakanl\u0131\u011f\u0131\u2019nca yay\u0131nlanan &#8220;Ye\u015fil Mutabakat Eylem Plan\u0131 2021&#8221; hakk\u0131nda a\u00e7\u0131klamalarda bulunan Uluslararas\u0131 Yat\u0131r\u0131mc\u0131lar Derne\u011fi (YASED) Ba\u015fkan\u0131 Ay\u015fem Sarg\u0131n, d\u00fcnyada giderek \u00f6nem kazanan <strong>ye\u015fil <img loading=\"lazy\" class=\"alignright wp-image-138751\" src=\"https:\/\/www.enerjigazetesi.ist\/wp-content\/uploads\/2021\/07\/yased-ten-avrupa-yesil-mutabakati-na-uyum-icin-atilan-adimlara-tam-destek.jpg\" alt=\"\" width=\"320\" height=\"180\" srcset=\"https:\/\/www.enerjigazetesi.ist\/wp-content\/uploads\/2021\/07\/yased-ten-avrupa-yesil-mutabakati-na-uyum-icin-atilan-adimlara-tam-destek.jpg 550w, https:\/\/www.enerjigazetesi.ist\/wp-content\/uploads\/2021\/07\/yased-ten-avrupa-yesil-mutabakati-na-uyum-icin-atilan-adimlara-tam-destek-300x169.jpg 300w, https:\/\/www.enerjigazetesi.ist\/wp-content\/uploads\/2021\/07\/yased-ten-avrupa-yesil-mutabakati-na-uyum-icin-atilan-adimlara-tam-destek-500x281.jpg 500w, https:\/\/www.enerjigazetesi.ist\/wp-content\/uploads\/2021\/07\/yased-ten-avrupa-yesil-mutabakati-na-uyum-icin-atilan-adimlara-tam-destek-80x45.jpg 80w\" sizes=\"(max-width: 320px) 100vw, 320px\" \/>ekonomi kavram\u0131n\u0131n pandemi<\/strong> ile birlikte daha da ivme kazand\u0131\u011f\u0131n\u0131 s\u00f6yledi. <strong>K\u00fcreselle\u015fen d\u00fcnyadaki<\/strong> g\u00fcndemi yakalaman\u0131n \u00f6nemine dikkat \u00e7eken Sarg\u0131n <span style=\"text-decoration: underline;\">\u015funlar\u0131 s\u00f6yledi:<\/span><\/p>\n<p><em>\u201cD\u00fcnyadaki son geli\u015fmelere de bakt\u0131\u011f\u0131m\u0131zda, AB\u2019nin <strong>2050 y\u0131l\u0131na<\/strong> kadar <strong>s\u0131f\u0131r karbon sal\u0131n\u0131m\u0131<\/strong> hedefi ile yola \u00e7\u0131km\u0131\u015f oldu\u011fu<strong> Avrupa Ye\u015fil Mutabakat\u0131 (AYM)<\/strong> \u00e7er\u00e7evesinde bir\u00e7ok sekt\u00f6rde standart ve uygulamalar\u0131 de\u011fi\u015ftirdi\u011fini g\u00f6r\u00fcyoruz. Bu kapsamda; T\u00fcrkiye\u2019deki <strong>yerli<\/strong> ve <strong>yabanc\u0131 sermayeli<\/strong> i\u015fletmeleri yak\u0131ndan ilgilendiren S\u0131n\u0131rda <strong>Karbon D\u00fczenlemesi Mekanizmas\u0131<\/strong>n\u0131n ve <strong>S\u00fcrd\u00fcr\u00fclebilir \u00dcr\u00fcn reg\u00fclasyonlar\u0131<\/strong>n\u0131n da yak\u0131nda yay\u0131nlanmas\u0131n\u0131 bekliyoruz. <strong>S\u0131f\u0131r at\u0131k hedefi<\/strong> ve<strong> d\u00f6ng\u00fcsel ekonomi yakla\u015f\u0131m\u0131<\/strong>, sadece i\u015fletmelerin de\u011fil vatanda\u015flar\u0131n ya\u015fam bi\u00e7imlerinin de de\u011fi\u015fmesini ve d\u00f6n\u00fc\u015fmesini gerektiriyor. T\u00fcrkiye\u2019nin de bu d\u00f6n\u00fc\u015f\u00fcme uyum sa\u011flayacak destekler ve bu t\u00fcr <strong>inisiyatifleri oda\u011f\u0131na<\/strong> alan politikalar geli\u015ftirmesini, ba\u015fta <strong>enerji<\/strong> ve <strong>sanayi<\/strong> olmak \u00fczere ilgili t\u00fcm alanlarda <strong>uyumun sa\u011flanmas\u0131 a\u00e7\u0131s\u0131ndan \u00f6nemli<\/strong> buluyoruz.<\/em><\/p>\n<p><em>Yak\u0131n bir tarihte yay\u0131nlanm\u0131\u015f olan <strong>T\u00fcrkiye Uluslararas\u0131 Do\u011frudan Yat\u0131r\u0131m (UDY) Stratejisi<\/strong> \u00a0belgesinde de i\u015f ortam\u0131 ve d\u00fczenleyici \u00e7er\u00e7evede <strong>BM SKA<\/strong> ve <strong>AYM<\/strong>\u2019ye uyumu art\u0131racak \u00e7al\u0131\u015fmalar\u0131n ve <strong>sekt\u00f6rlerin d\u00f6n\u00fc\u015f\u00fcm\u00fcn\u00fc destekleyici te\u015fvik mekanizmalar\u0131n\u0131n<\/strong> tasarlanmas\u0131n\u0131n birer \u00f6ncelikli eylem olarak belirlendi\u011fini g\u00f6rm\u00fc\u015ft\u00fck. <strong>UDY Stratejisi<\/strong>ni takiben, yine bu \u00e7er\u00e7evede, <strong>Yat\u0131r\u0131mlarda Devlet Yard\u0131mlar\u0131 Hakk\u0131nda Karar<\/strong>\u2019da yap\u0131lan de\u011fi\u015fiklikle \u00f6ncelikli yat\u0131r\u0131mlar kapsam\u0131nda yer alan \u00e7evre yat\u0131r\u0131mlar\u0131 tan\u0131m\u0131 revize edilerek <strong>at\u0131k azalt\u0131m\u0131<\/strong> ile birlikte <strong>emisyon azalt\u0131m\u0131<\/strong> ve <strong>su tasarrufuna<\/strong> y\u00f6nelik yat\u0131r\u0131mlar da te\u015fvik kapsam\u0131na al\u0131nm\u0131\u015ft\u0131. Bu olumlu geli\u015fmelerin \u00fczerine, Ticaret Bakanl\u0131\u011f\u0131m\u0131z taraf\u0131ndan yay\u0131nlanan eylem plan\u0131n\u0131 ise, \u00fclkemizin AB ba\u015fta olmak \u00fczere, \u00fc\u00e7\u00fcnc\u00fc \u00fclkelere ihracat\u0131nda <strong>rekabet\u00e7ili\u011finin korunmas\u0131<\/strong> ve <strong>g\u00fc\u00e7lendirilmesi<\/strong> hedefleri do\u011frultusunda \u00f6nemli bir ad\u0131m olarak g\u00f6r\u00fcyoruz. Bu alanda sa\u011flanacak ilerlemenin \u00fclkemizin rekabet\u00e7ili\u011finin art\u0131r\u0131larak <strong>k\u00fcresel de\u011fer zincirlerine entegrasyonu<\/strong>nun geli\u015ftirilmesi ve uluslararas\u0131 yat\u0131r\u0131mlardan alaca\u011f\u0131 pay\u0131n art\u0131r\u0131lmas\u0131 hedeflerine de katk\u0131 sa\u011flayacak olmas\u0131n\u0131 YASED olarak ayr\u0131ca \u00f6nemsiyoruz. <strong>Eylem Plan\u0131n\u0131n haz\u0131rlanmas\u0131<\/strong>na <strong>YASED<\/strong> olarak olu\u015fturdu\u011fumuz <strong>\u201cS\u00fcrd\u00fcr\u00fclebilir Kalk\u0131nma Platformu\u201d<\/strong> kapsam\u0131nda ger\u00e7ekle\u015ftirdi\u011fimiz faaliyetlerimizle biz de katk\u0131 sa\u011flad\u0131k. Bundan sonra da, \u00fcyemiz <strong>uluslararas\u0131 yat\u0131r\u0131mc\u0131lar<\/strong> ve <strong>Kamu Kurumlar\u0131<\/strong> ba\u015fta olmak \u00fczere ilgili t\u00fcm payda\u015flar\u0131m\u0131zla \u00e7al\u0131\u015farak <strong>Eylem Plan\u0131n\u0131n<\/strong> hayata ge\u00e7mesine desteklerimizi s\u00fcrd\u00fcrece\u011fiz.\u201d<\/em><\/p>\n<h2><strong>YASED ye\u015fil d\u00f6n\u00fc\u015f\u00fcm s\u00fcrecini destekleyecek bir\u00e7ok uluslararas\u0131 organizasyon ger\u00e7ekle\u015ftirecek<\/strong><\/h2>\n<p>YASED olarak <strong>T\u00fcrkiye\u2019nin Ye\u015fil Mutabakat s\u00fcrecine<\/strong> haz\u0131rlanmas\u0131 ve do\u011fabilecek f\u0131rsatlardan azami d\u00fczeyde faydalanmas\u0131 hedefiyle; <strong>kamu, \u00f6zel sekt\u00f6r<\/strong> ve <strong>uluslararas\u0131 kurulu\u015flarla \u00e7al\u0131\u015fmalar<\/strong> y\u00fcr\u00fctt\u00fcklerini anlatan YASED Ba\u015fkan\u0131 Sarg\u0131n, <em>\u201c<strong>265<\/strong> \u00fcyemizin <strong>149<\/strong>\u2019unun <strong>AB men\u015feili<\/strong> <strong>firmalar<\/strong> olmas\u0131 nedeniyle, kendimizi m\u00fczakere masas\u0131nda g\u00f6r\u00fcyor, <strong>AB kurumlar\u0131<\/strong> ile bu bak\u0131\u015f a\u00e7\u0131s\u0131 ile ileti\u015fim kuruyoruz. \u00dcyelerimizin \u00e7o\u011funun <strong>s\u00fcrd\u00fcr\u00fclebilirlik odakl\u0131 taahh\u00fctleri<\/strong> var ve bu konuda \u00f6nemli yat\u0131r\u0131mlar yap\u0131yor,<strong> i\u015f modellerini<\/strong> de\u011fi\u015ftirecek <strong>ciddi hamleler<\/strong> ger\u00e7ekle\u015ftiriyorlar. Bu tecr\u00fcbenin \u00fclkemiz sanayisine aktar\u0131m\u0131 ve yayg\u0131nla\u015ft\u0131r\u0131lmas\u0131nda YASED olarak \u00f6nemli rol oynayaca\u011f\u0131m\u0131z\u0131 d\u00fc\u015f\u00fcn\u00fcyoruz. Bu hedef do\u011frultusunda olu\u015fturdu\u011fumuz, <strong>S\u00fcrd\u00fcr\u00fclebilir Kalk\u0131nma Platformu<\/strong>muz kapsam\u0131nda, belirlenen sekt\u00f6rlerdeki \u00fcyelerimizin \u00fcst d\u00fczey y\u00f6neticilerinin <strong>ye\u015fil d\u00f6n\u00fc\u015f\u00fcm s\u00fcre\u00e7lerinde<\/strong> elde ettikleri deneyim ve bilgileri payla\u015facaklar\u0131, <strong>Ticaret Bakanl\u0131\u011f\u0131<\/strong> ve uluslararas\u0131 sekt\u00f6r temsilcilerinin de katk\u0131 ve kat\u0131l\u0131m sa\u011flayaca\u011f\u0131 <strong>\u00e7\u0131kt\u0131 odakl\u0131 \u00e7al\u0131\u015ftaylar<\/strong> ve <strong>konferanslar<\/strong> d\u00fczenlemeyi ve bu y\u0131l sonunda d\u00fczenleyece\u011fimiz uluslararas\u0131 yat\u0131r\u0131mlar zirvemizde <strong>ye\u015fil d\u00f6n\u00fc\u015f\u00fcm\u00fc<\/strong> bir tema olarak ele almay\u0131 planl\u0131yoruz. Platform kapsam\u0131nda y\u00fcr\u00fctece\u011fimiz \u00e7al\u0131\u015fmalar ile \u00f6zel sekt\u00f6r, ilgili<strong> sivil toplum kurulu\u015flar\u0131<\/strong> ve <strong>politika yap\u0131c\u0131lar<\/strong> aras\u0131nda ortak menfaatler do\u011frultusunda g\u00fc\u00e7l\u00fc bir etkile\u015fim olu\u015fturmay\u0131, <strong>ye\u015fil mutabakata intibak\u0131<\/strong> en sa\u011fl\u0131kl\u0131 bi\u00e7imde sa\u011flayacak d\u00fczenlemelerin hayata ge\u00e7irilmesine katk\u0131 vermeyi ve bu d\u00f6n\u00fc\u015f\u00fcm\u00fc destekleyecek Ufuk Avrupa ba\u015fta olmak \u00fczere mevcut ve <strong>potansiyel finansman<\/strong> ve <strong>te\u015fvik<\/strong> olanaklar\u0131ndan en iyi bir bi\u00e7imde yararlan\u0131lmas\u0131na destek olmay\u0131 ama\u00e7l\u0131yoruz. Hedeflerimiz aras\u0131nda,<strong> ye\u015fil d\u00f6n\u00fc\u015f\u00fcm s\u00fcrecinde<\/strong> kamu politikalar\u0131n\u0131n geli\u015ftirilmesini destekleyecek <strong>sekt\u00f6rel analiz<\/strong> ve<strong> etki analizleri<\/strong> \u00e7al\u0131\u015fmalar\u0131, ve \u00fclkemizde <strong>ye\u015fil d\u00f6n\u00fc\u015f\u00fcme katk\u0131<\/strong> veren teknolojiler geli\u015ftiren<strong> startup\u2019larla<\/strong> \u00fcyelerimiz aras\u0131nda i\u015fbirliklerine destek de var\u201d<\/em> dedi.<\/p>","protected":false},"excerpt":{"rendered":"<p>Sorry, this entry is only available in Turkish. For the sake of viewer convenience, the content is shown below in the alternative language. You may click the link to switch the active language.&#8220;Ye\u015fil Mutabakat Eylem Plan\u0131 2021&#8221; hakk\u0131nda a\u00e7\u0131klamalarda bulunan Uluslararas\u0131 Yat\u0131r\u0131mc\u0131lar Derne\u011fi (YASED) Ba\u015fkan\u0131 Ay\u015fem Sarg\u0131n, \u201cBu eylem plan\u0131 ile T\u00fcrkiye, d\u00fcnya trendleri ile [&hellip;]<\/p>\n","protected":false},"author":1,"featured_media":138757,"comment_status":"open","ping_status":"open","sticky":false,"template":"","format":"standard","meta":[],"categories":[51,53],"tags":[79082,87402,52259,93539,93540,83202,75813,93538,93537],"views":71,"_links":{"self":[{"href":"https:\/\/www.enerjigazetesi.ist\/en\/wp-json\/wp\/v2\/posts\/138747"}],"collection":[{"href":"https:\/\/www.enerjigazetesi.ist\/en\/wp-json\/wp\/v2\/posts"}],"about":[{"href":"https:\/\/www.enerjigazetesi.ist\/en\/wp-json\/wp\/v2\/types\/post"}],"author":[{"embeddable":true,"href":"https:\/\/www.enerjigazetesi.ist\/en\/wp-json\/wp\/v2\/users\/1"}],"replies":[{"embeddable":true,"href":"https:\/\/www.enerjigazetesi.ist\/en\/wp-json\/wp\/v2\/comments?post=138747"}],"version-history":[{"count":0,"href":"https:\/\/www.enerjigazetesi.ist\/en\/wp-json\/wp\/v2\/posts\/138747\/revisions"}],"wp:featuredmedia":[{"embeddable":true,"href":"https:\/\/www.enerjigazetesi.ist\/en\/wp-json\/wp\/v2\/media\/138757"}],"wp:attachment":[{"href":"https:\/\/www.enerjigazetesi.ist\/en\/wp-json\/wp\/v2\/media?parent=138747"}],"wp:term":[{"taxonomy":"category","embeddable":true,"href":"https:\/\/www.enerjigazetesi.ist\/en\/wp-json\/wp\/v2\/categories?post=138747"},{"taxonomy":"post_tag","embeddable":true,"href":"https:\/\/www.enerjigazetesi.ist\/en\/wp-json\/wp\/v2\/tags?post=138747"}],"curies":[{"name":"wp","href":"https:\/\/api.w.org\/{rel}","templated":true}]}}