{"id":138741,"date":"2021-07-19T12:07:16","date_gmt":"2021-07-19T09:07:16","guid":{"rendered":"https:\/\/www.enerjigazetesi.ist\/?p=138741"},"modified":"2021-07-19T12:10:09","modified_gmt":"2021-07-19T09:10:09","slug":"akkuyu-ngsnin-itfaiyesinden-aydincikdaki-orman-yanginina-destek","status":"publish","type":"post","link":"https:\/\/www.enerjigazetesi.ist\/en\/akkuyu-ngsnin-itfaiyesinden-aydincikdaki-orman-yanginina-destek\/","title":{"rendered":"(Turkish) &#8217;Akkuyu NGS&#8217;nin \u0130tfaiyesi&#8217;nden Ayd\u0131nc\u0131k\u2019daki Orman Yang\u0131n\u0131na Destek"},"content":{"rendered":"<p class=\"qtranxs-available-languages-message qtranxs-available-languages-message-en\">Sorry, this entry is only available in <a href=\"https:\/\/www.enerjigazetesi.ist\/tr\/wp-json\/wp\/v2\/posts\/138741\" class=\"qtranxs-available-language-link qtranxs-available-language-link-tr\" title=\"Turkish\">Turkish<\/a>. For the sake of viewer convenience, the content is shown below in the alternative language. You may click the link to switch the active language.<\/p><p><strong>T\u00fcrkiye\u2019nin ilk n\u00fckleer santrali olan Akkuyu N\u00fckleer G\u00fc\u00e7 Santrali\u2019nin (NGS) in\u015fas\u0131nda yer alan \u015firketler, Mersin\u2019in Ayd\u0131nc\u0131k il\u00e7esine ba\u011fl\u0131 Pembecik Mahallesi\u2019nde \u00e7\u0131kan orman yang\u0131n\u0131n\u0131 s\u00f6nd\u00fcrme \u00e7al\u0131\u015fmalar\u0131na destek verdi.<\/strong><\/p>\n<p><strong>15 Temmuz 2021 Per\u015fembe<\/strong> g\u00fcn\u00fc ba\u015flayan orman yang\u0131n\u0131 \u015fiddetli r\u00fczgar nedeniyle yakla\u015f\u0131k <strong>1500 hektar<\/strong> alana yay\u0131ld\u0131. Aralar\u0131nda <strong>Akkuyu NGS \u015fantiyesindeki<\/strong> itfaiye ekibi de dahil <strong>AKKUYU N\u00dcKLEER A.\u015e<\/strong>\u2019de g\u00f6revli <strong>11 ki\u015fi<\/strong> yang\u0131n s\u00f6nd\u00fcrme \u00e7al\u0131\u015fmalar\u0131na kat\u0131ld\u0131. N\u00fckleer santralin in\u015fas\u0131nda <img loading=\"lazy\" class=\"alignright wp-image-138744\" src=\"https:\/\/www.enerjigazetesi.ist\/wp-content\/uploads\/2021\/07\/akkuyu-ngsnin-itfaiyesinden-aydincikdaki-orman-yanginina-destek.jpg\" alt=\"\" width=\"320\" height=\"180\" srcset=\"https:\/\/www.enerjigazetesi.ist\/wp-content\/uploads\/2021\/07\/akkuyu-ngsnin-itfaiyesinden-aydincikdaki-orman-yanginina-destek.jpg 550w, https:\/\/www.enerjigazetesi.ist\/wp-content\/uploads\/2021\/07\/akkuyu-ngsnin-itfaiyesinden-aydincikdaki-orman-yanginina-destek-300x169.jpg 300w, https:\/\/www.enerjigazetesi.ist\/wp-content\/uploads\/2021\/07\/akkuyu-ngsnin-itfaiyesinden-aydincikdaki-orman-yanginina-destek-500x281.jpg 500w, https:\/\/www.enerjigazetesi.ist\/wp-content\/uploads\/2021\/07\/akkuyu-ngsnin-itfaiyesinden-aydincikdaki-orman-yanginina-destek-80x45.jpg 80w\" sizes=\"(max-width: 320px) 100vw, 320px\" \/>g\u00f6rev yapan m\u00fcteahhitler, yang\u0131n b\u00f6lgesine 7 tanker ve 1 bulldozer sevk etti.<\/p>\n<p>Toplamda<strong> 3<\/strong> yang\u0131n s\u00f6nd\u00fcrme u\u00e7a\u011f\u0131, <strong>21<\/strong> helikopter,<strong> 165<\/strong> araz\u00f6z, <strong>25<\/strong> su nakil arac\u0131 ve yakla\u015f\u0131k <strong>850<\/strong> personel yang\u0131n s\u00f6nd\u00fcrme \u00e7al\u0131\u015fmalar\u0131na dahil oldu. Alevler yerle\u015fim yerlerini tehdit etmese de \u00f6nlem olarak <strong>81<\/strong> ev bo\u015falt\u0131ld\u0131. \u0130tfaiye ekiplerinin<strong> alevlerin yay\u0131lmas\u0131n\u0131 \u00f6nlemesi<\/strong> ve <strong>kontrol alt\u0131na almas\u0131<\/strong> yakla\u015f\u0131k<strong> 50 saat<\/strong> s\u00fcrd\u00fc, \u015fu anda <strong>ormanc\u0131l\u0131k ekipleri<\/strong> b\u00f6lgede n\u00f6bet tutuyor ve b\u00f6lgeye su tutma \u00e7al\u0131\u015fmalar\u0131 s\u00fcr\u00fcyor.<\/p>\n<p><strong>AKKUYU N\u00dcKLEER A.\u015e<\/strong> itfaiye b\u00f6l\u00fcm\u00fc \u00e7al\u0131\u015fanlar\u0131 <strong>Akkuyu NGS in\u015faat alan\u0131<\/strong>nda <strong>7\/24<\/strong> g\u00f6rev yap\u0131yor. Yang\u0131n g\u00fcvenli\u011fi \u00e7al\u0131\u015fanlar\u0131 \u015fantiyede her g\u00fcn devriye geziyor ve t\u00fcm in\u015faat alanlar\u0131nda yang\u0131n g\u00fcvenli\u011fi standartlar\u0131na uygunlu\u011fu g\u00f6zlemliyor. <strong>AKKUYU N\u00dcKLEER A.\u015e<\/strong> itfaiye ekipleri ihtiya\u00e7 durumunda <strong>Mersin\u2019den<\/strong> gelen <strong>acil durum \u00e7a\u011fr\u0131lar\u0131na<\/strong> yan\u0131t veriyor ve <strong>kurulacak n\u00fckleer santrale<\/strong> yak\u0131n b\u00f6lgelerde yer alan <strong>orman yang\u0131nlar\u0131n\u0131 s\u00f6nd\u00fcrme \u00e7al\u0131\u015fmalar\u0131na<\/strong> kat\u0131l\u0131yor.<\/p>","protected":false},"excerpt":{"rendered":"<p>Sorry, this entry is only available in Turkish. For the sake of viewer convenience, the content is shown below in the alternative language. You may click the link to switch the active language.T\u00fcrkiye\u2019nin ilk n\u00fckleer santrali olan Akkuyu N\u00fckleer G\u00fc\u00e7 Santrali\u2019nin (NGS) in\u015fas\u0131nda yer alan \u015firketler, Mersin\u2019in Ayd\u0131nc\u0131k il\u00e7esine ba\u011fl\u0131 Pembecik Mahallesi\u2019nde \u00e7\u0131kan orman yang\u0131n\u0131n\u0131 [&hellip;]<\/p>\n","protected":false},"author":1,"featured_media":138744,"comment_status":"open","ping_status":"open","sticky":false,"template":"","format":"standard","meta":[],"categories":[51,53,43],"tags":[93534,52259,78490,53348,48751,93536,93533,93535,79760],"views":324,"_links":{"self":[{"href":"https:\/\/www.enerjigazetesi.ist\/en\/wp-json\/wp\/v2\/posts\/138741"}],"collection":[{"href":"https:\/\/www.enerjigazetesi.ist\/en\/wp-json\/wp\/v2\/posts"}],"about":[{"href":"https:\/\/www.enerjigazetesi.ist\/en\/wp-json\/wp\/v2\/types\/post"}],"author":[{"embeddable":true,"href":"https:\/\/www.enerjigazetesi.ist\/en\/wp-json\/wp\/v2\/users\/1"}],"replies":[{"embeddable":true,"href":"https:\/\/www.enerjigazetesi.ist\/en\/wp-json\/wp\/v2\/comments?post=138741"}],"version-history":[{"count":0,"href":"https:\/\/www.enerjigazetesi.ist\/en\/wp-json\/wp\/v2\/posts\/138741\/revisions"}],"wp:featuredmedia":[{"embeddable":true,"href":"https:\/\/www.enerjigazetesi.ist\/en\/wp-json\/wp\/v2\/media\/138744"}],"wp:attachment":[{"href":"https:\/\/www.enerjigazetesi.ist\/en\/wp-json\/wp\/v2\/media?parent=138741"}],"wp:term":[{"taxonomy":"category","embeddable":true,"href":"https:\/\/www.enerjigazetesi.ist\/en\/wp-json\/wp\/v2\/categories?post=138741"},{"taxonomy":"post_tag","embeddable":true,"href":"https:\/\/www.enerjigazetesi.ist\/en\/wp-json\/wp\/v2\/tags?post=138741"}],"curies":[{"name":"wp","href":"https:\/\/api.w.org\/{rel}","templated":true}]}}