{"id":138733,"date":"2021-07-19T11:44:38","date_gmt":"2021-07-19T08:44:38","guid":{"rendered":"https:\/\/www.enerjigazetesi.ist\/?p=138733"},"modified":"2021-07-19T11:49:54","modified_gmt":"2021-07-19T08:49:54","slug":"rizedeki-sel-felaketi-sonrasi-kesintisiz-enerji-arzi-icin-calismalar-da-suruyor","status":"publish","type":"post","link":"https:\/\/www.enerjigazetesi.ist\/en\/rizedeki-sel-felaketi-sonrasi-kesintisiz-enerji-arzi-icin-calismalar-da-suruyor\/","title":{"rendered":"(Turkish) Rize&#8217;deki Sel Felaketi Sonras\u0131 Kesintisiz Enerji Arz\u0131 \u0130\u00e7in \u00c7al\u0131\u015fmalar da S\u00fcr\u00fcyor"},"content":{"rendered":"<p class=\"qtranxs-available-languages-message qtranxs-available-languages-message-en\">Sorry, this entry is only available in <a href=\"https:\/\/www.enerjigazetesi.ist\/tr\/wp-json\/wp\/v2\/posts\/138733\" class=\"qtranxs-available-language-link qtranxs-available-language-link-tr\" title=\"Turkish\">Turkish<\/a>. For the sake of viewer convenience, the content is shown below in the alternative language. You may click the link to switch the active language.<\/p><p><strong>Rize\u2019de ge\u00e7ti\u011fimiz g\u00fcnlerde meydana gelen sel felaketinde \u00c7oruh Elektrik Da\u011f\u0131t\u0131m A.\u015e. (\u00c7oruh EDA\u015e) ekipleri, sel felaketinin ilk an\u0131ndan itibaren kesintisiz enerji arz\u0131 i\u00e7in b\u00f6lgede \u00e7al\u0131\u015fmalar\u0131na ba\u015flad\u0131.\u00a0<\/strong><strong>Rize\u2019de 13 Temmuz Sal\u0131 gecesi itibariyle etkili olmaya ba\u015flayan sa\u011fanak ya\u011f\u0131\u015fta hasar g\u00f6ren t\u00fcm il\u00e7e ve beldelerde gece g\u00fcnd\u00fcz \u00e7al\u0131\u015fmalar\u0131n\u0131 s\u00fcrd\u00fcren \u00c7oruh EDA\u015e, arama kurtarma \u00e7al\u0131\u015fmalar\u0131na destek olmak amac\u0131yla da jenerat\u00f6rlerle sahada yer ald\u0131.<\/strong><\/p>\n<p><strong>Rize<\/strong> il\u00e7elerinde etkili olan \u015fiddetli ya\u011f\u0131\u015f sonras\u0131 ya\u015fanan <strong>sel felaketinde<\/strong> bir\u00e7ok il\u00e7ede<strong> cadde<\/strong> ve <strong>sokaklar<\/strong> sele teslim olurken <strong>Rize Merkez, \u00c7ayeli<\/strong> ve<strong> G\u00fcneysu il\u00e7esinde<\/strong> ba\u015flayan sa\u011fanak ya\u011f\u0131\u015f ilerleyen saatlerde dere ta\u015fk\u0131nlar\u0131na ve su bask\u0131n\u0131na sebep oldu.<strong> Sel felaketinin<\/strong> ilk an\u0131ndan itibaren b\u00f6lgede <img loading=\"lazy\" class=\"alignright wp-image-138736\" src=\"https:\/\/www.enerjigazetesi.ist\/wp-content\/uploads\/2021\/07\/rizedeki-sel-felaketiyle-kesintisiz-enerji-arzi-saglamak-icin-calismalarda-suruyor-1.jpg\" alt=\"\" width=\"320\" height=\"267\" srcset=\"https:\/\/www.enerjigazetesi.ist\/wp-content\/uploads\/2021\/07\/rizedeki-sel-felaketiyle-kesintisiz-enerji-arzi-saglamak-icin-calismalarda-suruyor-1.jpg 550w, https:\/\/www.enerjigazetesi.ist\/wp-content\/uploads\/2021\/07\/rizedeki-sel-felaketiyle-kesintisiz-enerji-arzi-saglamak-icin-calismalarda-suruyor-1-300x250.jpg 300w, https:\/\/www.enerjigazetesi.ist\/wp-content\/uploads\/2021\/07\/rizedeki-sel-felaketiyle-kesintisiz-enerji-arzi-saglamak-icin-calismalarda-suruyor-1-479x400.jpg 479w, https:\/\/www.enerjigazetesi.ist\/wp-content\/uploads\/2021\/07\/rizedeki-sel-felaketiyle-kesintisiz-enerji-arzi-saglamak-icin-calismalarda-suruyor-1-60x50.jpg 60w, https:\/\/www.enerjigazetesi.ist\/wp-content\/uploads\/2021\/07\/rizedeki-sel-felaketiyle-kesintisiz-enerji-arzi-saglamak-icin-calismalarda-suruyor-1-500x417.jpg 500w\" sizes=\"(max-width: 320px) 100vw, 320px\" \/>bulunan <strong>\u00c7oruh EDA\u015e<\/strong> ekipleri sel felaketinde<strong> kesintisiz enerji sa\u011flamak<\/strong> i\u00e7in gece g\u00fcnd\u00fcz demeden \u00e7al\u0131\u015fmalar\u0131na devam etti.<\/p>\n<p><strong>Rize Merkez,<\/strong> <strong>G\u00fcneysu<\/strong> ve<strong> \u00c7ayeli<\/strong> il\u00e7elerinde meydana gelen sel felaketinden <strong>288 trafo<\/strong> etkilenerek <strong>23 bin 040 abonenin<\/strong> enerjisiz kald\u0131\u011f\u0131n\u0131 belirten \u00c7oruh EDA\u015e, ilk g\u00fcn\u00fcn sonunda etkilenen trafo say\u0131s\u0131n\u0131<strong> 16<\/strong>\u2019ya kesintiden etkilenen abone say\u0131s\u0131n\u0131 ise<strong> 1019\u2019a<\/strong> d\u00fc\u015f\u00fcrd\u00fc. Kapal\u0131 olan yollar\u0131n a\u00e7\u0131lmas\u0131yla birlikte \u00e7al\u0131\u015fmalar\u0131na devam eden \u00c7oruh EDA\u015e, <strong>9<\/strong> trafoya daha enerji sa\u011flarken kesinti ya\u015fayan <strong>226 abone<\/strong> i\u00e7in saha \u00e7al\u0131\u015fmalar\u0131na ara vermeyerek<strong> 17 Temmuz Cumartesi<\/strong> sabah\u0131 itibariyle kesintisiz enerji arz\u0131n\u0131 sa\u011flad\u0131.<\/p>\n<p><strong>\u00c7oruh EDA\u015e<\/strong> yetkililerinin <strong>sel felaketini de\u011ferlendirdi\u011fi<\/strong> a\u00e7\u0131klamalarda, \u00c7oruh EDA\u015e ekiplerinin\u00a0sel felaketinde<strong> 7\/24 sahada<\/strong> olduklar\u0131n\u0131 ve <strong>ya\u015fanan do\u011fal afetten<\/strong> en \u00e7ok etkilenen <strong>Rize Merkez, G\u00fcneysu<\/strong> ve<strong> \u00c7ayeli il\u00e7elerinde<\/strong> k\u0131sa s\u00fcre i\u00e7erisinde <strong>kesintisiz<\/strong> olarak <strong>enerji arz\u0131 sa\u011fland\u0131\u011f\u0131n\u0131<\/strong> a\u00e7\u0131klad\u0131.<\/p>\n<p>Sel felaketinin ilk an\u0131ndan itibaren <strong>AFAD Rize Valili\u011fi \u0130l Afet<\/strong> ve <strong>Acil Durum M\u00fcd\u00fcrl\u00fc\u011f\u00fcyle<\/strong> birlikte yerel y\u00f6netimlerle koordinasyon halinde olduklar\u0131n\u0131 ve <strong>kesintisiz enerji arz\u0131 sunmada<\/strong> yerel y\u00f6netimlerle i\u015f birli\u011fi i\u00e7erisinde \u00e7al\u0131\u015fmalar\u0131n\u0131 s\u00fcrd\u00fcrd\u00fcklerini belirten Yetkililer <em>\u201c\u00c7oruh EDA\u015e Trabzon ve Artvin \u0130l M\u00fcd\u00fcrl\u00fc\u011f\u00fc ekiplerinin deste\u011fiyle etkilenen trafolar k\u0131sa bir s\u00fcrede enerjilendirilmi\u015ftir. <strong>Afetin izlerini silmek<\/strong> ve <strong>kesintisiz enerji arz\u0131 sa\u011flamak<\/strong> ad\u0131na gerekli aksiyonlar al\u0131narak t\u00fcm imkanlar seferber edilmi\u015f olup <strong>enerjisiz trafo b\u00f6lgemiz<\/strong> kalmam\u0131\u015ft\u0131r. Afette hayat\u0131n\u0131 kaybedenlere\u00a0Allah\u2019tan rahmet diliyor, <strong>Rize halk\u0131na<\/strong> ge\u00e7mi\u015f olsun diyoruz.\u201d<\/em> a\u00e7\u0131klamalar\u0131nda bulundu.<\/p>","protected":false},"excerpt":{"rendered":"<p>Sorry, this entry is only available in Turkish. For the sake of viewer convenience, the content is shown below in the alternative language. You may click the link to switch the active language.Rize\u2019de ge\u00e7ti\u011fimiz g\u00fcnlerde meydana gelen sel felaketinde \u00c7oruh Elektrik Da\u011f\u0131t\u0131m A.\u015e. (\u00c7oruh EDA\u015e) ekipleri, sel felaketinin ilk an\u0131ndan itibaren kesintisiz enerji arz\u0131 i\u00e7in [&hellip;]<\/p>\n","protected":false},"author":1,"featured_media":138737,"comment_status":"open","ping_status":"open","sticky":false,"template":"","format":"standard","meta":[],"categories":[51,53],"tags":[87604,82092,90154,53114,52259,50767,93532,25292],"views":140,"_links":{"self":[{"href":"https:\/\/www.enerjigazetesi.ist\/en\/wp-json\/wp\/v2\/posts\/138733"}],"collection":[{"href":"https:\/\/www.enerjigazetesi.ist\/en\/wp-json\/wp\/v2\/posts"}],"about":[{"href":"https:\/\/www.enerjigazetesi.ist\/en\/wp-json\/wp\/v2\/types\/post"}],"author":[{"embeddable":true,"href":"https:\/\/www.enerjigazetesi.ist\/en\/wp-json\/wp\/v2\/users\/1"}],"replies":[{"embeddable":true,"href":"https:\/\/www.enerjigazetesi.ist\/en\/wp-json\/wp\/v2\/comments?post=138733"}],"version-history":[{"count":0,"href":"https:\/\/www.enerjigazetesi.ist\/en\/wp-json\/wp\/v2\/posts\/138733\/revisions"}],"wp:featuredmedia":[{"embeddable":true,"href":"https:\/\/www.enerjigazetesi.ist\/en\/wp-json\/wp\/v2\/media\/138737"}],"wp:attachment":[{"href":"https:\/\/www.enerjigazetesi.ist\/en\/wp-json\/wp\/v2\/media?parent=138733"}],"wp:term":[{"taxonomy":"category","embeddable":true,"href":"https:\/\/www.enerjigazetesi.ist\/en\/wp-json\/wp\/v2\/categories?post=138733"},{"taxonomy":"post_tag","embeddable":true,"href":"https:\/\/www.enerjigazetesi.ist\/en\/wp-json\/wp\/v2\/tags?post=138733"}],"curies":[{"name":"wp","href":"https:\/\/api.w.org\/{rel}","templated":true}]}}