{"id":138510,"date":"2021-07-13T17:19:30","date_gmt":"2021-07-13T14:19:30","guid":{"rendered":"https:\/\/www.enerjigazetesi.ist\/?p=138510"},"modified":"2021-07-13T17:19:30","modified_gmt":"2021-07-13T14:19:30","slug":"verimli-sanayi-rekabetci-uretim","status":"publish","type":"post","link":"https:\/\/www.enerjigazetesi.ist\/en\/verimli-sanayi-rekabetci-uretim\/","title":{"rendered":"(Turkish) Verimli Sanayi Rekabet\u00e7i \u00dcretim!"},"content":{"rendered":"<p class=\"qtranxs-available-languages-message qtranxs-available-languages-message-en\">Sorry, this entry is only available in <a href=\"https:\/\/www.enerjigazetesi.ist\/tr\/wp-json\/wp\/v2\/posts\/138510\" class=\"qtranxs-available-language-link qtranxs-available-language-link-tr\" title=\"Turkish\">Turkish<\/a>. For the sake of viewer convenience, the content is shown below in the alternative language. You may click the link to switch the active language.<\/p><p><strong>EG\u0130AD Ege Gen\u00e7 \u0130\u015f \u0130nsanlar\u0131 Derne\u011fi, i\u015fletmelerin giderlerini azaltmak i\u00e7in \u00f6nerilerde bulunmak, evlerimizde oldu\u011fu gibi sanayi tesislerimizde de al\u0131nacak basit tedbirlerle b\u00fcy\u00fck oranlarda enerji tasarrufu sa\u011flayabilmek i\u00e7in \u201c\u0130\u015fletmelerde Enerji Verimlili\u011fi\u201d konulu bir webinar d\u00fczenledi. Seta\u015f Enerji Y\u00f6netim Kurulu \u00dcyesi G\u00fcls\u00fcm Nilay Teker&#8217;in kat\u0131l\u0131m\u0131yla ger\u00e7ekle\u015fen etkinlikte, sunulan \u00e7\u00f6z\u00fcmlerle i\u015fletmelerin giderlerinde % 40\u2019a varan tasarruf imkan\u0131 sa\u011flad\u0131\u011f\u0131 belirtildi.<\/strong><\/p>\n<p><strong>Enerji Verimlili\u011fi <\/strong>ve<strong> Mevzuat\u0131, Enerji Et\u00fcd\u00fc, Enerji Et\u00fcd\u00fcn\u00fcn<\/strong> sa\u011flayaca\u011f\u0131 faydalar, Enerji Maliyetlerini azaltarak rekabet g\u00fcc\u00fcn\u00fc art\u0131rmak, <strong>Yasal Y\u00fck\u00fcml\u00fcl\u00fckler ve Y\u00f6netmelikler<\/strong> ba\u015fl\u0131klar\u0131n\u0131n masaya yat\u0131r\u0131ld\u0131\u011f\u0131 etkinlikte a\u00e7\u0131l\u0131\u015f konu\u015fmas\u0131n\u0131 yapan EG\u0130AD Y\u00f6netim Kurulu Ba\u015fkan\u0131 Alp <img loading=\"lazy\" class=\"alignright wp-image-138512\" src=\"https:\/\/www.enerjigazetesi.ist\/wp-content\/uploads\/2021\/07\/verimli-sanayi-rekabetci-uretim-1.jpg\" alt=\"\" width=\"320\" height=\"192\" srcset=\"https:\/\/www.enerjigazetesi.ist\/wp-content\/uploads\/2021\/07\/verimli-sanayi-rekabetci-uretim-1.jpg 608w, https:\/\/www.enerjigazetesi.ist\/wp-content\/uploads\/2021\/07\/verimli-sanayi-rekabetci-uretim-1-300x180.jpg 300w, https:\/\/www.enerjigazetesi.ist\/wp-content\/uploads\/2021\/07\/verimli-sanayi-rekabetci-uretim-1-500x299.jpg 500w, https:\/\/www.enerjigazetesi.ist\/wp-content\/uploads\/2021\/07\/verimli-sanayi-rekabetci-uretim-1-80x48.jpg 80w\" sizes=\"(max-width: 320px) 100vw, 320px\" \/>Avni Yelkenbi\u00e7er, EG\u0130AD \u00fcyelerine y\u00f6nelik enerji verimlili\u011fi ara\u015ft\u0131rmas\u0131 yapacaklar\u0131n\u0131 dile getirerek, <em>\u201cGloballe\u015fen d\u00fcnya ekonomisinde, end\u00fcstriyel i\u015fletmeler yaln\u0131zca bulunduklar\u0131 \u00fclkelerde de\u011fil, d\u00fcnya \u00e7ap\u0131nda pek \u00e7ok i\u015fletme ile rekabet etmek durumundad\u0131rlar. K\u00fcresel rekabette ba\u015far\u0131l\u0131 olabilmeleri i\u00e7in gereksinim duyulan<strong> insan, teknoloji<\/strong> ve<strong> sermaye kaynaklar\u0131n\u0131n<\/strong> yan\u0131 s\u0131ra en \u00f6nemli kaynak enerjidir. 1970&#8217;li y\u0131llarda ya\u015fanan petrol krizinden itibaren <strong>enerji verimlili\u011fi<\/strong>, d\u00fcnya ekonomilerinin g\u00fcndemindedir. End\u00fcstriyel i\u015fletmeler a\u00e7\u0131s\u0131ndan<strong> enerji verimlili\u011fi<\/strong> hem<strong> \u00e7evresel<\/strong> bir sorun hem <strong>s\u00fcrd\u00fcr\u00fclebilirlik<\/strong> a\u00e7\u0131s\u0131ndan ele al\u0131nan stratejik bir problem, hem de artan rekabet ile birlikte maliyetlerin d\u00fc\u015f\u00fcr\u00fclmesi i\u00e7in g\u00fcncel bir zorunluluktur. End\u00fcstriyel i\u015fletmelerde enerji verimlili\u011finin artt\u0131r\u0131lmas\u0131 ve optimize edilmesi y\u00f6neticiler a\u00e7\u0131s\u0131ndan \u00f6nemli bir problem olarak ortaya \u00e7\u0131km\u0131\u015ft\u0131r. <\/em><\/p>\n<p><em><strong>Enerjinin verimli \u015fekilde t\u00fcketilmesi<\/strong> i\u00e7in kullan\u0131lan y\u00f6ntem ve ara\u00e7lar iyi bilinmelidir. Sunulan \u00e7\u00f6z\u00fcmlerle i\u015fletmelerin giderlerinde <strong>y\u00fczde 40\u2019a<\/strong> varan <strong>tasarruf imkan\u0131<\/strong> sa\u011fland\u0131\u011f\u0131 bilinmektedir. Bu seminer ile i\u015fletmelerde <strong>enerji verimlili\u011fini artt\u0131rmak<\/strong> \u00fczere uygulanan<strong> enerji y\u00f6netimi sistemleri, enerji et\u00fctleri<\/strong> ve <strong>analizlere<\/strong> yer vererek firmalar\u0131m\u0131z\u0131 do\u011fru y\u00f6nlendirmeye \u00e7al\u0131\u015faca\u011f\u0131z\u201d dedi.<\/em> \u00dcretim ve t\u00fcketim \u015fekli de\u011fi\u015fmedi\u011fi takdirde<strong> gelecek nesillere ya\u015fanabilir bir d\u00fcnya b\u0131rakma konusunda<\/strong> s\u0131n\u0131fta kalaca\u011f\u0131m\u0131za dikkat \u00e7eken Yelkenbi\u00e7er<em>, <\/em>ekolojik dengenin bozuldu\u011funu, enerji fiyatlar\u0131n\u0131n artt\u0131\u011f\u0131n\u0131, gelir da\u011f\u0131l\u0131m\u0131n\u0131n zarar g\u00f6rd\u00fc\u011f\u00fcn\u00fc, enerji sa\u011flayan fosil kaynaklar\u0131n ise her ge\u00e7en g\u00fcn azald\u0131\u011f\u0131na vurgu yaparak,<em> \u201cEnd\u00fcstriyel i\u015fletmelerde \u00f6zellikle \u00fcretimin kalitesini d\u00fc\u015f\u00fcrmeden \u00fcr\u00fcn ba\u015f\u0131na kullan\u0131lan <strong>enerji t\u00fcketiminin azalt\u0131lmas\u0131<\/strong> \u00f6nem arz etmektedir. Verimlilik i\u00e7in en \u00f6nemli fakt\u00f6r esasen tasarruftur. Bu \u015fekilde d\u00fc\u015f\u00fcn\u00fcld\u00fc\u011f\u00fcnde hem daha az enerji kullanabilmek hem de <strong>enerji at\u0131klar\u0131n\u0131n geri d\u00f6n\u00fc\u015f\u00fcm<\/strong> \u015feklinde de\u011ferlendirilmesi \u00f6nemlidir. Enerji tasarrufu s\u00f6z konusu oldu\u011funda <strong>kullan\u0131c\u0131lar\u0131n ald\u0131\u011f\u0131 tedbirler<\/strong> \u00f6n plana \u00e7\u0131kmaktad\u0131r. Al\u0131nacak tedbirlerin oran\u0131 da t\u00fcm sekt\u00f6rlerin<strong> enerjiyi t\u00fcketim y\u00fczdeleriyle<\/strong> do\u011fru orant\u0131l\u0131d\u0131r. Halen kalk\u0131nma a\u015famas\u0131nda olan \u00fclkemizde sanayile\u015fme \u00e7al\u0131\u015fmalar\u0131, yeni teknolojiye y\u00f6nelim ve n\u00fcfus art\u0131\u015f\u0131 gittik\u00e7e enerjinin daha fazla kullan\u0131lmas\u0131na neden olmaktad\u0131r. Artan gereksinim daha fazla enerji kullan\u0131m\u0131na yol a\u00e7t\u0131\u011f\u0131 i\u00e7in <strong>kaynaklar\u0131n h\u0131zla t\u00fckenmesi, \u00e7evrenin bozulmas\u0131, \u00fclkemizin enerji a\u00e7\u0131s\u0131ndan d\u0131\u015fa ba\u011f\u0131ml\u0131 olmas\u0131<\/strong> riskini de beraberinde getirmektedir. D\u00f6nem temalar\u0131m\u0131zdan birisi olan s\u00fcrd\u00fcr\u00fclebilirlik bak\u0131m\u0131ndan ele al\u0131nd\u0131\u011f\u0131nda bu konunun \u00f6nemi daha da net olarak kar\u015f\u0131m\u0131za \u00e7\u0131kmaktad\u0131r. S\u00f6z konusu nedenlerle enerji verimlili\u011fi s\u00fcrd\u00fcr\u00fclebilir kalk\u0131nman\u0131n olmazsa olmaz\u0131d\u0131r. \u00c7\u00fcnk\u00fc enerji ile ilgili ger\u00e7ekle\u015fecek her t\u00fcrl\u00fc olumlu ya da olumsuz geli\u015fme s\u00fcrd\u00fcr\u00fclebilir kalk\u0131nman\u0131n odak noktas\u0131n\u0131 olu\u015fturan <strong>insan<\/strong> ve<strong> \u00e7evre fakt\u00f6r\u00fcn\u00fc<\/strong> etkilemektedir\u201d<\/em> dedi.<\/p>\n<p><strong>Seta\u015f Enerji<\/strong> Y\u00f6netim Kurulu \u00dcyesi <strong>G\u00fcls\u00fcm Nilay Teker<\/strong> yapt\u0131\u011f\u0131 konu\u015fmada, enerji verimlili\u011finin <strong>ekonomik kalk\u0131nma<\/strong> ve <strong>s\u00fcrd\u00fcr\u00fclebilirlik<\/strong> konusundaki \u00f6nemini vurgulayarak, end\u00fcstriyel i\u015fletmelerde <strong>enerji et\u00fcd \u00e7al\u0131\u015fmas\u0131<\/strong> ile belirlenen <strong>\u00f6nlemlerin uygulanmas\u0131<\/strong> ve <strong>enerji tasarrufu \u00f6nlemleri<\/strong> i\u00e7in <strong>verimlilik artt\u0131r\u0131c\u0131 projeler<\/strong> ve<strong> yat\u0131r\u0131m destekleri<\/strong> hakk\u0131nda bilgi verdi. Ayr\u0131ca <strong>enerji verimlili\u011fi<\/strong> ve <strong>enerji et\u00fcd \u00e7al\u0131\u015fmalar\u0131<\/strong>n\u0131n<strong> s\u00fcrd\u00fcr\u00fclebilirlik<\/strong> ve <strong>ye\u015fil mutabakat s\u00fcrecine<\/strong> etkileri de ele al\u0131nd\u0131.<\/p>","protected":false},"excerpt":{"rendered":"<p>Sorry, this entry is only available in Turkish. For the sake of viewer convenience, the content is shown below in the alternative language. You may click the link to switch the active language.EG\u0130AD Ege Gen\u00e7 \u0130\u015f \u0130nsanlar\u0131 Derne\u011fi, i\u015fletmelerin giderlerini azaltmak i\u00e7in \u00f6nerilerde bulunmak, evlerimizde oldu\u011fu gibi sanayi tesislerimizde de al\u0131nacak basit tedbirlerle b\u00fcy\u00fck oranlarda [&hellip;]<\/p>\n","protected":false},"author":1,"featured_media":138513,"comment_status":"open","ping_status":"open","sticky":false,"template":"","format":"standard","meta":[],"categories":[51,53,52],"tags":[52259,58103,93369,703,73531],"views":197,"_links":{"self":[{"href":"https:\/\/www.enerjigazetesi.ist\/en\/wp-json\/wp\/v2\/posts\/138510"}],"collection":[{"href":"https:\/\/www.enerjigazetesi.ist\/en\/wp-json\/wp\/v2\/posts"}],"about":[{"href":"https:\/\/www.enerjigazetesi.ist\/en\/wp-json\/wp\/v2\/types\/post"}],"author":[{"embeddable":true,"href":"https:\/\/www.enerjigazetesi.ist\/en\/wp-json\/wp\/v2\/users\/1"}],"replies":[{"embeddable":true,"href":"https:\/\/www.enerjigazetesi.ist\/en\/wp-json\/wp\/v2\/comments?post=138510"}],"version-history":[{"count":0,"href":"https:\/\/www.enerjigazetesi.ist\/en\/wp-json\/wp\/v2\/posts\/138510\/revisions"}],"wp:featuredmedia":[{"embeddable":true,"href":"https:\/\/www.enerjigazetesi.ist\/en\/wp-json\/wp\/v2\/media\/138513"}],"wp:attachment":[{"href":"https:\/\/www.enerjigazetesi.ist\/en\/wp-json\/wp\/v2\/media?parent=138510"}],"wp:term":[{"taxonomy":"category","embeddable":true,"href":"https:\/\/www.enerjigazetesi.ist\/en\/wp-json\/wp\/v2\/categories?post=138510"},{"taxonomy":"post_tag","embeddable":true,"href":"https:\/\/www.enerjigazetesi.ist\/en\/wp-json\/wp\/v2\/tags?post=138510"}],"curies":[{"name":"wp","href":"https:\/\/api.w.org\/{rel}","templated":true}]}}