{"id":138463,"date":"2021-07-13T14:50:15","date_gmt":"2021-07-13T11:50:15","guid":{"rendered":"https:\/\/www.enerjigazetesi.ist\/?p=138463"},"modified":"2021-07-13T14:50:50","modified_gmt":"2021-07-13T11:50:50","slug":"su-aritma-tesisi-tukettiginden-fazla-enerjiyi-gunesten-uretiyor","status":"publish","type":"post","link":"https:\/\/www.enerjigazetesi.ist\/en\/su-aritma-tesisi-tukettiginden-fazla-enerjiyi-gunesten-uretiyor\/","title":{"rendered":"(Turkish) Su Ar\u0131tma Tesisi T\u00fcketti\u011finden Fazla Enerjiyi G\u00fcne\u015f&#8217;ten \u00dcretiyor"},"content":{"rendered":"<p class=\"qtranxs-available-languages-message qtranxs-available-languages-message-en\">Sorry, this entry is only available in <a href=\"https:\/\/www.enerjigazetesi.ist\/tr\/wp-json\/wp\/v2\/posts\/138463\" class=\"qtranxs-available-language-link qtranxs-available-language-link-tr\" title=\"Turkish\">Turkish<\/a>. For the sake of viewer convenience, the content is shown below in the alternative language. You may click the link to switch the active language.<\/p><p><\/p>\n<div class=\"has-sticky-sidebar medium-3 column hide-for-small left\" data-margin_top=\"50\" data-margin_bottom=\"50\">\n<div class=\"theiaStickySidebar\">\n<div class=\"b-padding-10 r-padding-30\">\n<div class=\"smart-sidebar\">\n<div class=\"smart-sidebar-item\">\n<aside id=\"smart-sidebar-widget-zone\" class=\"smart-sidebar-widget-zone show-for-medium-up content__side widget-area widget-area--after-single-post-widget-zone\"><\/aside>\n<aside id=\"sam_pro_place_widget-6\" class=\"widget sam_pro_place_widget\">\n<div id=\"c6467_0_59\" class=\"sam-pro-container sam-pro-place\"><strong>Kocaeli\u2019ndeki i\u00e7me suyu ar\u0131tma tesisinde kurulan g\u00fcne\u015f enerjisi santralinin g\u00fcc\u00fcnde <img loading=\"lazy\" class=\"alignright wp-image-138466\" src=\"https:\/\/www.enerjigazetesi.ist\/wp-content\/uploads\/2021\/07\/su-aritma-tesisi-tukettiginden-fazla-enerjiyi-gunesten-uretiyor.jpg\" alt=\"\" width=\"320\" height=\"182\" srcset=\"https:\/\/www.enerjigazetesi.ist\/wp-content\/uploads\/2021\/07\/su-aritma-tesisi-tukettiginden-fazla-enerjiyi-gunesten-uretiyor.jpg 550w, https:\/\/www.enerjigazetesi.ist\/wp-content\/uploads\/2021\/07\/su-aritma-tesisi-tukettiginden-fazla-enerjiyi-gunesten-uretiyor-300x170.jpg 300w, https:\/\/www.enerjigazetesi.ist\/wp-content\/uploads\/2021\/07\/su-aritma-tesisi-tukettiginden-fazla-enerjiyi-gunesten-uretiyor-500x284.jpg 500w, https:\/\/www.enerjigazetesi.ist\/wp-content\/uploads\/2021\/07\/su-aritma-tesisi-tukettiginden-fazla-enerjiyi-gunesten-uretiyor-80x45.jpg 80w\" sizes=\"(max-width: 320px) 100vw, 320px\" \/>art\u0131\u015fa gidilirken enerji ihtiyac\u0131n\u0131n % 22\u2019den fazlas\u0131n\u0131 do\u011fal kaynaktan elde edilecek.<\/strong><\/div>\n<\/aside>\n<div>\n<p><strong>\u0130zmit Su A\u015e.<\/strong> taraf\u0131ndan i\u015fletilen <strong>Yuvac\u0131k<\/strong>\u2019taki i\u00e7me suyu ar\u0131tma tesisinde bulunan <strong>1 MW<\/strong> g\u00fcc\u00fcndeki <strong>g\u00fcne\u015f enerjisi santraline<\/strong> ilave olarak, tesis <strong>bina \u00e7at\u0131lar\u0131 \u00fczerine<\/strong> ayn\u0131 kapasitede <strong>yeni bir santral<\/strong> daha yap\u0131l\u0131rken toplam <strong>2 MW<\/strong> kurulu g\u00fcce ula\u015f\u0131ld\u0131.<\/p>\n<p>Toplam olarak <strong>14,2 milyon lira<\/strong> yat\u0131r\u0131m bedeliyle\u00a0<strong>1050 hanenin<\/strong> enerji t\u00fcketimine denk y\u0131ll\u0131k \u00fcretim yapan santralin\u00a0<strong>25 y\u0131ll\u0131k ekonomik \u00f6mr\u00fc<\/strong> ile yakla\u015f\u0131k olarak <strong>77 milyon liral\u0131k<\/strong> bir<strong> gelir elde edece\u011fi<\/strong> tahmin ediliyor.<\/p>\n<\/div>\n<\/div>\n<\/div>\n<\/div>\n<\/div>\n<\/div>\n<p><\/p>","protected":false},"excerpt":{"rendered":"<p>Sorry, this entry is only available in Turkish. For the sake of viewer convenience, the content is shown below in the alternative language. You may click the link to switch the active language. Kocaeli\u2019ndeki i\u00e7me suyu ar\u0131tma tesisinde kurulan g\u00fcne\u015f enerjisi santralinin g\u00fcc\u00fcnde art\u0131\u015fa gidilirken enerji ihtiyac\u0131n\u0131n % 22\u2019den fazlas\u0131n\u0131 do\u011fal kaynaktan elde edilecek. \u0130zmit [&hellip;]<\/p>\n","protected":false},"author":1,"featured_media":138466,"comment_status":"open","ping_status":"open","sticky":false,"template":"","format":"standard","meta":[],"categories":[51,53,49],"tags":[93341,52259,53157,93340,93342],"views":217,"_links":{"self":[{"href":"https:\/\/www.enerjigazetesi.ist\/en\/wp-json\/wp\/v2\/posts\/138463"}],"collection":[{"href":"https:\/\/www.enerjigazetesi.ist\/en\/wp-json\/wp\/v2\/posts"}],"about":[{"href":"https:\/\/www.enerjigazetesi.ist\/en\/wp-json\/wp\/v2\/types\/post"}],"author":[{"embeddable":true,"href":"https:\/\/www.enerjigazetesi.ist\/en\/wp-json\/wp\/v2\/users\/1"}],"replies":[{"embeddable":true,"href":"https:\/\/www.enerjigazetesi.ist\/en\/wp-json\/wp\/v2\/comments?post=138463"}],"version-history":[{"count":0,"href":"https:\/\/www.enerjigazetesi.ist\/en\/wp-json\/wp\/v2\/posts\/138463\/revisions"}],"wp:featuredmedia":[{"embeddable":true,"href":"https:\/\/www.enerjigazetesi.ist\/en\/wp-json\/wp\/v2\/media\/138466"}],"wp:attachment":[{"href":"https:\/\/www.enerjigazetesi.ist\/en\/wp-json\/wp\/v2\/media?parent=138463"}],"wp:term":[{"taxonomy":"category","embeddable":true,"href":"https:\/\/www.enerjigazetesi.ist\/en\/wp-json\/wp\/v2\/categories?post=138463"},{"taxonomy":"post_tag","embeddable":true,"href":"https:\/\/www.enerjigazetesi.ist\/en\/wp-json\/wp\/v2\/tags?post=138463"}],"curies":[{"name":"wp","href":"https:\/\/api.w.org\/{rel}","templated":true}]}}