{"id":138458,"date":"2021-07-13T10:01:53","date_gmt":"2021-07-13T07:01:53","guid":{"rendered":"https:\/\/www.enerjigazetesi.ist\/?p=138458"},"modified":"2021-07-13T14:26:52","modified_gmt":"2021-07-13T11:26:52","slug":"kuscagiz-aile-yasam-merkezi-gunes-enerji-sistemiyle-enerjisini-uretiyor","status":"publish","type":"post","link":"https:\/\/www.enerjigazetesi.ist\/en\/kuscagiz-aile-yasam-merkezi-gunes-enerji-sistemiyle-enerjisini-uretiyor\/","title":{"rendered":"(Turkish) &#8217;Ku\u015fca\u011f\u0131z Aile Ya\u015fam Merkezi&#8217; G\u00fcne\u015f Sistemiyle Enerjisini \u00dcretiyor!"},"content":{"rendered":"<p class=\"qtranxs-available-languages-message qtranxs-available-languages-message-en\">Sorry, this entry is only available in <a href=\"https:\/\/www.enerjigazetesi.ist\/tr\/wp-json\/wp\/v2\/posts\/138458\" class=\"qtranxs-available-language-link qtranxs-available-language-link-tr\" title=\"Turkish\">Turkish<\/a>. For the sake of viewer convenience, the content is shown below in the alternative language. You may click the link to switch the active language.<\/p><p><strong>Ankara B\u00fcy\u00fck\u015fehir Belediyesi, Avrupa Birli\u011fi ile ortak bir projeye daha imza att\u0131. Yenilenebilir enerjiyi desteklemek amac\u0131yla Ku\u015fca\u011f\u0131z Aile Ya\u015fam Merkezi\u2019ne g\u00fcne\u015f enerjisi sistemi kuruldu. Kurulan sistemle y\u0131ll\u0131k 150 bin TL\u2019ye yak\u0131n tasarruf sa\u011flanarak, belediye b\u00fct\u00e7esine katk\u0131 sa\u011flanacak.<\/strong><\/p>\n<p>Ankara B\u00fcy\u00fck\u015fehir Belediyesi, <strong>Ku\u015fca\u011f\u0131z Aile Ya\u015fam Merkezi<\/strong>\u2019ne g\u00fcne\u015f enerji panelleri kuruldu. <img loading=\"lazy\" class=\"alignright wp-image-138460\" src=\"https:\/\/www.enerjigazetesi.ist\/wp-content\/uploads\/2021\/07\/kuscagiz-aile-yasam-merkezi-gunes-enerji-sistemiyle-enerjisini-uretiyor.jpg\" alt=\"\" width=\"320\" height=\"180\" srcset=\"https:\/\/www.enerjigazetesi.ist\/wp-content\/uploads\/2021\/07\/kuscagiz-aile-yasam-merkezi-gunes-enerji-sistemiyle-enerjisini-uretiyor.jpg 550w, https:\/\/www.enerjigazetesi.ist\/wp-content\/uploads\/2021\/07\/kuscagiz-aile-yasam-merkezi-gunes-enerji-sistemiyle-enerjisini-uretiyor-300x169.jpg 300w, https:\/\/www.enerjigazetesi.ist\/wp-content\/uploads\/2021\/07\/kuscagiz-aile-yasam-merkezi-gunes-enerji-sistemiyle-enerjisini-uretiyor-500x281.jpg 500w, https:\/\/www.enerjigazetesi.ist\/wp-content\/uploads\/2021\/07\/kuscagiz-aile-yasam-merkezi-gunes-enerji-sistemiyle-enerjisini-uretiyor-80x45.jpg 80w\" sizes=\"(max-width: 320px) 100vw, 320px\" \/>G\u00fcnde maksimum 131 kilowatt saat, y\u0131ll\u0131k ise <strong>175 bin kilowatt saat<\/strong> enerjinin elde edilece\u011fi proje sayesinde belediye b\u00fct\u00e7esine y\u0131ll\u0131k <strong>150 bin TL\u2019ye<\/strong> yak\u0131n katk\u0131 sa\u011flanmas\u0131 hedefleniyor.<\/p>\n<h2><strong>\u201cHEM YE\u015e\u0130L ENERJ\u0130YE GE\u00c7ECE\u011e\u0130Z HEM DE G\u0130DERLER\u0130M\u0130Z AZALACAK\u201d<\/strong><\/h2>\n<p>B\u00fcy\u00fck\u015fehir Belediyesinde tasarruf uygulamalar\u0131na \u00f6ncelik verilece\u011fine dikkat \u00e7eken K\u00fclt\u00fcr ve Sosyal \u0130\u015fler Daire Ba\u015fkan\u0131 Ali Bozkurt, <strong>yenilenebilir enerji kullan\u0131m\u0131<\/strong>na ili\u015fkin <span style=\"text-decoration: underline;\">\u015fu bilgileri verdi:<\/span><\/p>\n<p><em>\u201cBu projenin amac\u0131 kurumumuzun <strong>enerji ihtiyac\u0131n\u0131n ye\u015fil enerjiyle<\/strong> kar\u015f\u0131lanmas\u0131. Baz\u0131 birimlerimizde \u00e7ok fazla elektrik t\u00fcketimi s\u00f6z konusu. Bu y\u00fcr\u00fctt\u00fc\u011f\u00fcm\u00fcz proje ile hem elektrik masraf\u0131n\u0131 d\u00fc\u015f\u00fcrmek hem de ye\u015fil enerjiye d\u00f6n\u00fc\u015f\u00fc sa\u011flamak istiyoruz. Y\u0131ll\u0131k yakla\u015f\u0131k <strong>175 bin kilowattl\u0131k<\/strong> bir \u00fcretim s\u00f6z konusu. Bu rakam bizim giderlerimize iyi bir katk\u0131 yapacak. \u015eu an sadece Ku\u015fca\u011f\u0131z Aile Ya\u015fam Merkezimizde bu projeyi hayata ge\u00e7irdik. Bu projenin devam\u0131n\u0131 getirmeyi planl\u0131yoruz.\u201d<\/em><\/p>\n<h2><strong>BA\u015eKENTL\u0130 \u00c7OCUKLAR ENERJ\u0130 KORUYUCUSU SE\u00c7\u0130LD\u0130<\/strong><\/h2>\n<p>Enerjinin do\u011fru kullan\u0131lmas\u0131na y\u00f6nelik \u00e7ocuklar\u0131 da bilin\u00e7lendirmenin \u00f6nemli oldu\u011funa dikkat \u00e7eken Bozkurt, \u201cBu konuda \u00e7ocuklar\u0131m\u0131z\u0131 da bilin\u00e7lendirmek istiyoruz. Bunun i\u00e7in \u00e7ocuklar\u0131m\u0131za<strong> \u2018Enerji Koruyucusu\u2019<\/strong> kartlar\u0131m\u0131z\u0131 verdik ve onlar\u0131 enerjiyi <strong>do\u011fru kullanmalar\u0131 konusunda<\/strong> bilin\u00e7lendirdik\u201d diye konu\u015ftu.<\/p>\n<p>B\u00fcy\u00fck\u015fehir Belediyesi kent genelinde spor tesisleri ba\u015fta olmak \u00fczere vatanda\u015flar\u0131n ortak kullan\u0131m alanlar\u0131nda <strong>\u00e7evre dostu enerji sistemini<\/strong> yayg\u0131nla\u015ft\u0131racak.<\/p>\n<p>Kaynak:\u00a0<a href=\"https:\/\/www.ankara.bel.tr\/haberler\/buyuksehirden-cevre-dostu-bir-proje-daha\" target=\"_blank\" rel=\"nofollow noopener\">Ankara BB<\/a><\/p>","protected":false},"excerpt":{"rendered":"<p>Sorry, this entry is only available in Turkish. For the sake of viewer convenience, the content is shown below in the alternative language. You may click the link to switch the active language.Ankara B\u00fcy\u00fck\u015fehir Belediyesi, Avrupa Birli\u011fi ile ortak bir projeye daha imza att\u0131. Yenilenebilir enerjiyi desteklemek amac\u0131yla Ku\u015fca\u011f\u0131z Aile Ya\u015fam Merkezi\u2019ne g\u00fcne\u015f enerjisi sistemi [&hellip;]<\/p>\n","protected":false},"author":1,"featured_media":138460,"comment_status":"open","ping_status":"open","sticky":false,"template":"","format":"standard","meta":[],"categories":[51,53,49],"tags":[93338,52259,53157,93339,6379],"views":202,"_links":{"self":[{"href":"https:\/\/www.enerjigazetesi.ist\/en\/wp-json\/wp\/v2\/posts\/138458"}],"collection":[{"href":"https:\/\/www.enerjigazetesi.ist\/en\/wp-json\/wp\/v2\/posts"}],"about":[{"href":"https:\/\/www.enerjigazetesi.ist\/en\/wp-json\/wp\/v2\/types\/post"}],"author":[{"embeddable":true,"href":"https:\/\/www.enerjigazetesi.ist\/en\/wp-json\/wp\/v2\/users\/1"}],"replies":[{"embeddable":true,"href":"https:\/\/www.enerjigazetesi.ist\/en\/wp-json\/wp\/v2\/comments?post=138458"}],"version-history":[{"count":0,"href":"https:\/\/www.enerjigazetesi.ist\/en\/wp-json\/wp\/v2\/posts\/138458\/revisions"}],"wp:featuredmedia":[{"embeddable":true,"href":"https:\/\/www.enerjigazetesi.ist\/en\/wp-json\/wp\/v2\/media\/138460"}],"wp:attachment":[{"href":"https:\/\/www.enerjigazetesi.ist\/en\/wp-json\/wp\/v2\/media?parent=138458"}],"wp:term":[{"taxonomy":"category","embeddable":true,"href":"https:\/\/www.enerjigazetesi.ist\/en\/wp-json\/wp\/v2\/categories?post=138458"},{"taxonomy":"post_tag","embeddable":true,"href":"https:\/\/www.enerjigazetesi.ist\/en\/wp-json\/wp\/v2\/tags?post=138458"}],"curies":[{"name":"wp","href":"https:\/\/api.w.org\/{rel}","templated":true}]}}