{"id":138216,"date":"2021-07-09T08:44:58","date_gmt":"2021-07-09T05:44:58","guid":{"rendered":"https:\/\/www.enerjigazetesi.ist\/?p=138216"},"modified":"2021-07-09T08:44:58","modified_gmt":"2021-07-09T05:44:58","slug":"net-sifir-emisyon-gelecegi-ve-turkiyeye-etkileri-webinari-1030-da","status":"publish","type":"post","link":"https:\/\/www.enerjigazetesi.ist\/en\/net-sifir-emisyon-gelecegi-ve-turkiyeye-etkileri-webinari-1030-da\/","title":{"rendered":"(Turkish) &#8217;Net S\u0131f\u0131r Emisyon Gelece\u011fi ve T\u00fcrkiye&#8217;ye Etkileri&#8217; Webinar\u0131 10:30&#8217;da!"},"content":{"rendered":"<p class=\"qtranxs-available-languages-message qtranxs-available-languages-message-en\">Sorry, this entry is only available in <a href=\"https:\/\/www.enerjigazetesi.ist\/tr\/wp-json\/wp\/v2\/posts\/138216\" class=\"qtranxs-available-language-link qtranxs-available-language-link-tr\" title=\"Turkish\">Turkish<\/a>. For the sake of viewer convenience, the content is shown below in the alternative language. You may click the link to switch the active language.<\/p><p><strong>Sabanc\u0131 \u00dcniversitesi \u0130stanbul Uluslararas\u0131 Enerji ve \u0130klim Merkezi (IICEC),\u00a0\u201cD\u00fcnyada ve Avrupa \u00d6zelinde Net S\u0131f\u0131r Emisyon Gelece\u011fi ve T\u00fcrkiye&#8217;ye Etkileri&#8217;\u201d ba\u015fl\u0131kl\u0131 bir webinar d\u00fczenliyor.<\/strong><\/p>\n<p><strong>9 Temmuz 2021<\/strong> Cuma G\u00fcn\u00fc saat <strong>10:30<\/strong>\u2019da ger\u00e7ekle\u015ftirilecek webinar\u0131n a\u00e7\u0131l\u0131\u015f konu\u015fmas\u0131n\u0131 IICEC Y\u00f6netim Kurulu \u00dcyesi <strong>K\u0131van\u00e7 Zaimler<\/strong>, keynote konu\u015fmas\u0131n\u0131 <em>Uluslararas\u0131 Enerji Ajans\u0131 (IEA) <img loading=\"lazy\" class=\"alignright wp-image-138218\" src=\"https:\/\/www.enerjigazetesi.ist\/wp-content\/uploads\/2021\/07\/net-sifir-emisyon-gelecegi-ve-turkiyeye-etkileri-webinari-1030-da.jpg\" alt=\"\" width=\"320\" height=\"253\" srcset=\"https:\/\/www.enerjigazetesi.ist\/wp-content\/uploads\/2021\/07\/net-sifir-emisyon-gelecegi-ve-turkiyeye-etkileri-webinari-1030-da.jpg 496w, https:\/\/www.enerjigazetesi.ist\/wp-content\/uploads\/2021\/07\/net-sifir-emisyon-gelecegi-ve-turkiyeye-etkileri-webinari-1030-da-300x237.jpg 300w, https:\/\/www.enerjigazetesi.ist\/wp-content\/uploads\/2021\/07\/net-sifir-emisyon-gelecegi-ve-turkiyeye-etkileri-webinari-1030-da-63x50.jpg 63w\" sizes=\"(max-width: 320px) 100vw, 320px\" \/>Ba\u015fkan\u0131<\/em> <strong>Dr. Fatih Birol<\/strong> yapacak. Webinar\u2019\u0131n onur konu\u015fmac\u0131s\u0131 Enerji ve Tabii Kaynaklar Bakanl\u0131\u011f\u0131 (ETKB) Bakan Yard\u0131mc\u0131s\u0131 <strong>Dr. Alparslan Bayraktar<\/strong> olacak.<\/p>\n<p>Webinar\u0131n devam\u0131nda <strong>\u201c\u0130\u015f D\u00fcnyas\u0131 Perspektifi: Temiz Enerji Gelece\u011fi\u201d<\/strong> ba\u015fl\u0131kl\u0131 bir panel d\u00fczenlenecek. Garanti BBVA Genel M\u00fcd\u00fcr Yard\u0131mc\u0131s\u0131<strong>\u00a0Ebru Dildar Edin<\/strong>\u2019in moderat\u00f6rl\u00fc\u011f\u00fcn\u00fc \u00fcstlenece\u011fi panelin konu\u015fmac\u0131lar\u0131 Zorlu Enerji CEO\u2019su <strong>Sinan Ak<\/strong>, Borusan EnBW Enerji Genel M\u00fcd\u00fcr\u00fc <strong>Enis Amasyal\u0131<\/strong>, Shell T\u00fcrkiye \u00dclke Ba\u015fkan\u0131 Ahmet Erdem, SOCAR T\u00fcrkiye CEO\u2019su <strong>Zaur Gahramanov<\/strong> ve Sanko Enerji CEO\u2019su <strong>Hakan Y\u0131ld\u0131r\u0131m<\/strong> olacak.<\/p>\n<p><strong>Webinar\u0131n kapan\u0131\u015f konu\u015fmas\u0131<\/strong>n\u0131 IICEC Direkt\u00f6r\u00fc <strong>Bora \u015eekip G\u00fcray<\/strong> yapacak.<\/p>\n<p>D\u00fcnya&#8217;da ve Avrupa\u2019da <strong>net s\u0131f\u0131r emisyon\u00a0<\/strong>alan\u0131nda \u00f6nemli geli\u015fmelerin ele al\u0131naca\u011f\u0131 bu \u00f6nemli etkinlik siz de\u011ferli sekt\u00f6r payda\u015flar\u0131n\u0131 da bekliyor&#8230;<\/p>\n<h2><strong>\u201cD\u00fcnyada ve Avrupa \u00d6zelinde Net S\u0131f\u0131r Emisyon Gelece\u011fi ve T\u00fcrkiye&#8217;ye Etkileri\u201d Webinar\u0131<\/strong><\/h2>\n<p><strong>Tarih : <\/strong>9 Temmuz 2021, Cuma<\/p>\n<p><strong>Saat : <\/strong>10:30 \u2013 11:45<\/p>\n<p><strong>Canl\u0131 yay\u0131n linki:\u00a0<\/strong><a href=\"https:\/\/iicec.sabanciuniv.edu\/tr\/webinar\" target=\"_blank\" rel=\"nofollow noopener\">https:\/\/iicec.sabanciuniv.edu\/tr\/webinar<\/a><\/p>","protected":false},"excerpt":{"rendered":"<p>Sorry, this entry is only available in Turkish. For the sake of viewer convenience, the content is shown below in the alternative language. You may click the link to switch the active language.Sabanc\u0131 \u00dcniversitesi \u0130stanbul Uluslararas\u0131 Enerji ve \u0130klim Merkezi (IICEC),\u00a0\u201cD\u00fcnyada ve Avrupa \u00d6zelinde Net S\u0131f\u0131r Emisyon Gelece\u011fi ve T\u00fcrkiye&#8217;ye Etkileri&#8217;\u201d ba\u015fl\u0131kl\u0131 bir webinar d\u00fczenliyor. [&hellip;]<\/p>\n","protected":false},"author":1,"featured_media":138218,"comment_status":"open","ping_status":"open","sticky":false,"template":"","format":"standard","meta":[],"categories":[53,52],"tags":[66257,52259,57990,84348,57125],"views":264,"_links":{"self":[{"href":"https:\/\/www.enerjigazetesi.ist\/en\/wp-json\/wp\/v2\/posts\/138216"}],"collection":[{"href":"https:\/\/www.enerjigazetesi.ist\/en\/wp-json\/wp\/v2\/posts"}],"about":[{"href":"https:\/\/www.enerjigazetesi.ist\/en\/wp-json\/wp\/v2\/types\/post"}],"author":[{"embeddable":true,"href":"https:\/\/www.enerjigazetesi.ist\/en\/wp-json\/wp\/v2\/users\/1"}],"replies":[{"embeddable":true,"href":"https:\/\/www.enerjigazetesi.ist\/en\/wp-json\/wp\/v2\/comments?post=138216"}],"version-history":[{"count":0,"href":"https:\/\/www.enerjigazetesi.ist\/en\/wp-json\/wp\/v2\/posts\/138216\/revisions"}],"wp:featuredmedia":[{"embeddable":true,"href":"https:\/\/www.enerjigazetesi.ist\/en\/wp-json\/wp\/v2\/media\/138218"}],"wp:attachment":[{"href":"https:\/\/www.enerjigazetesi.ist\/en\/wp-json\/wp\/v2\/media?parent=138216"}],"wp:term":[{"taxonomy":"category","embeddable":true,"href":"https:\/\/www.enerjigazetesi.ist\/en\/wp-json\/wp\/v2\/categories?post=138216"},{"taxonomy":"post_tag","embeddable":true,"href":"https:\/\/www.enerjigazetesi.ist\/en\/wp-json\/wp\/v2\/tags?post=138216"}],"curies":[{"name":"wp","href":"https:\/\/api.w.org\/{rel}","templated":true}]}}