{"id":13802,"date":"2013-08-06T14:44:11","date_gmt":"2013-08-06T11:44:11","guid":{"rendered":"https:\/\/www.enerjigazetesi.ist\/?p=13802"},"modified":"2013-08-06T14:44:11","modified_gmt":"2013-08-06T11:44:11","slug":"panama-elektriginin-yuzde-60i-heslerden-karsilaniyor","status":"publish","type":"post","link":"https:\/\/www.enerjigazetesi.ist\/en\/panama-elektriginin-yuzde-60i-heslerden-karsilaniyor\/","title":{"rendered":"(Turkish) Panama Elektri\u011finin Y\u00fczde 60`\u0131 HES`lerden Kar\u015f\u0131lan\u0131yor"},"content":{"rendered":"<p class=\"qtranxs-available-languages-message qtranxs-available-languages-message-en\">Sorry, this entry is only available in <a href=\"https:\/\/www.enerjigazetesi.ist\/tr\/wp-json\/wp\/v2\/posts\/13802\" class=\"qtranxs-available-language-link qtranxs-available-language-link-tr\" title=\"Turkish\">Turkish<\/a>. For the sake of viewer convenience, the content is shown below in the alternative language. You may click the link to switch the active language.<\/p><p><strong>Bir Orta Amerika \u00fclkesi olan Panama`n\u0131n, elektrik ihtiyac\u0131n\u0131n y\u00fczde 60`\u0131n\u0131 hidroelektrik santrallerden (HES) kar\u015f\u0131lad\u0131\u011f\u0131n\u0131 biliyor muydunuz?<\/strong><\/p>\n<p>Orta Amerika \u00fclkesi olan Panama, yenilenebilir enerji konusundaki at\u0131l\u0131mlar\u0131yla dikkat \u00e7ekiyor. T\u00fcm elektrik ihtiyac\u0131n\u0131n y\u00fczde 60`\u0131n\u0131n hidroelektrik santrallerinden kar\u015f\u0131land\u0131\u011f\u0131 Panama`da 2016 y\u0131l\u0131na kadar 15 adet HES projesi daha kurulacak.<\/p>\n<p><strong>ORTA AMER\u0130KA`NIN EN B\u00dcY\u00dcK R\u00dcZGAR \u00c7\u0130FTL\u0130\u011e\u0130&#8230;<\/strong><br \/>\n\u00d6te yandan Panama`da r\u00fczgar enerjisi a<a href=\"https:\/\/www.enerjigazetesi.ist\/wp-content\/uploads\/2013\/08\/panama-hes-in-elektriginin-yuzde-60i-heslerden-karsilaniyor.jpg\"><img loading=\"lazy\" class=\"alignleft size-medium wp-image-13803\" title=\"panama-hes-in-elektriginin-yuzde-60i-heslerden-karsilaniyor\" src=\"https:\/\/www.enerjigazetesi.ist\/wp-content\/uploads\/2013\/08\/panama-hes-in-elektriginin-yuzde-60i-heslerden-karsilaniyor-300x192.jpg\" alt=\"\" width=\"300\" height=\"192\" srcset=\"https:\/\/www.enerjigazetesi.ist\/wp-content\/uploads\/2013\/08\/panama-hes-in-elektriginin-yuzde-60i-heslerden-karsilaniyor-300x192.jpg 300w, https:\/\/www.enerjigazetesi.ist\/wp-content\/uploads\/2013\/08\/panama-hes-in-elektriginin-yuzde-60i-heslerden-karsilaniyor-78x50.jpg 78w, https:\/\/www.enerjigazetesi.ist\/wp-content\/uploads\/2013\/08\/panama-hes-in-elektriginin-yuzde-60i-heslerden-karsilaniyor.jpg 468w\" sizes=\"(max-width: 300px) 100vw, 300px\" \/><\/a>lan\u0131nda da geli\u015fmeler ya\u015fan\u0131yor. Nitekim Panama Devlet Ba\u015fkan\u0131 Ricardo Martinelli, pazartesi g\u00fcn\u00fc Orta Amerika`n\u0131n en b\u00fcy\u00fck r\u00fczgar enerjisi \u00e7iftli\u011fi \u00fcnvan\u0131na sahip olacak projeyi tan\u0131tt\u0131.<\/p>\n<p>\u0130spanyol Eolica Panamena firmas\u0131 taraf\u0131ndan \u00e7al\u0131\u015ft\u0131r\u0131lacak ve 450 milyon dolar de\u011ferinde olan proje, 2014 y\u0131l\u0131n\u0131n ortas\u0131nda faaliyete ge\u00e7ecek. \u0130lk etapta 220 MW elektrik \u00fcretecek r\u00fczgar enerjisi \u00e7iftli\u011finin kapasitesi 2015 y\u0131l\u0131nda ise 337 MW`a \u00e7\u0131kar\u0131larak, Panama`n\u0131n elektrik ihtiyac\u0131n\u0131n y\u00fczde 10`unu kar\u015f\u0131layacak.<\/p>\n<p><strong>850 B\u0130N K\u0130\u015e\u0130YE ELEKTR\u0130K SA\u011eLANACAK<\/strong><br \/>\nOrta Amerika`n\u0131n en b\u00fcy\u00fck, Latin Amerikan\u0131n ise 5.b\u00fcy\u00fck r\u00fczgar projesi olacak projeyle 850 bin ki\u015fiye elektrik sa\u011flanacak. 19 d\u00f6n\u00fcml\u00fck arazi \u00fczerinde 135 r\u00fczgar g\u00fcl\u00fc kulesinden olu\u015fan r\u00fczgar \u00e7iftli\u011fi projesi i\u00e7in Enerji Bakan\u0131 Vicente Prescott ise, \u201cBu yeni r\u00fczgar \u00e7iftli\u011fi projesi Panama`n\u0131n enerji dengelerine an\u0131nda etki edecek bir g\u00fcce sahip\u201d a\u00e7\u0131klamas\u0131n\u0131 yapt\u0131.<\/p>\n<p>Kaynak: <a href=\"http:\/\/enerjigunlugu.net\/panama-elektriginin-yuzde-60i-heslerden-karsilaniy_4505.html\" target=\"_blank\">Enerji G\u00fcnl\u00fc\u011f\u00fc<\/a><\/p>","protected":false},"excerpt":{"rendered":"<p>Sorry, this entry is only available in Turkish. For the sake of viewer convenience, the content is shown below in the alternative language. You may click the link to switch the active language.Bir Orta Amerika \u00fclkesi olan Panama`n\u0131n, elektrik ihtiyac\u0131n\u0131n y\u00fczde 60`\u0131n\u0131 hidroelektrik santrallerden (HES) kar\u015f\u0131lad\u0131\u011f\u0131n\u0131 biliyor muydunuz? Orta Amerika \u00fclkesi olan Panama, yenilenebilir enerji [&hellip;]<\/p>\n","protected":false},"author":1,"featured_media":13803,"comment_status":"open","ping_status":"open","sticky":false,"template":"","format":"standard","meta":[],"categories":[53,47,50],"tags":[1478,19,63,67,1009,165,35370,1090,7442,7443,16,7444,7445,105],"views":689,"_links":{"self":[{"href":"https:\/\/www.enerjigazetesi.ist\/en\/wp-json\/wp\/v2\/posts\/13802"}],"collection":[{"href":"https:\/\/www.enerjigazetesi.ist\/en\/wp-json\/wp\/v2\/posts"}],"about":[{"href":"https:\/\/www.enerjigazetesi.ist\/en\/wp-json\/wp\/v2\/types\/post"}],"author":[{"embeddable":true,"href":"https:\/\/www.enerjigazetesi.ist\/en\/wp-json\/wp\/v2\/users\/1"}],"replies":[{"embeddable":true,"href":"https:\/\/www.enerjigazetesi.ist\/en\/wp-json\/wp\/v2\/comments?post=13802"}],"version-history":[{"count":1,"href":"https:\/\/www.enerjigazetesi.ist\/en\/wp-json\/wp\/v2\/posts\/13802\/revisions"}],"predecessor-version":[{"id":13804,"href":"https:\/\/www.enerjigazetesi.ist\/en\/wp-json\/wp\/v2\/posts\/13802\/revisions\/13804"}],"wp:featuredmedia":[{"embeddable":true,"href":"https:\/\/www.enerjigazetesi.ist\/en\/wp-json\/wp\/v2\/media\/13803"}],"wp:attachment":[{"href":"https:\/\/www.enerjigazetesi.ist\/en\/wp-json\/wp\/v2\/media?parent=13802"}],"wp:term":[{"taxonomy":"category","embeddable":true,"href":"https:\/\/www.enerjigazetesi.ist\/en\/wp-json\/wp\/v2\/categories?post=13802"},{"taxonomy":"post_tag","embeddable":true,"href":"https:\/\/www.enerjigazetesi.ist\/en\/wp-json\/wp\/v2\/tags?post=13802"}],"curies":[{"name":"wp","href":"https:\/\/api.w.org\/{rel}","templated":true}]}}