{"id":137945,"date":"2021-07-05T13:43:09","date_gmt":"2021-07-05T10:43:09","guid":{"rendered":"https:\/\/www.enerjigazetesi.ist\/?p=137945"},"modified":"2021-07-05T13:47:17","modified_gmt":"2021-07-05T10:47:17","slug":"is-hayati-mutlu-calisanlara-sahip-olmak-icin-10-ipucu","status":"publish","type":"post","link":"https:\/\/www.enerjigazetesi.ist\/en\/is-hayati-mutlu-calisanlara-sahip-olmak-icin-10-ipucu\/","title":{"rendered":"(Turkish) \u0130\u015f Hayat\u0131 \u00d6zel: Mutlu \u00c7al\u0131\u015fanlara Sahip Olmak \u0130\u00e7in 10 \u0130pucu\u2026"},"content":{"rendered":"<p class=\"qtranxs-available-languages-message qtranxs-available-languages-message-en\">Sorry, this entry is only available in <a href=\"https:\/\/www.enerjigazetesi.ist\/tr\/wp-json\/wp\/v2\/posts\/137945\" class=\"qtranxs-available-language-link qtranxs-available-language-link-tr\" title=\"Turkish\">Turkish<\/a>. For the sake of viewer convenience, the content is shown below in the alternative language. You may click the link to switch the active language.<\/p><p><strong>Tarihi Sultanahmet K\u00f6ftecisi Mehmet Tez\u00e7ak\u0131n, bir asr\u0131 a\u015fk\u0131n s\u00fcre ayakta kalmalar\u0131n\u0131n ve d\u00fcnyaca tan\u0131nan marka yaratman\u0131n s\u0131rr\u0131n\u0131 &#8220;mutlu \u00e7al\u0131\u015fanlara sahip olmak&#8221; \u015feklinde \u00f6zetlerken, \u00e7al\u0131\u015fanlar\u0131n i\u015fyerinde mutlu olmas\u0131n\u0131 sa\u011flayacak 10 ipucunu da payla\u015ft\u0131.<\/strong><\/p>\n<p>Resmi kay\u0131tlarda <strong>1920<\/strong> g\u00f6r\u00fcnmesine kar\u015f\u0131n, ger\u00e7ek kurulu\u015f tarihi <strong>1916<\/strong> olan <strong>Tarihi Sultanahmet K\u00f6ftecisi<\/strong>, iki ayr\u0131 pandemiye tan\u0131kl\u0131k etmi\u015f nadir i\u015fletmelerden biri olma \u00f6zelli\u011fi ta\u015f\u0131yor.<\/p>\n<p><strong><img loading=\"lazy\" class=\"alignright wp-image-137947\" src=\"https:\/\/www.enerjigazetesi.ist\/wp-content\/uploads\/2021\/07\/is-hayati-mutlu-calisanlara-sahip-olmak-icin-10-ipucu-1.jpg\" alt=\"\" width=\"320\" height=\"230\" srcset=\"https:\/\/www.enerjigazetesi.ist\/wp-content\/uploads\/2021\/07\/is-hayati-mutlu-calisanlara-sahip-olmak-icin-10-ipucu-1.jpg 550w, https:\/\/www.enerjigazetesi.ist\/wp-content\/uploads\/2021\/07\/is-hayati-mutlu-calisanlara-sahip-olmak-icin-10-ipucu-1-300x216.jpg 300w, https:\/\/www.enerjigazetesi.ist\/wp-content\/uploads\/2021\/07\/is-hayati-mutlu-calisanlara-sahip-olmak-icin-10-ipucu-1-500x360.jpg 500w, https:\/\/www.enerjigazetesi.ist\/wp-content\/uploads\/2021\/07\/is-hayati-mutlu-calisanlara-sahip-olmak-icin-10-ipucu-1-69x50.jpg 69w\" sizes=\"(max-width: 320px) 100vw, 320px\" \/>1918-1920 y\u0131llar\u0131<\/strong> aras\u0131nda etkili olan <strong>\u0130spanyol gribinde<\/strong> de zor g\u00fcnler ya\u015fayan tarihi k\u00f6fteci, i\u015fyerine sad\u0131k, uzun s\u00fcreli \u00e7al\u0131\u015fan personelleriyle dikkati \u00e7ekiyor. Sultanahmet\u2019teki <strong>merkez d\u00fckkanda<\/strong> ve \u015fubelerde k\u00fc\u00e7\u00fck ya\u015flarda, <strong>en alt kademede mesle\u011fe ba\u015flayan<\/strong> \u00e7al\u0131\u015fanlar\u0131n b\u00fcy\u00fck \u00e7o\u011funlu\u011fu, <strong>30\u2019lu y\u0131llar\u0131<\/strong> devirdikten sonra tarihi i\u015fletmeden ayr\u0131l\u0131yorlar.<\/p>\n<p>Tarihi Sultanahmet K\u00f6ftecisi 1920, son olarak \u00e7al\u0131\u015fanlardan <strong>\u0130skender Kalyoncu, Murat Hanc\u0131, M\u00fcrsel T\u00fcfek\u00e7i, Nuri Memi\u015fo\u011flu, Bayram Emik, Halil T\u00fcfek\u00e7i<\/strong> ve<strong> Sat\u0131lm\u0131\u015f Avc\u0131<\/strong>\u2019y\u0131 t\u00fcm \u00e7al\u0131\u015fanlar\u0131n ve patronlar\u0131n kat\u0131ld\u0131\u011f\u0131 \u2018\u2019j\u00fcbile\u2019\u2019 ile u\u011furlad\u0131. Tarihi k\u00f6ftecinin <strong>3. ku\u015fak<\/strong> patronu Mehmet Tez\u00e7ak\u0131n ile e\u015fi <strong>\u0130sabel<\/strong>, o\u011fullar\u0131 <strong>Timur, Sinan<\/strong> ve <strong>Mert Tez\u00e7ak\u0131n<\/strong>\u2019\u0131n kat\u0131ld\u0131\u011f\u0131 etkinlikte, emekli olan personele te\u015fekk\u00fcr belgesi ve <strong>Sultanahmet K\u00f6ftecisi<\/strong> logolu saat verildi.<\/p>\n<h2><strong>\u0130\u015e\u00c7\u0130LERDEN DUYGULANDIRAN TEKL\u0130F<\/strong><\/h2>\n<p>Sultanahmet K\u00f6ftecisi <strong>Mehmet Tez\u00e7ak\u0131n<\/strong>, etkinlikte yapt\u0131\u011f\u0131 konu\u015fmada,<strong> 100 y\u0131l\u0131 a\u015fk\u0131n<\/strong> s\u00fcredir ayakta kalmalar\u0131n\u0131 ve d\u00fcnyaca tan\u0131nan marka olmalar\u0131n\u0131 <strong>&#8220;i\u015fyerini sahiplenen mutlu \u00e7al\u0131\u015fanlar\u0131na&#8221;<\/strong> ba\u011flad\u0131.<\/p>\n<p><em>&#8220;\u00c7al\u0131\u015fan mutlu olmad\u0131\u011f\u0131, i\u015fyerini sahiplenmedi\u011fi s\u00fcrece ba\u015far\u0131 gelmez\u2019\u2019 diyen Tez\u00e7ak\u0131n, \u2018\u2019Sultanahmet K\u00f6ftecisi\u2019nde ku\u015faklar boyunca yerle\u015fmi\u015f, personelin mutlulu\u011funu esas alan bir <strong>\u00e7al\u0131\u015fma k\u00fclt\u00fcr\u00fc<\/strong> var. Bu k\u00fclt\u00fcre, <strong>4 nesil boyunca<\/strong> titizlikle uyduk. Tarihimizin <strong>en s\u0131k\u0131nt\u0131l\u0131 d\u00f6nemini ya\u015fad\u0131\u011f\u0131m\u0131z<\/strong> \u015fu g\u00fcnlerde bu politikalar\u0131m\u0131z\u0131n kar\u015f\u0131l\u0131\u011f\u0131n\u0131 alman\u0131n hakl\u0131 sevincini ya\u015f\u0131yoruz. Pandemide, sadece paket servisle d\u00fckk\u00e2n\u0131 ayakta tutman\u0131n m\u00fcmk\u00fcn olmad\u0131\u011f\u0131 ortaya \u00e7\u0131k\u0131nca, 101 y\u0131ll\u0131k tarihimizde ilk kez kap\u0131m\u0131za kilit vuracakt\u0131k. Bu d\u00fc\u015f\u00fcncemizi personel ile payla\u015f\u0131nca \u00e7al\u0131\u015fanlar\u0131m\u0131z kendi aralar\u0131nda toplant\u0131 yapm\u0131\u015f. Sonra <strong>merkez d\u00fckkan sorumlusu<\/strong> o\u011flum <strong>Timur Tez\u00e7ak\u0131n\u2019a<\/strong> gelerek, (\u00dccretsiz \u00e7al\u0131\u015fmaya raz\u0131y\u0131z, yeter ki 101 y\u0131ll\u0131k d\u00fckk\u00e2n kapanmas\u0131n\u201d dediler. Ailecek \u00e7ok duyguland\u0131k. \u00c7al\u0131\u015fanlar\u0131m\u0131z\u0131n bu \u00f6zverisi sayesinde <strong>101 y\u0131ll\u0131k<\/strong> i\u015fletmemiz <strong>2&#8217;inci pandemide<\/strong> de kap\u0131s\u0131na kilit vurmam\u0131\u015f oldu&#8221;<\/em> diye konu\u015ftu.<\/p>\n<p>Tez\u00e7ak\u0131n, Sultanahmet K\u00f6ftecisi\u2019nin \u00e7al\u0131\u015fma k\u00fclt\u00fcr\u00fcnde var olan, \u00e7al\u0131\u015fanlar\u0131n <strong>i\u015fyerinde mutlu olmas\u0131n\u0131<\/strong> sa\u011flayacak <strong>10 ipucunu da<\/strong> <span style=\"text-decoration: underline;\">\u015f\u00f6yle s\u0131ralad\u0131:<\/span><\/p>\n<p>&#8211; \u00c7al\u0131\u015fanlar\u0131n\u0131z i\u00e7in <strong>zaman yarat\u0131n<\/strong>, mutlu olup olmad\u0131klar\u0131yla ilgilenin.<\/p>\n<p>&#8211; Bilginizi payla\u015f\u0131n, \u00f6\u011fretin.<\/p>\n<p>&#8211; D\u00fc\u015f\u00fcnd\u00fcklerinizi s\u00f6yleyin, hislerinizi belli edin.<\/p>\n<p>&#8211; \u00c7al\u0131\u015fanlar\u0131n\u0131za kar\u015f\u0131 kibar olun, te\u015fekk\u00fcr etmeyi, selamla\u015fmay\u0131 ihmal etmeyin.<\/p>\n<p>&#8211; Ele\u015ftiri ve \u015fikayetleriniz yap\u0131c\u0131 olsun.<\/p>\n<p>&#8211; Ba\u015far\u0131y\u0131 \u00f6d\u00fcllendirmeyi ve takdir etmeyi bilin.<\/p>\n<p>&#8211; \u015eirket olarak sosyal sorumluluk projeleri uygulay\u0131n, yard\u0131mlarda bulunun, \u00e7al\u0131\u015fanlar\u0131n\u0131z da bu projelerde etkin rol oynas\u0131n, \u015firketini sahiplensin.<\/p>\n<p>&#8211; Yap\u0131lan i\u015fleri g\u00f6r\u00fcn\u00fcr hale getirin.<\/p>\n<p>&#8211; Zaman zaman g\u00f6rev takas\u0131 yap\u0131n, \u00e7al\u0131\u015fanlar\u0131n birbirini daha iyi anlamas\u0131n\u0131 sa\u011flars\u0131n\u0131z.<\/p>\n<p>&#8211; Toplant\u0131lar\u0131n\u0131z\u0131 k\u0131sa ama verimli hale getirin.\u2019\u2019<\/p>","protected":false},"excerpt":{"rendered":"<p>Sorry, this entry is only available in Turkish. For the sake of viewer convenience, the content is shown below in the alternative language. You may click the link to switch the active language.Tarihi Sultanahmet K\u00f6ftecisi Mehmet Tez\u00e7ak\u0131n, bir asr\u0131 a\u015fk\u0131n s\u00fcre ayakta kalmalar\u0131n\u0131n ve d\u00fcnyaca tan\u0131nan marka yaratman\u0131n s\u0131rr\u0131n\u0131 &#8220;mutlu \u00e7al\u0131\u015fanlara sahip olmak&#8221; \u015feklinde \u00f6zetlerken, [&hellip;]<\/p>\n","protected":false},"author":1,"featured_media":137948,"comment_status":"open","ping_status":"open","sticky":false,"template":"","format":"standard","meta":[],"categories":[53],"tags":[73432,92977,92976,92975],"views":242,"_links":{"self":[{"href":"https:\/\/www.enerjigazetesi.ist\/en\/wp-json\/wp\/v2\/posts\/137945"}],"collection":[{"href":"https:\/\/www.enerjigazetesi.ist\/en\/wp-json\/wp\/v2\/posts"}],"about":[{"href":"https:\/\/www.enerjigazetesi.ist\/en\/wp-json\/wp\/v2\/types\/post"}],"author":[{"embeddable":true,"href":"https:\/\/www.enerjigazetesi.ist\/en\/wp-json\/wp\/v2\/users\/1"}],"replies":[{"embeddable":true,"href":"https:\/\/www.enerjigazetesi.ist\/en\/wp-json\/wp\/v2\/comments?post=137945"}],"version-history":[{"count":0,"href":"https:\/\/www.enerjigazetesi.ist\/en\/wp-json\/wp\/v2\/posts\/137945\/revisions"}],"wp:featuredmedia":[{"embeddable":true,"href":"https:\/\/www.enerjigazetesi.ist\/en\/wp-json\/wp\/v2\/media\/137948"}],"wp:attachment":[{"href":"https:\/\/www.enerjigazetesi.ist\/en\/wp-json\/wp\/v2\/media?parent=137945"}],"wp:term":[{"taxonomy":"category","embeddable":true,"href":"https:\/\/www.enerjigazetesi.ist\/en\/wp-json\/wp\/v2\/categories?post=137945"},{"taxonomy":"post_tag","embeddable":true,"href":"https:\/\/www.enerjigazetesi.ist\/en\/wp-json\/wp\/v2\/tags?post=137945"}],"curies":[{"name":"wp","href":"https:\/\/api.w.org\/{rel}","templated":true}]}}