{"id":1378,"date":"2012-08-10T10:04:17","date_gmt":"2012-08-10T07:04:17","guid":{"rendered":"https:\/\/www.enerjigazetesi.ist\/?p=1378"},"modified":"2012-08-10T10:04:17","modified_gmt":"2012-08-10T07:04:17","slug":"facebooktan-2011-yili-enerji-kullanim-istatistigi","status":"publish","type":"post","link":"https:\/\/www.enerjigazetesi.ist\/en\/facebooktan-2011-yili-enerji-kullanim-istatistigi\/","title":{"rendered":"(Turkish) Facebook\u2019tan 2011 Y\u0131l\u0131 Enerji Kullan\u0131m \u0130statisti\u011fi"},"content":{"rendered":"<p class=\"qtranxs-available-languages-message qtranxs-available-languages-message-en\">Sorry, this entry is only available in <a href=\"https:\/\/www.enerjigazetesi.ist\/tr\/wp-json\/wp\/v2\/posts\/1378\" class=\"qtranxs-available-language-link qtranxs-available-language-link-tr\" title=\"Turkish\">Turkish<\/a>. For the sake of viewer convenience, the content is shown below in the alternative language. You may click the link to switch the active language.<\/p><p><\/p>\n<h2>Sosyal a\u011f devi Facebook da 2011 y\u0131l\u0131ndaki enerji kullan\u0131m\u0131n\u0131 kamuoyu ile payla\u015ft\u0131.<\/h2>\n<p><img loading=\"lazy\" class=\"alignleft size-medium wp-image-1379\" title=\"facebook-karbon-salinimi\" src=\"https:\/\/www.enerjigazetesi.ist\/wp-content\/uploads\/2012\/08\/facebook-karbon-salinimi-300x165.jpg\" alt=\"\" width=\"300\" height=\"165\" srcset=\"https:\/\/www.enerjigazetesi.ist\/wp-content\/uploads\/2012\/08\/facebook-karbon-salinimi-300x165.jpg 300w, https:\/\/www.enerjigazetesi.ist\/wp-content\/uploads\/2012\/08\/facebook-karbon-salinimi-80x44.jpg 80w, https:\/\/www.enerjigazetesi.ist\/wp-content\/uploads\/2012\/08\/facebook-karbon-salinimi.jpg 451w\" sizes=\"(max-width: 300px) 100vw, 300px\" \/>2011 y\u0131l\u0131nda ayl\u0131k aktif Facebook kullan\u0131c\u0131s\u0131n\u0131n karbon sal\u0131n\u0131m\u0131 toplamda 269gr oldu. Bu oran bir orta Latte veya 3 adet muzun karbon sal\u0131n\u0131m\u0131na e\u015fit.<\/p>\n<p>Facebook\u2019un ofis, veri merkezi ve di\u011fer tesislerin toplam enerji kullan\u0131m\u0131 532 milyon kW\/s oldu. Do\u011faya sal\u0131nan karbon dioksit ve benzeri sera etkisi yapan gazlar\u0131n miktar\u0131 ise 285 000 metrik ton.<\/p>\n<p>Facebook\u2019un enerji kullan\u0131m\u0131 y\u00fczde 17 tabii gaz, y\u00fczde 13 n\u00fckleer enerji, y\u00fczde 23 yenilenebilir enerji, y\u00fczde 27 k\u00f6m\u00fcr, y\u00fczde 20 ise di\u011fer enerjiden olu\u015fuyor.<\/p>\n<p>Facebook \u00e7evreci yat\u0131r\u0131mlar\u0131na devam ederken, 2015 y\u0131l\u0131nda y\u00fczde 25 yenilenebilir enerji kullanmay\u0131 planl\u0131yor. \u0130sve\u00e7\u2019teki veri merkezi de dahil olmak \u00fczere Facebook yenilenebilir enerjiye a\u011f\u0131rl\u0131k veren veri merkezlerini \u00f6n\u00fcm\u00fczdeki y\u0131llarda faaliyete sokacak.<\/p>\n<p>Kaynak: <a href=\"http:\/\/www.hurriyet.com.tr\/teknoloji\/21146750.asp\" target=\"_blank\">H\u00fcrriyet<\/a><\/p>","protected":false},"excerpt":{"rendered":"<p>Sorry, this entry is only available in Turkish. For the sake of viewer convenience, the content is shown below in the alternative language. You may click the link to switch the active language. Sosyal a\u011f devi Facebook da 2011 y\u0131l\u0131ndaki enerji kullan\u0131m\u0131n\u0131 kamuoyu ile payla\u015ft\u0131. 2011 y\u0131l\u0131nda ayl\u0131k aktif Facebook kullan\u0131c\u0131s\u0131n\u0131n karbon sal\u0131n\u0131m\u0131 toplamda 269gr [&hellip;]<\/p>\n","protected":false},"author":1,"featured_media":1379,"comment_status":"open","ping_status":"open","sticky":false,"template":"","format":"standard","meta":[],"categories":[53,52,157],"tags":[67,12,291,295,294,293,292],"views":655,"_links":{"self":[{"href":"https:\/\/www.enerjigazetesi.ist\/en\/wp-json\/wp\/v2\/posts\/1378"}],"collection":[{"href":"https:\/\/www.enerjigazetesi.ist\/en\/wp-json\/wp\/v2\/posts"}],"about":[{"href":"https:\/\/www.enerjigazetesi.ist\/en\/wp-json\/wp\/v2\/types\/post"}],"author":[{"embeddable":true,"href":"https:\/\/www.enerjigazetesi.ist\/en\/wp-json\/wp\/v2\/users\/1"}],"replies":[{"embeddable":true,"href":"https:\/\/www.enerjigazetesi.ist\/en\/wp-json\/wp\/v2\/comments?post=1378"}],"version-history":[{"count":1,"href":"https:\/\/www.enerjigazetesi.ist\/en\/wp-json\/wp\/v2\/posts\/1378\/revisions"}],"predecessor-version":[{"id":1380,"href":"https:\/\/www.enerjigazetesi.ist\/en\/wp-json\/wp\/v2\/posts\/1378\/revisions\/1380"}],"wp:featuredmedia":[{"embeddable":true,"href":"https:\/\/www.enerjigazetesi.ist\/en\/wp-json\/wp\/v2\/media\/1379"}],"wp:attachment":[{"href":"https:\/\/www.enerjigazetesi.ist\/en\/wp-json\/wp\/v2\/media?parent=1378"}],"wp:term":[{"taxonomy":"category","embeddable":true,"href":"https:\/\/www.enerjigazetesi.ist\/en\/wp-json\/wp\/v2\/categories?post=1378"},{"taxonomy":"post_tag","embeddable":true,"href":"https:\/\/www.enerjigazetesi.ist\/en\/wp-json\/wp\/v2\/tags?post=1378"}],"curies":[{"name":"wp","href":"https:\/\/api.w.org\/{rel}","templated":true}]}}