{"id":137745,"date":"2021-07-01T12:07:26","date_gmt":"2021-07-01T09:07:26","guid":{"rendered":"https:\/\/www.enerjigazetesi.ist\/?p=137745"},"modified":"2021-07-01T12:07:43","modified_gmt":"2021-07-01T09:07:43","slug":"ikmib-2019-ve-2020-yili-olagan-genel-kurulu-yapildi","status":"publish","type":"post","link":"https:\/\/www.enerjigazetesi.ist\/en\/ikmib-2019-ve-2020-yili-olagan-genel-kurulu-yapildi\/","title":{"rendered":"(Turkish) \u0130KM\u0130B 2019 ve 2020 Y\u0131l\u0131 Ola\u011fan Genel Kurulu Yap\u0131ld\u0131"},"content":{"rendered":"<p class=\"qtranxs-available-languages-message qtranxs-available-languages-message-en\">Sorry, this entry is only available in <a href=\"https:\/\/www.enerjigazetesi.ist\/tr\/wp-json\/wp\/v2\/posts\/137745\" class=\"qtranxs-available-language-link qtranxs-available-language-link-tr\" title=\"Turkish\">Turkish<\/a>. For the sake of viewer convenience, the content is shown below in the alternative language. You may click the link to switch the active language.<\/p><p><strong>\u0130stanbul Kimyevi Maddeler ve Mamulleri \u0130hracat\u00e7\u0131lar\u0131 Birli\u011fi\u2019nin (\u0130KM\u0130B) 2019 ve 2020 y\u0131l\u0131 Ola\u011fan Genel Kurulu, T\u00fcrkiye \u0130hracat\u00e7\u0131lar Meclisi (T\u0130M) Ba\u015fkan\u0131 \u0130smail G\u00fclle, \u0130KM\u0130B Y\u00f6netim Kurulu Ba\u015fkan\u0131 Adil Pelister, \u0130KM\u0130B Genel Kurul \u00dcyeleri, \u0130stanbul Maden ve Metaller \u0130hracat\u00e7\u0131 Birlikleri (\u0130MM\u0130B) Genel Sekreteri Dr. S. Arma\u011fan Vurdu\u2019nun yan\u0131 s\u0131ra Ticaret Bakanl\u0131\u011f\u0131 ile T\u0130M temsilcilerinin kat\u0131l\u0131m\u0131yla 29 Haziran 2021 tarihinde D\u0131\u015f Ticaret Kompleksi\u2019nde ger\u00e7ekle\u015ftirildi.<\/strong><\/p>\n<p><img loading=\"lazy\" class=\"alignright wp-image-137747\" src=\"https:\/\/www.enerjigazetesi.ist\/wp-content\/uploads\/2021\/07\/ikmib-2019-ve-2020-yili-olagan-genel-kurulu-yapildi-2.jpg\" alt=\"\" width=\"320\" height=\"214\" srcset=\"https:\/\/www.enerjigazetesi.ist\/wp-content\/uploads\/2021\/07\/ikmib-2019-ve-2020-yili-olagan-genel-kurulu-yapildi-2.jpg 550w, https:\/\/www.enerjigazetesi.ist\/wp-content\/uploads\/2021\/07\/ikmib-2019-ve-2020-yili-olagan-genel-kurulu-yapildi-2-300x200.jpg 300w, https:\/\/www.enerjigazetesi.ist\/wp-content\/uploads\/2021\/07\/ikmib-2019-ve-2020-yili-olagan-genel-kurulu-yapildi-2-500x334.jpg 500w, https:\/\/www.enerjigazetesi.ist\/wp-content\/uploads\/2021\/07\/ikmib-2019-ve-2020-yili-olagan-genel-kurulu-yapildi-2-75x50.jpg 75w, https:\/\/www.enerjigazetesi.ist\/wp-content\/uploads\/2021\/07\/ikmib-2019-ve-2020-yili-olagan-genel-kurulu-yapildi-2-450x300.jpg 450w\" sizes=\"(max-width: 320px) 100vw, 320px\" \/>Pandemi nedeniyle olu\u015fan ola\u011fan\u00fcst\u00fc durumdan dolay\u0131 ge\u00e7en y\u0131l ger\u00e7ekle\u015ftirilemeyen \u0130KM\u0130B Genel Kurulu, bu y\u0131l 29 Haziran 2021&#8217;de<strong>\u00a02019<\/strong> ve <strong>2020 Y\u0131l\u0131<\/strong> <strong>Ola\u011fan Genel Kurulu<\/strong> olarak <strong>2 y\u0131l\u0131<\/strong> kapsayacak \u015fekilde ger\u00e7ekle\u015ftirildi. G\u00fcndem maddelerinin de\u011ferlendirildi\u011fi Genel Kurul\u2019da, \u0130KM\u0130B taraf\u0131ndan tahsil edilecek nispi aidat oran\u0131n\u0131n on binde d\u00f6rt olarak belirlenmesi ve <strong>y\u0131ll\u0131k aidat\u0131n s\u0131f\u0131r TL<\/strong> olarak belirlenmesi kararlar\u0131 al\u0131nd\u0131. T\u0130M\u2019in ve Bakanl\u0131\u011f\u0131n izni olduktan sonra y\u00fcr\u00fcrl\u00fc\u011fe girmesi bekleniyor.<\/p>\n<h2><strong>\u0130smail G\u00fclle, \u201cBu y\u0131l ihracatta in\u015fallah 200 milyar dolar\u0131 ge\u00e7ece\u011fimiz bir y\u0131l olacak\u201d\u00a0<\/strong><\/h2>\n<p><strong>T\u0130M Ba\u015fkan\u0131 \u0130smail G\u00fclle,\u00a0<\/strong>\u0130KM\u0130B 2019 ve 2020 Y\u0131l\u0131 Ola\u011fan Genel Kurulu\u2019nda<strong>\u00a0<\/strong>yapt\u0131\u011f\u0131 konu\u015fmada,<strong>\u00a0<\/strong>1 Temmuz itibariyle normalle\u015fme s\u00fcrecine ge\u00e7ilece\u011fini hat\u0131rlatarak, bug\u00fcne kadar olan s\u00fcreci aktif tamamlad\u0131klar\u0131n\u0131 ve ihracat\u00e7\u0131n\u0131n i\u015flemlerini yar\u0131da b\u0131rakmad\u0131klar\u0131n\u0131 dile getirdi. \u0130hracat\u0131n bu nedenle g\u00fcndemde birinci s\u0131radaki yerini ve \u00f6nemini korudu\u011funa dikkat \u00e7eken G\u00fclle, \u201cBizler elimizden geldi\u011fi kadar ihracat\u00e7\u0131lar\u0131m\u0131z\u0131 hi\u00e7bir konuda ma\u011fdur etmemeye \u00e7al\u0131\u015ft\u0131k. B\u00fct\u00fcn sorunlar\u0131nda yanlar\u0131nda olduk. Yasaklarda, \u00e7al\u0131\u015fma izinlerinde her t\u00fcrl\u00fc sorunu \u00e7\u00f6zmeye gayret ettik. Sa\u011f olsunlar hem Say\u0131n Cumhurba\u015fkan\u0131m\u0131z hem h\u00fck\u00fcmetimiz de bu s\u00fcre\u00e7te \u00fcreticinin, ihracat\u00e7\u0131n\u0131n yan\u0131nda oldu. Ge\u00e7en y\u0131l Haziran ay\u0131ndan itibaren de hep art\u0131larla hep rekorlarla dolu bir d\u00f6nemi tamamlad\u0131k. Bu y\u0131l da ba\u015far\u0131larla devam ediyoruz. D\u00fcnya ticaretinin d\u00f6rtte biri kimya. Kimya sekt\u00f6r\u00fcm\u00fcz\u00fcn potansiyelinin ihracat\u0131m\u0131za katk\u0131s\u0131n\u0131n \u00e7ok ciddi oldu\u011funu g\u00f6r\u00fcyoruz. Bu y\u0131l \u00f6nemli, hi\u00e7 unutmayaca\u011f\u0131m\u0131z, ihracatta in\u015fallah 200 milyar dolar\u0131 ge\u00e7ece\u011fimiz bir y\u0131l olacak\u201d dedi.<\/p>\n<h2><strong>Adil Pelister, \u201cSekt\u00f6rel b\u00fcy\u00fcmeyi sa\u011flamaya ve \u00fclke ekonomimize yapt\u0131\u011f\u0131m\u0131z katk\u0131y\u0131 b\u00fcy\u00fctmeye odakland\u0131k\u201d<\/strong><\/h2>\n<p>Pandemi dolay\u0131s\u0131yla bu y\u0131l 2019 ve 2020 y\u0131llar\u0131 ola\u011fan genel kurullar\u0131n\u0131 birle\u015ftirerek ger\u00e7ekle\u015ftirebildiklerini belirten <strong>\u0130KM\u0130B Y\u00f6netim Kurulu Ba\u015fkan\u0131 Adil Pelister<\/strong>, \u201c3 seneyi a\u015fk\u0131n s\u00fcredir, kimya sekt\u00f6r\u00fcm\u00fcz\u00fc hak etti\u011fi noktaya getirmek i\u00e7in \u00e7al\u0131\u015f\u0131yoruz. Gerek sekt\u00f6rel b\u00fcy\u00fcmeyi sa\u011flamaya gerekse \u00fclke ekonomimize yapt\u0131\u011f\u0131m\u0131z katk\u0131y\u0131 b\u00fcy\u00fctmeye odakland\u0131k. 3 sene evvel \u0130KM\u0130B se\u00e7imli Genel Kurulumuza haz\u0131rlan\u0131rken verdi\u011fimiz s\u00f6zleri yerine getirebilmek i\u00e7in ola\u011fan\u00fcst\u00fc \u00e7aba sarf ettik. \u00d6ncelikle, ihracat\u00e7\u0131lar\u0131m\u0131za verilen ye\u015fil pasaportta asgari ihracat tutar\u0131n\u0131n <strong>1 milyon<\/strong> dolardan <strong>500 bin dolara<\/strong> d\u00fc\u015f\u00fcr\u00fclmesi ve pasaportun kullan\u0131m s\u00fcresinin 2 y\u0131ldan 4 y\u0131la \u00e7\u0131kar\u0131lmas\u0131 ile ilgili s\u00f6z\u00fcm\u00fcz\u00fc tuttuk\u201d dedi.<\/p>\n<h2><strong>Kimya Teknoloji Merkezi kurulu\u015f s\u00fcrecinde son a\u015famaya gelindi<\/strong><\/h2>\n<p>\u0130KM\u0130B\u2019in 2019 ve 2020 y\u0131l\u0131 faaliyetleri ile kimya sekt\u00f6r\u00fc ihracat rakamlar\u0131 hakk\u0131nda bilgi veren Pelister, \u201c\u00c7o\u011fu milli kat\u0131l\u0131m olmak \u00fczere d\u00fcnyan\u0131n en \u00f6nemli 15 fuar\u0131na kat\u0131larak d\u00fcnyay\u0131 ar\u015f\u0131nlad\u0131k. 23 adet al\u0131m heyeti ve ticaret heyeti organizasyonlar\u0131m\u0131zla d\u00fcnyay\u0131 \u00fclkemizde a\u011f\u0131rlad\u0131k. D\u00fcnyan\u0131n en \u00f6nemli fuarlar\u0131ndan biri olan \u00c7in Uluslararas\u0131 \u0130thalat Fuar\u0131n\u0131n milli kat\u0131l\u0131m organizasyonunu \u0130KM\u0130B olarak organize ederek T\u00fcrkiye\u2019mizi ba\u015far\u0131yla temsil ettik. \u00a0Uluslararas\u0131 sekt\u00f6rel rekabet\u00e7ili\u011fimizi geli\u015ftirebilmek amac\u0131yla toplamda 180 UR-GE projesini i\u015fleme ald\u0131k ve b\u00fcy\u00fck bir k\u0131sm\u0131n\u0131 da hayata ge\u00e7irdik. Onlarca e\u011fitim program\u0131 ve \u00e7al\u0131\u015ftaylar d\u00fczenledik. \u00a0AR-GE Proje Pazar\u0131m\u0131z\u0131 ger\u00e7ekle\u015ftirdik. Tasar\u0131m Yar\u0131\u015fmalar\u0131 organize ettik. Eximbank\u2019\u0131n ihracat\u00e7\u0131lar\u0131m\u0131za olan finansman deste\u011fini art\u0131rabilmesi i\u00e7in 2019 y\u0131l\u0131nda Eximbank\u2019a \u0130KM\u0130B olarak 3 milyon TL aktard\u0131k. Sekt\u00f6rel \u0130\u015f d\u00fcnyas\u0131 kurulu\u015flar\u0131m\u0131zla beraber tam 22 ayr\u0131 i\u015f birli\u011fi projesi yapt\u0131k. 2020 y\u0131l\u0131nda da pandemiye ra\u011fmen kimya sekt\u00f6r\u00fc olarak 231 \u00fclkeye ihracat yaparak d\u00fcnyada ihracat a\u00e7\u0131s\u0131ndan ula\u015fmad\u0131k \u00fclke b\u0131rakmad\u0131k. Korona salg\u0131n\u0131 ile t\u0131kanan fiziki organizasyonlara ra\u011fmen ilk dijital ortamdaki \u00f6d\u00fcl t\u00f6renini, ilk dijital fuar ve ilk dijital sat\u0131n alma heyeti organizasyonlar\u0131n\u0131 ger\u00e7ekle\u015ftiren Birlik biz olduk. 2020 y\u0131l\u0131nda toplamda 110 faaliyete imza att\u0131k. 2019 ve 2020 y\u0131l\u0131nda toplamda 1000\u2019in \u00fczerinde ye\u015fil pasaport da\u011f\u0131tt\u0131k. Kad\u0131n ve Gen\u00e7 kimya giri\u015fimci, y\u00f6netici ve \u00f6\u011frencilerimizle komiteler olu\u015fturarak bir araya geldik. \u2018Kimya Teknoloji Merkezi\u2019mizin fizibilite ve stratejik planlama s\u00fcre\u00e7lerini tamamlayarak son a\u015famaya geldik. \u0130n\u015fallah \u00f6n\u00fcm\u00fczdeki d\u00f6nem yine hep birlikte a\u00e7\u0131l\u0131\u015f\u0131n\u0131 ger\u00e7ekle\u015ftirece\u011fiz\u201d de\u011ferlendirmesini yapt\u0131.<\/p>\n<h2><strong>Pelister, \u201cBu sene 21 milyar dolar\u0131n \u00e7ok \u00fcst\u00fcnde bir rakam\u0131 yakalayaca\u011f\u0131z\u201d<\/strong><\/h2>\n<p>2020 y\u0131l\u0131nda kimya sekt\u00f6r\u00fcn\u00fcn toplam \u00fclke ihracat\u0131nda 18,3 milyar dolarl\u0131k ihracat rakam\u0131yla sekt\u00f6rel bazda kal\u0131c\u0131 ikincili\u011fini s\u00fcrd\u00fcrd\u00fc\u011f\u00fcne dikkat \u00e7eken Pelister, \u201cBu sene \u00e7ok iyi bir rakam\u0131 yakalayaca\u011f\u0131z. Tahmin ediyorum 21 milyar dolar\u0131n \u00fcst\u00fcnde 22 milyar dolar\u0131n da \u00e7ok yak\u0131n\u0131nda bir rakam olacak. Seneye ise bu rakam\u0131n daha da yukar\u0131lara \u00e7\u0131karak b\u00fcy\u00fck rekorlara imza ataca\u011f\u0131m\u0131za inanc\u0131m tamd\u0131r\u201d \u015feklinde konu\u015ftu.<\/p>","protected":false},"excerpt":{"rendered":"<p>Sorry, this entry is only available in Turkish. For the sake of viewer convenience, the content is shown below in the alternative language. You may click the link to switch the active language.\u0130stanbul Kimyevi Maddeler ve Mamulleri \u0130hracat\u00e7\u0131lar\u0131 Birli\u011fi\u2019nin (\u0130KM\u0130B) 2019 ve 2020 y\u0131l\u0131 Ola\u011fan Genel Kurulu, T\u00fcrkiye \u0130hracat\u00e7\u0131lar Meclisi (T\u0130M) Ba\u015fkan\u0131 \u0130smail G\u00fclle, \u0130KM\u0130B [&hellip;]<\/p>\n","protected":false},"author":1,"featured_media":137748,"comment_status":"open","ping_status":"open","sticky":false,"template":"","format":"standard","meta":[],"categories":[53],"tags":[92828,92826,92827],"views":107,"_links":{"self":[{"href":"https:\/\/www.enerjigazetesi.ist\/en\/wp-json\/wp\/v2\/posts\/137745"}],"collection":[{"href":"https:\/\/www.enerjigazetesi.ist\/en\/wp-json\/wp\/v2\/posts"}],"about":[{"href":"https:\/\/www.enerjigazetesi.ist\/en\/wp-json\/wp\/v2\/types\/post"}],"author":[{"embeddable":true,"href":"https:\/\/www.enerjigazetesi.ist\/en\/wp-json\/wp\/v2\/users\/1"}],"replies":[{"embeddable":true,"href":"https:\/\/www.enerjigazetesi.ist\/en\/wp-json\/wp\/v2\/comments?post=137745"}],"version-history":[{"count":0,"href":"https:\/\/www.enerjigazetesi.ist\/en\/wp-json\/wp\/v2\/posts\/137745\/revisions"}],"wp:featuredmedia":[{"embeddable":true,"href":"https:\/\/www.enerjigazetesi.ist\/en\/wp-json\/wp\/v2\/media\/137748"}],"wp:attachment":[{"href":"https:\/\/www.enerjigazetesi.ist\/en\/wp-json\/wp\/v2\/media?parent=137745"}],"wp:term":[{"taxonomy":"category","embeddable":true,"href":"https:\/\/www.enerjigazetesi.ist\/en\/wp-json\/wp\/v2\/categories?post=137745"},{"taxonomy":"post_tag","embeddable":true,"href":"https:\/\/www.enerjigazetesi.ist\/en\/wp-json\/wp\/v2\/tags?post=137745"}],"curies":[{"name":"wp","href":"https:\/\/api.w.org\/{rel}","templated":true}]}}