{"id":13774,"date":"2013-08-05T17:56:18","date_gmt":"2013-08-05T14:56:18","guid":{"rendered":"https:\/\/www.enerjigazetesi.ist\/?p=13774"},"modified":"2013-08-05T17:56:18","modified_gmt":"2013-08-05T14:56:18","slug":"almanya-da-enerji-donusumu-nun-faturasi-halka-kesildi","status":"publish","type":"post","link":"https:\/\/www.enerjigazetesi.ist\/en\/almanya-da-enerji-donusumu-nun-faturasi-halka-kesildi\/","title":{"rendered":"(Turkish) Almanya\u2019da Enerji D\u00f6n\u00fc\u015f\u00fcm\u00fcn\u00fcn Faturas\u0131 Halka Kesildi"},"content":{"rendered":"<p class=\"qtranxs-available-languages-message qtranxs-available-languages-message-en\">Sorry, this entry is only available in <a href=\"https:\/\/www.enerjigazetesi.ist\/tr\/wp-json\/wp\/v2\/posts\/13774\" class=\"qtranxs-available-language-link qtranxs-available-language-link-tr\" title=\"Turkish\">Turkish<\/a>. For the sake of viewer convenience, the content is shown below in the alternative language. You may click the link to switch the active language.<\/p><p><strong>Almanya\u2019da \u015firketlere uygulanan elektrik fiyatlar\u0131ndaki indirim t\u00fcketicileri harekete ge\u00e7irdi.<\/strong><\/p>\n<p>Bir\u00e7ok \u015firket ve i\u015fletmelere enerji t\u00fcketiminde uygulanan imtiyazlar\u0131n\u00a0haneler i\u00e7in y\u00fcksek fiyatlardan enerji t\u00fcketim anlam\u0131na geldi\u011fi, t\u00fcketici koruma derneklerinin s\u0131k ele\u015ftirdi\u011fi noktalardan biri. T\u00fcketici koruma dernekleri, \u015firketlerin bu t\u00fcr imtiyaz g\u00f6rmelerini b\u00fcy\u00fck bir haks\u0131zl\u0131k olarak de\u011ferlendiriyor.<\/p>\n<p>\u015eirketlere sa\u011flanan b\u00fcy\u00fck oranda<a href=\"https:\/\/www.enerjigazetesi.ist\/wp-content\/uploads\/2013\/08\/aydem-musterilerini-temiz-enerji-ile-bulusturuyor.jpg\"><img loading=\"lazy\" class=\"alignleft size-medium wp-image-13775\" title=\"aydem-musterilerini-temiz-enerji-ile-bulusturuyor\" src=\"https:\/\/www.enerjigazetesi.ist\/wp-content\/uploads\/2013\/08\/aydem-musterilerini-temiz-enerji-ile-bulusturuyor-300x190.jpg\" alt=\"\" width=\"300\" height=\"190\" srcset=\"https:\/\/www.enerjigazetesi.ist\/wp-content\/uploads\/2013\/08\/aydem-musterilerini-temiz-enerji-ile-bulusturuyor-300x190.jpg 300w, https:\/\/www.enerjigazetesi.ist\/wp-content\/uploads\/2013\/08\/aydem-musterilerini-temiz-enerji-ile-bulusturuyor-500x317.jpg 500w, https:\/\/www.enerjigazetesi.ist\/wp-content\/uploads\/2013\/08\/aydem-musterilerini-temiz-enerji-ile-bulusturuyor-80x50.jpg 80w, https:\/\/www.enerjigazetesi.ist\/wp-content\/uploads\/2013\/08\/aydem-musterilerini-temiz-enerji-ile-bulusturuyor.jpg 505w\" sizes=\"(max-width: 300px) 100vw, 300px\" \/><\/a>ki s\u00fcbvansiyonlar\u0131 ve uygulanan farkl\u0131 tarifeleri de sert \u015fekilde ele\u015ftiren dernekler, \u00fclkede son y\u0131llarda \u00e7ok tart\u0131\u015f\u0131lan konular\u0131n ba\u015f\u0131nda gelen, \u2018enerjide d\u00f6n\u00fc\u015f\u00fcm\u2019 proje maliyetlerinin sadece hanelere \u00e7\u0131kar\u0131lmas\u0131na \u015fiddetle kar\u015f\u0131 \u00e7\u0131k\u0131yor. Ara\u015ft\u0131rmalara g\u00f6re Almanya\u2019da bilhassa n\u00fckleer enerji \u00fcretimine son verilmesiyle, haneler ge\u00e7ti\u011fimiz iki y\u0131lda daha y\u00fcksek elektrik faturas\u0131 \u00f6d\u00fcyor. \u2018Enerjide d\u00f6n\u00fc\u015f\u00fcm\u2019 proje maliyetinin \u015firketlerin rekabet g\u00fcc\u00fcn\u00fc d\u00fc\u015f\u00fcrece\u011fi \u00f6ne s\u00fcr\u00fclerek tek tarafl\u0131 hanelere y\u00fcklenmesine kar\u015f\u0131 \u00e7\u0131kan t\u00fcketici koruma dernekleri, siyasetin sessiz kalmas\u0131n\u0131 da tenkit ederek, h\u00fck\u00fcmetin duruma m\u00fcdahale etmesini talep ediyor.<\/p>\n<p>Almanya\u2019da 2012 y\u0131l\u0131nda yakla\u015f\u0131k 23 milyar kilovat-saat (KWh) fazla elektrik \u00fcretimi olmas\u0131na ra\u011fmen, hanelerin bir kilovat ba\u015f\u0131na \u00f6dedikleri fiyatlar\u0131n AB ortalamas\u0131ndan y\u00fczde 40 daha fazla olmas\u0131n\u0131n sebepleri sorgulan\u0131yor. Uzmanlar enerji fiyatlar\u0131n\u0131n gelecek y\u0131llarda \u00e7ok daha y\u00fckselmesinden ve bunun haneleri daha da olumsuz etkilemesinden endi\u015fe ediyor.<\/p>\n<p>Kaynak: <a href=\"http:\/\/enerjienstitusu.com\/2013\/08\/05\/almanyada-enerji-donusumunun-faturasi-halka-kesildi\/\" target=\"_blank\">Enerji Enstit\u00fcs\u00fc<\/a><\/p>","protected":false},"excerpt":{"rendered":"<p>Sorry, this entry is only available in Turkish. For the sake of viewer convenience, the content is shown below in the alternative language. You may click the link to switch the active language.Almanya\u2019da \u015firketlere uygulanan elektrik fiyatlar\u0131ndaki indirim t\u00fcketicileri harekete ge\u00e7irdi. Bir\u00e7ok \u015firket ve i\u015fletmelere enerji t\u00fcketiminde uygulanan imtiyazlar\u0131n\u00a0haneler i\u00e7in y\u00fcksek fiyatlardan enerji t\u00fcketim anlam\u0131na [&hellip;]<\/p>\n","protected":false},"author":1,"featured_media":13775,"comment_status":"open","ping_status":"open","sticky":false,"template":"","format":"standard","meta":[],"categories":[51,53],"tags":[929,343,19,63,1564,7428,67,165,148],"views":819,"_links":{"self":[{"href":"https:\/\/www.enerjigazetesi.ist\/en\/wp-json\/wp\/v2\/posts\/13774"}],"collection":[{"href":"https:\/\/www.enerjigazetesi.ist\/en\/wp-json\/wp\/v2\/posts"}],"about":[{"href":"https:\/\/www.enerjigazetesi.ist\/en\/wp-json\/wp\/v2\/types\/post"}],"author":[{"embeddable":true,"href":"https:\/\/www.enerjigazetesi.ist\/en\/wp-json\/wp\/v2\/users\/1"}],"replies":[{"embeddable":true,"href":"https:\/\/www.enerjigazetesi.ist\/en\/wp-json\/wp\/v2\/comments?post=13774"}],"version-history":[{"count":1,"href":"https:\/\/www.enerjigazetesi.ist\/en\/wp-json\/wp\/v2\/posts\/13774\/revisions"}],"predecessor-version":[{"id":13776,"href":"https:\/\/www.enerjigazetesi.ist\/en\/wp-json\/wp\/v2\/posts\/13774\/revisions\/13776"}],"wp:featuredmedia":[{"embeddable":true,"href":"https:\/\/www.enerjigazetesi.ist\/en\/wp-json\/wp\/v2\/media\/13775"}],"wp:attachment":[{"href":"https:\/\/www.enerjigazetesi.ist\/en\/wp-json\/wp\/v2\/media?parent=13774"}],"wp:term":[{"taxonomy":"category","embeddable":true,"href":"https:\/\/www.enerjigazetesi.ist\/en\/wp-json\/wp\/v2\/categories?post=13774"},{"taxonomy":"post_tag","embeddable":true,"href":"https:\/\/www.enerjigazetesi.ist\/en\/wp-json\/wp\/v2\/tags?post=13774"}],"curies":[{"name":"wp","href":"https:\/\/api.w.org\/{rel}","templated":true}]}}