{"id":137689,"date":"2021-06-30T22:15:00","date_gmt":"2021-06-30T19:15:00","guid":{"rendered":"https:\/\/www.enerjigazetesi.ist\/?p=137689"},"modified":"2021-06-30T22:15:15","modified_gmt":"2021-06-30T19:15:15","slug":"turkiye-nin-enerji-faturasi-yuzde-144-artis-kaydetti","status":"publish","type":"post","link":"https:\/\/www.enerjigazetesi.ist\/en\/turkiye-nin-enerji-faturasi-yuzde-144-artis-kaydetti\/","title":{"rendered":"(Turkish) T\u00fcrkiye\u2019nin Enerji Faturas\u0131 % 144 Art\u0131\u015f Kaydetti"},"content":{"rendered":"<p class=\"qtranxs-available-languages-message qtranxs-available-languages-message-en\">Sorry, this entry is only available in <a href=\"https:\/\/www.enerjigazetesi.ist\/tr\/wp-json\/wp\/v2\/posts\/137689\" class=\"qtranxs-available-language-link qtranxs-available-language-link-tr\" title=\"Turkish\">Turkish<\/a>. For the sake of viewer convenience, the content is shown below in the alternative language. You may click the link to switch the active language.<\/p><p><strong><img loading=\"lazy\" class=\"alignright wp-image-137691\" src=\"https:\/\/www.enerjigazetesi.ist\/wp-content\/uploads\/2021\/06\/turkiye-nin-enerji-faturasi-yuzde-144-artis-kaydetti.jpg\" alt=\"\" width=\"320\" height=\"227\" srcset=\"https:\/\/www.enerjigazetesi.ist\/wp-content\/uploads\/2021\/06\/turkiye-nin-enerji-faturasi-yuzde-144-artis-kaydetti.jpg 550w, https:\/\/www.enerjigazetesi.ist\/wp-content\/uploads\/2021\/06\/turkiye-nin-enerji-faturasi-yuzde-144-artis-kaydetti-300x213.jpg 300w, https:\/\/www.enerjigazetesi.ist\/wp-content\/uploads\/2021\/06\/turkiye-nin-enerji-faturasi-yuzde-144-artis-kaydetti-500x355.jpg 500w, https:\/\/www.enerjigazetesi.ist\/wp-content\/uploads\/2021\/06\/turkiye-nin-enerji-faturasi-yuzde-144-artis-kaydetti-70x50.jpg 70w\" sizes=\"(max-width: 320px) 100vw, 320px\" \/>T\u00fcrkiye\u2019nin enerji ithalat\u0131 faturas\u0131 May\u0131s&#8217;ta ge\u00e7ti\u011fimiz y\u0131l\u0131n ayn\u0131 d\u00f6nemine k\u0131yasla % 144 art\u0131\u015f kaydetti.<\/strong><\/p>\n<p>T\u00fcrkiye \u0130statistik Kurumu\u2019ndan (T\u00dc\u0130K) yap\u0131lan a\u00e7\u0131klamada, en b\u00fcy\u00fck ithalat ve enerji kalemleri de\u011ferlendirmesi;\u00a0<strong>mineral yak\u0131tlar, mineral ya\u011flar<\/strong> ve <strong>bunlar\u0131n dam\u0131t\u0131lmas\u0131ndan sa\u011flanan \u00fcr\u00fcnler, bit\u00fcmenli maddeler, mineral mumlar ithalat\u0131 kalemlerinden <\/strong>meydana geldi.<\/p>\n<p><strong>May\u0131s 2020&#8217;de<\/strong> ge\u00e7ti\u011fimiz y\u0131l\u0131n ayn\u0131 ay\u0131na g\u00f6re <strong>% 143,8<\/strong> artarak <strong>3 milyar 94,5 milyon dolar<\/strong> olurken <strong>2020 y\u0131l\u0131n\u0131n<\/strong> ayn\u0131 ay\u0131nda ithalat <strong>1 milyar 269,1 milyon dolar<\/strong> olmu\u015ftu.<\/p>","protected":false},"excerpt":{"rendered":"<p>Sorry, this entry is only available in Turkish. For the sake of viewer convenience, the content is shown below in the alternative language. You may click the link to switch the active language.T\u00fcrkiye\u2019nin enerji ithalat\u0131 faturas\u0131 May\u0131s&#8217;ta ge\u00e7ti\u011fimiz y\u0131l\u0131n ayn\u0131 d\u00f6nemine k\u0131yasla % 144 art\u0131\u015f kaydetti. T\u00fcrkiye \u0130statistik Kurumu\u2019ndan (T\u00dc\u0130K) yap\u0131lan a\u00e7\u0131klamada, en b\u00fcy\u00fck ithalat [&hellip;]<\/p>\n","protected":false},"author":1,"featured_media":137691,"comment_status":"open","ping_status":"open","sticky":false,"template":"","format":"standard","meta":[],"categories":[51,53],"tags":[53114,320,52259,72591],"views":105,"_links":{"self":[{"href":"https:\/\/www.enerjigazetesi.ist\/en\/wp-json\/wp\/v2\/posts\/137689"}],"collection":[{"href":"https:\/\/www.enerjigazetesi.ist\/en\/wp-json\/wp\/v2\/posts"}],"about":[{"href":"https:\/\/www.enerjigazetesi.ist\/en\/wp-json\/wp\/v2\/types\/post"}],"author":[{"embeddable":true,"href":"https:\/\/www.enerjigazetesi.ist\/en\/wp-json\/wp\/v2\/users\/1"}],"replies":[{"embeddable":true,"href":"https:\/\/www.enerjigazetesi.ist\/en\/wp-json\/wp\/v2\/comments?post=137689"}],"version-history":[{"count":0,"href":"https:\/\/www.enerjigazetesi.ist\/en\/wp-json\/wp\/v2\/posts\/137689\/revisions"}],"wp:featuredmedia":[{"embeddable":true,"href":"https:\/\/www.enerjigazetesi.ist\/en\/wp-json\/wp\/v2\/media\/137691"}],"wp:attachment":[{"href":"https:\/\/www.enerjigazetesi.ist\/en\/wp-json\/wp\/v2\/media?parent=137689"}],"wp:term":[{"taxonomy":"category","embeddable":true,"href":"https:\/\/www.enerjigazetesi.ist\/en\/wp-json\/wp\/v2\/categories?post=137689"},{"taxonomy":"post_tag","embeddable":true,"href":"https:\/\/www.enerjigazetesi.ist\/en\/wp-json\/wp\/v2\/tags?post=137689"}],"curies":[{"name":"wp","href":"https:\/\/api.w.org\/{rel}","templated":true}]}}