{"id":137656,"date":"2021-06-29T22:38:01","date_gmt":"2021-06-29T19:38:01","guid":{"rendered":"https:\/\/www.enerjigazetesi.ist\/?p=137656"},"modified":"2021-06-29T22:39:52","modified_gmt":"2021-06-29T19:39:52","slug":"anadolu-bulusmalari-nin-19-uncusu-adana-da-gerceklesti","status":"publish","type":"post","link":"https:\/\/www.enerjigazetesi.ist\/en\/anadolu-bulusmalari-nin-19-uncusu-adana-da-gerceklesti\/","title":{"rendered":"(Turkish) Anadolu Bulu\u015fmalar\u0131&#8217;n\u0131n 19&#8217;uncusu Adana&#8217;da Ger\u00e7ekle\u015fti"},"content":{"rendered":"<p class=\"qtranxs-available-languages-message qtranxs-available-languages-message-en\">Sorry, this entry is only available in <a href=\"https:\/\/www.enerjigazetesi.ist\/tr\/wp-json\/wp\/v2\/posts\/137656\" class=\"qtranxs-available-language-link qtranxs-available-language-link-tr\" title=\"Turkish\">Turkish<\/a>. For the sake of viewer convenience, the content is shown below in the alternative language. You may click the link to switch the active language.<\/p><p><strong>Yap\u0131larda Enerji Verimlili\u011fi Derne\u011fi (VER\u0130MDER), enerji tasarrufu ve \u0131s\u0131 yal\u0131t\u0131m\u0131 seferberli\u011fi konusunda kamuoyunu bilgilendirmek, fark\u0131ndal\u0131k yaratmak amac\u0131yla ger\u00e7ekle\u015ftirdi\u011fi Anadolu Bulu\u015fmalar\u0131&#8217;n\u0131n 19&#8217;uncusu Adana&#8217;da ger\u00e7ekle\u015ftirildi.<\/strong><\/p>\n<p>Toplant\u0131da Adana B\u00fcy\u00fck\u015fehir Belediye Ba\u015fkan\u0131<strong> Zeydan Karalar<\/strong> a\u00e7\u0131l\u0131\u015f konu\u015fmas\u0131n\u0131 yapt\u0131. Dalma\u00e7yal\u0131 sponsorlu\u011funda d\u00fczenlenen <strong>Verimder Anadolu Bulu\u015fmalar\u0131&#8217;<\/strong>n\u0131n, Adana aya\u011f\u0131,<strong> Adana Yap\u0131 <img loading=\"lazy\" class=\"alignright wp-image-137658\" src=\"https:\/\/www.enerjigazetesi.ist\/wp-content\/uploads\/2021\/06\/sogutulan-havanin-korunmasi-icin-de-isi-yalitimi-sart.jpg\" alt=\"\" width=\"320\" height=\"240\" srcset=\"https:\/\/www.enerjigazetesi.ist\/wp-content\/uploads\/2021\/06\/sogutulan-havanin-korunmasi-icin-de-isi-yalitimi-sart.jpg 550w, https:\/\/www.enerjigazetesi.ist\/wp-content\/uploads\/2021\/06\/sogutulan-havanin-korunmasi-icin-de-isi-yalitimi-sart-300x225.jpg 300w, https:\/\/www.enerjigazetesi.ist\/wp-content\/uploads\/2021\/06\/sogutulan-havanin-korunmasi-icin-de-isi-yalitimi-sart-500x375.jpg 500w, https:\/\/www.enerjigazetesi.ist\/wp-content\/uploads\/2021\/06\/sogutulan-havanin-korunmasi-icin-de-isi-yalitimi-sart-67x50.jpg 67w\" sizes=\"(max-width: 320px) 100vw, 320px\" \/>M\u00fcteahhitleri Derne\u011fi (AYAMDER)<\/strong> i\u015f birli\u011fiyle d\u00fczenlendi.<\/p>\n<p><strong>T\u00fcrkiye\u2019de enerji verimlili\u011fi<\/strong> ve<strong> tasarrufu<\/strong> konular\u0131nda fark\u0131ndal\u0131k olu\u015fturmak amac\u0131yla kurulan Verimder T\u00fcrkiye \u00e7ap\u0131nda d\u00fczenledi\u011fi bulu\u015fmalar\u0131n ikinci aya\u011f\u0131nda Adana\u2019dayd\u0131. VER\u0130MDER \u0130cra Kurulu Ba\u015fkan\u0131 <strong>Prof. Dr. Emre Alkin<\/strong>, Adana Yap\u0131 M\u00fcteahhitleri Derne\u011fi (AYAMDER) i\u015f birli\u011fiyle d\u00fczenlenen etkinlikte yapt\u0131\u011f\u0131 konu\u015fmada, \u00fclke \u00e7ap\u0131nda enerji verimlili\u011fi konusunda fark\u0131ndal\u0131k olu\u015fturmaya \u00e7al\u0131\u015ft\u0131klar\u0131n\u0131 s\u00f6yledi.<\/p>\n<p>Fark\u0131ndal\u0131k olu\u015fturmak amac\u0131yla T\u00fcrkiye\u2019yi kar\u0131\u015f kar\u0131\u015f gezdiklerini aktaran Alkin,<em> \u201c<strong>50 milyar dolar<\/strong> civar\u0131nda bir enerji ithalat\u0131m\u0131z var. Bunun <strong>17,5 milyar dolar\u0131<\/strong> do\u011frudan do\u011fruya binalar\u0131n \u0131s\u0131t\u0131lmas\u0131 ve so\u011futulmas\u0131na gidiyor. Bu rakam\u0131n yar\u0131ya indirilmesi laz\u0131m ki cari a\u00e7\u0131\u011f\u0131m\u0131zda bir daralma olsun, d\u00f6viz kuru \u00fczerinde bask\u0131 azals\u0131n ve ayn\u0131 zamanda vatanda\u015f\u0131n cebine de bir \u015feyler girsin\u201d<\/em> diye konu\u015ftu.<\/p>\n<p>Alkin, <strong>enerjinin verimli kullan\u0131lmas\u0131<\/strong> halinde cari a\u00e7\u0131\u011f\u0131n \u00f6nemli \u00f6l\u00e7\u00fcde d\u00fc\u015fece\u011fini belirterek, bunun d\u00f6viz kurlar\u0131 \u00fczerindeki bask\u0131ya azaltaca\u011f\u0131n\u0131,<strong> enflasyon<\/strong> ve <strong>faiz oranlar\u0131nda<\/strong> iyile\u015fmelere kadar bir fayda ortam\u0131 yarataca\u011f\u0131n\u0131 kaydetti.<\/p>\n<p>B\u00fcy\u00fcmenin ger\u00e7ek kayna\u011f\u0131n\u0131n <strong>ki\u015fisel tasarruflar<\/strong> oldu\u011funu ifade eden Alkin, bu tasarrufun da<strong> enerji verimlili\u011fi yoluyla<\/strong> art\u0131r\u0131labilece\u011fini s\u00f6yledi.<\/p>\n<h2>Karalar: 40 milyar dolar \u00fclkenin kasas\u0131nda kalabilir<\/h2>\n<p>B\u00fcy\u00fck\u015fehir Belediye Ba\u015fkan\u0131 Zeydan Karalar, toplant\u0131da yapt\u0131\u011f\u0131 konu\u015fmada, T\u00fcrkiye\u2019nin en \u00e7ok <strong>\u2018\u00fcretime, istihdama, ihracata, dolara ve ithalat\u0131 azaltmaya\u2019<\/strong> ihtiyac\u0131 oldu\u011funu belirterek, \u201cBu \u00fclke 1970\u2019lerden beri dolar krizine girer, \u00e7\u0131kar ama dolar\u0131n daha\u00a0 fazla olmas\u0131, daha az ithalat olmas\u0131 noktas\u0131nda siyaset\u00e7iler ne yaz\u0131k ki ciddi bir \u00f6nlem almaz. Sadece enerji verimlili\u011fi konusuna <strong>30 \u2013 40 milyar dolar<\/strong> yat\u0131r\u0131ld\u0131\u011f\u0131nda, <strong>4-5 sene<\/strong> sonra <strong>y\u00fczde 40-50\u2019ye<\/strong> varan bir enerji tasarrufu sa\u011flanabiliyor. Bu, d\u00f6rt senede verdi\u011finiz paray\u0131 amorti edeceksiniz anlam\u0131na gelir, bu paran\u0131n T\u00fcrkiye\u2019nin kasas\u0131nda kalmas\u0131 demektir\u201d dedi.<\/p>\n<h2>Prof.Dr.Alkin: Enerjiyi verimli kullanarak, cari a\u00e7\u0131\u011f\u0131 azaltabiliriz<\/h2>\n<p>Yap\u0131larda Enerji Verimlili\u011fi Derne\u011fi (VER\u0130MDER) \u0130cra Kurulu Ba\u015fkan\u0131 Prof. Dr. Emre Alkin, T\u00fcrkiye\u2019nin b\u00fcy\u00fcrken cari a\u00e7\u0131k veren bir ekonomik yap\u0131s\u0131 oldu\u011funu, bu ortamda cari a\u00e7\u0131\u011f\u0131 azaltman\u0131n yollar\u0131ndan birinin de \u2018enerji verimlili\u011finden\u2019 ge\u00e7ti\u011fini s\u00f6yledi. Prof. Dr. Alkin, T\u00fcrkiye\u2019nin <strong>50 milyar dolarl\u0131k<\/strong> enerji ithalat\u0131n\u0131n, <strong>22.5 milyar dolarl\u0131k<\/strong> k\u0131sm\u0131n\u0131n binalarda t\u00fcketildi\u011fine dikkat \u00e7ekti.<\/p>\n<p><em>Yap\u0131larda Enerji Verimlili\u011fi Derne\u011fi\u2019nin (VER\u0130MDER), Adana Yap\u0131 M\u00fcteahhitleri Derne\u011fi (AYAMDER) ve D\u00fcnya Gazetesi\u2019nin katk\u0131lar\u0131yla<\/em> d\u00fczenledi\u011fi; <strong>iklim de\u011fi\u015fikli\u011fi, enerji verimlili\u011fi<\/strong> ve <strong>enerji tasarrufu<\/strong> konulu \u2018Anadolu Bulu\u015fmalar\u0131\u2019n\u0131n Adana toplant\u0131s\u0131 yap\u0131ld\u0131. Sheraton Oteli\u2019ndeki toplant\u0131ya <em>Adana B\u00fcy\u00fck\u015fehir Belediye Ba\u015fkan\u0131 Zeydan Karalar, VER\u0130MDER \u0130cra Kurulu Ba\u015fkan\u0131 Prof. Dr. Emre Alkin, VER\u0130MDER Dernek Ba\u015fkan\u0131 \u00c7a\u011fda\u015f Korkmaz, AYAMDER Ba\u015fkan\u0131 Nadir Vurankaya, Ba\u015fkan Yard\u0131mc\u0131s\u0131 Tamer G\u00fclcan, AYAMDER\u2019in Kurucu Ba\u015fkan\u0131 Mustafa Vursavu\u015f, \u00c7ukurova Gen\u00e7 \u0130\u015fadamlar\u0131 Derne\u011fi (\u00c7UG\u0130AD) Ba\u015fkan\u0131 \u00d6mer Faruk Sakarya, in\u015faat sekt\u00f6r\u00fcnden m\u00fcteahhitler ve davetliler<\/em> kat\u0131ld\u0131.<\/p>\n<h2>Prof. Dr. Alkin: Enerji verimlili\u011fini maksimum seviyeye \u00e7\u0131karmal\u0131y\u0131z<\/h2>\n<p><strong>Prof. Dr. Emre Alkin<\/strong>, konu\u015fmas\u0131nda \u00fclke ithalat\u0131n\u0131n <strong>y\u00fczde 85<\/strong>\u2019ten fazlas\u0131n\u0131n hammadde, ara mal\u0131, yat\u0131r\u0131m mal\u0131 oldu\u011funu, bunun <strong>50 milyar dolar\u0131n\u0131<\/strong> enerjinin olu\u015fturdu\u011funu dile getirerek, \u015funlar\u0131 kaydetti: \u201cT\u00fcrkiye b\u00fcy\u00fcrken cari a\u00e7\u0131k vermek gibi bir yap\u0131sall\u0131\u011f\u0131n i\u00e7erisinde. <strong>Bunu nas\u0131l \u00e7\u00f6zeriz?<\/strong> \u00dc\u00e7 tane \u00e7ok \u00f6nemli hamle var; <strong>1&#8217;incisi<\/strong>, takriben <strong>120 milyar dolar<\/strong> civar\u0131nda <strong>ara mal\u0131 ithal<\/strong> ediyoruz, bunun yar\u0131s\u0131n\u0131 T\u00fcrkiye\u2019de \u00fcretebiliriz, niye \u00fcretmiyoruz bilmiyorum ama \u00fcretebilece\u011fimizi biliyorum. <strong>2&#8217;incisi<\/strong>; <strong>ihracat, turizm<\/strong> gibi d\u00f6viz kazand\u0131ran faaliyetlerin \u00f6n\u00fcn\u00fc a\u00e7ar\u0131z. <strong>3&#8217;\u00fcnc\u00fcs\u00fc<\/strong>; enerji ile alakal\u0131 verimlili\u011fi maksimum seviyeye \u00e7\u0131kar\u0131r\u0131z. Dolay\u0131s\u0131yla <strong>Rusya, \u0130ran<\/strong> gibi do\u011falgaz ithal etmek mecburiyetinde oldu\u011fumuz \u00fclkelere kar\u015f\u0131 d\u0131\u015f politikam\u0131z\u0131 daha dengeli hale getiririz.\u201d<\/p>\n<p>T\u00fcrkiye\u2019nin <strong>50 milyar dolarl\u0131k<\/strong> enerji ithalat\u0131n\u0131n <strong>22.5 milyar dolarl\u0131k<\/strong> k\u0131sm\u0131n\u0131n binalarda t\u00fcketildi\u011fini ve bunun enerjiye ayr\u0131lan b\u00f6l\u00fcm\u00fcn\u00fcn <strong>y\u00fczde 80<\/strong> oldu\u011funu aktaran Alkin, <span style=\"text-decoration: underline;\">\u015f\u00f6yle devam etti:<\/span> \u201cYani bina i\u00e7erisinde kulland\u0131\u011f\u0131m\u0131z enerjinin <strong>y\u00fczde 80\u2019i<\/strong> \u0131s\u0131tma ya da so\u011futmaya gidiyor. \u0130klimlendirme, yani so\u011futma i\u00e7in harcad\u0131\u011f\u0131m\u0131z enerji, \u0131s\u0131tma i\u00e7in harcad\u0131\u011f\u0131m\u0131z enerjinin iki kat\u0131. Meselemiz pandemiden \u00f6nce gezdi\u011fimiz<strong> 17 ilde<\/strong> anlatt\u0131\u011f\u0131m\u0131z gibi, sadece \u0131s\u0131tma de\u011fil. \u00d6\u011frendik ki sadece camlar\u0131 ve duvarlar\u0131 \u0131s\u0131tabiliyormu\u015fuz, evi \u0131s\u0131tam\u0131yormu\u015fuz. \u0130klimlendirmede de yine duvarlar\u0131 ve camlar\u0131 so\u011futuyormu\u015fuz, i\u00e7eriyi de\u011fil.\u201d<\/p>\n<p>Avrupa Birli\u011fi\u2019nin uygulama ba\u015flad\u0131\u011f\u0131 <strong>Ye\u015fil Mutabakat\u2019<\/strong>\u0131n <strong>enerji verimlili\u011fi<\/strong> ile boyutlar\u0131na dikkat \u00e7eken Alkin, \u015fu de\u011ferlendirmeyi yapt\u0131: <em>\u201cBizim Avrupa Birli\u011fi\u2019ne ihracat\u0131m\u0131z, toplam ihracat\u0131m\u0131z\u0131n y\u00fczde 51\u2019i. Avrupal\u0131lar art\u0131k; \u2018ben<strong> s\u0131f\u0131r karbon ayak izi<\/strong> istiyorum, \u00f6yle bir enerji harcay\u0131n ki hi\u00e7 karbon sal\u0131n\u0131m\u0131 olmas\u0131n, <strong>enerjiyi verimli kullan\u0131n<\/strong>, sizin binalar\u0131n\u0131zdan enerji t\u00fcketiminize kadar sizi ara\u015ft\u0131raca\u011f\u0131m, bununla ilgili kabul edilmi\u015f belge isteyece\u011fim, buna g\u00f6re sizin bize yapt\u0131\u011f\u0131n\u0131z ihracata vergi koyup koymayaca\u011f\u0131ma karar verece\u011fim\u2019 diyor. \u00dclke olarak<strong> 200 milyar dolar ihracat\u0131<\/strong> in\u015fallah a\u015faca\u011f\u0131z, bunun <strong>100 milyar dolar\u0131<\/strong>, e\u011fer i\u015fimizi do\u011fru yaparsak garanti, yapamazsak risk alt\u0131nda.\u201d<\/em><\/p>\n<p>Hedeflerinin daha az enerji t\u00fcketerek ayn\u0131 rand\u0131man\u0131 hatta daha fazlas\u0131n\u0131 sa\u011flayabilmek oldu\u011funu s\u00f6yleyen Alkin, enerji verimlili\u011fi ile ekonominin y\u00fcksek enflasyon ve faiz gibi kronik sorunlar\u0131 aras\u0131ndaki ba\u011flant\u0131y\u0131 \u015f\u00f6yle a\u00e7\u0131klad\u0131: \u201c<strong>Enerjiyi verimli kullanamamaktan<\/strong> dolay\u0131 cari a\u00e7\u0131\u011f\u0131m\u0131z\u0131 kapatam\u0131yoruz, cari a\u00e7\u0131\u011f\u0131m\u0131z\u0131 kapatamad\u0131\u011f\u0131m\u0131z i\u00e7in <strong>d\u00f6viz kurlar\u0131<\/strong> hep s\u0131cak kal\u0131yor, d\u00f6viz kurlar\u0131 s\u0131cak oldu\u011fu i\u00e7in enflasyon y\u00fcksek, enflasyon y\u00fcksek oldu\u011fu i\u00e7in faizler y\u00fcksek. Evvelki sorunlarla ba\u015fa \u00e7\u0131kmakta zorluk \u00e7ekti\u011fimiz i\u00e7in, <strong>sonucu de\u011fi\u015ftirmeye, faizleri d\u00fc\u015f\u00fcrmeye<\/strong> \u00e7al\u0131\u015f\u0131yoruz. Ben de y\u00fcksek oldu\u011funu kabul ediyorum. Ama bence \u00e7ok zorlu bir i\u015fi, en ba\u015fta yapmam\u0131z, yani meselenin sebebi ile u\u011fra\u015fmam\u0131z laz\u0131m. Sonucuyla u\u011fra\u015ft\u0131\u011f\u0131m\u0131z zaman, sonu\u00e7 de\u011fi\u015fmiyor.\u201d<\/p>\n<h2>Vurankaya: Enerjide verimlilik \u00e7al\u0131\u015fmalar\u0131n\u0131 destekliyoruz<\/h2>\n<p>AYAMDER Ba\u015fkan\u0131 <strong>Nadir Vurankaya<\/strong> da her ge\u00e7en g\u00fcn artan enerji ihtiyac\u0131na kar\u015f\u0131n, d\u00fcnyada azalmaya ba\u015flayan do\u011fal kaynaklar\u0131 verimli kullanabilmek i\u00e7in enerji tasarrufu yapman\u0131n \u00f6nemine dikkat \u00e7ekti. Vurankaya, <em>\u201cB\u00f6lgelere g\u00f6re \u0131s\u0131 yat\u0131l\u0131m\u0131 ile enerji\u00a0 tasarruf seviyelerinin de\u011fi\u015fiklik g\u00f6sterdi\u011fini d\u00fc\u015f\u00fcn\u00fcrsek, bizim b\u00f6lgemizde de ciddi \u0131s\u0131 yat\u0131l\u0131m\u0131 yapmak zorunlulu\u011funun ortaya \u00e7\u0131kt\u0131\u011f\u0131n\u0131 g\u00f6rebiliriz. AYAMDER olarak enerji verimlili\u011fini \u00e7ok \u00f6nemsiyoruz ve bu konuda ciddi \u00e7al\u0131\u015fmalar yap\u0131yoruz\u201d<\/em> dedi.<\/p>\n<h2>G\u00fclcan: Adana\u2019da so\u011futma uygulamalar\u0131 daha pahal\u0131<\/h2>\n<p>AYAMDER Ba\u015fkan Yard\u0131mc\u0131s\u0131 <strong>Tamer G\u00fclcan<\/strong> ise \u00fclke olarak bu co\u011frafyada, enerjide d\u0131\u015fa ba\u011f\u0131ml\u0131 oldu\u011fumuz bir d\u00f6nemde tasarruf tedbirlerini en \u00fcst seviyeye \u00e7\u0131karmak gerekti\u011fini bildirdi. Enerji verimlili\u011finin in\u015faat sekt\u00f6r\u00fcndeki yal\u0131t\u0131m uygulamalar\u0131n\u0131n \u00f6nemini g\u00f6sterdi\u011fini anlatan G\u00fclcan, <em>\u201cYal\u0131t\u0131m dendi\u011fi zaman \u0130\u00e7 Anadolu b\u00f6lgesinde so\u011fuk havadan korunmak anla\u015f\u0131l\u0131r ancak bizim \u015fehrimiz Adana\u2019da yazlar\u0131 \u00e7ok s\u0131cak oldu\u011fu i\u00e7in, i\u00e7eride so\u011futma y\u00f6ntemleri \u00e7ok daha pahal\u0131d\u0131r. Enerji tasarrufunu sa\u011flayabilmek ad\u0131na VER\u0130MDER\u2019in \u00e7al\u0131\u015fmalar\u0131n\u0131 Adana m\u00fcteahhitleri olarak destekliyoruz\u201d<\/em> diye konu\u015ftu.<\/p>\n<h2>Korkmaz: Konutlarda kullan\u0131lan enerji, sanayide kullan\u0131lan\u0131 ge\u00e7ti<\/h2>\n<p>VER\u0130MDER Dernek Ba\u015fkan\u0131 \u00c7a\u011fda\u015f Korkmaz da <strong>enerji verimlili\u011fi<\/strong> ve <strong>tasarrufu<\/strong> konusundaki fark\u0131ndal\u0131\u011f\u0131 art\u0131rmaya \u00e7al\u0131\u015ft\u0131klar\u0131n\u0131 s\u00f6yledi. Korkmaz,<strong> 2018\u2019den bu yana<\/strong> konut tipi yap\u0131larda kullan\u0131lan enerjinin, sanayide kullan\u0131lan enerjiyi ge\u00e7ti\u011fini ifade ederek,<em> \u201cArt\u0131k konutlar\u0131m\u0131zda, sanayi yap\u0131lar\u0131m\u0131za g\u00f6re daha fazla enerji harc\u0131yoruz. <strong>Son 10 y\u0131lda<\/strong> \u00fclkemizin t\u00fcketti\u011fi enerji <strong>y\u00fczde 40<\/strong> oran\u0131nda artt\u0131. <strong>Enerji verimlili\u011fi<\/strong> ve <strong>tasarrufu<\/strong> konusunda Avrupa\u2019da belirli d\u00f6nemlerde belirli hedefler konuluyor ve bunlara ula\u015f\u0131lmas\u0131 i\u00e7in gerekli d\u00fczenlemeler yap\u0131l\u0131yor, bizde de benzer bir y\u00f6ntem izlenmeli ve bunu yapabilecek kapasiteye sahibiz\u201d<\/em> ifadesini kulland\u0131.<\/p>\n<h2>Korkmaz: Yaz\u0131n Harcanan Enerji \u00c7ok Daha Fazla<\/h2>\n<p><strong>\u201cIl\u0131man iklimlerde \u0131s\u0131 yal\u0131t\u0131m\u0131na ihtiya\u00e7 yoktur\u201d<\/strong> alg\u0131s\u0131n\u0131n do\u011fru olmad\u0131\u011f\u0131na vurgu yapan Korkmaz \u201cIs\u0131 yal\u0131t\u0131m\u0131 sadece so\u011fu\u011fa kar\u015f\u0131 de\u011fil, s\u0131caktan korunmak i\u00e7in de \u00f6nemlidir. Unutmamal\u0131 ki yaz\u0131n serinleme maliyeti, <strong>k\u0131\u015f\u0131n \u0131s\u0131nma maliyetinden<\/strong> \u00e7ok daha fazlad\u0131r\u201d diye konu\u015ftu.<\/p>\n<p>Binalar\u0131n d\u0131\u015fa bakan <strong>i\u00e7 y\u00fczey s\u0131cakl\u0131\u011f\u0131<\/strong> ile<strong> i\u00e7 ortam s\u0131cakl\u0131\u011f\u0131<\/strong> aras\u0131ndaki fark\u0131n <strong>3 derecenin<\/strong> \u00fczerinde olmamas\u0131 gerekti\u011fini yoksa <strong>binalarda \u0131s\u0131 kay\u0131plar\u0131<\/strong> olu\u015fabilece\u011fini s\u00f6yleyen Korkmaz, s\u00f6zlerini \u015f\u00f6yle s\u00fcrd\u00fcrd\u00fc: <em>\u201cBir enerji t\u00fcr\u00fc olan \u0131s\u0131, do\u011fa kanunlar\u0131 gere\u011fi her zaman s\u0131cak ortamdan so\u011fuk ortama do\u011fru transfer olur. <strong>Yal\u0131t\u0131ms\u0131z binalarda<\/strong>, d\u0131\u015far\u0131daki<strong> \u0131s\u0131 bina i\u00e7ine<\/strong> hareket ederek ortam\u0131 \u0131s\u0131t\u0131r. Bu kapsamda, binalardaki <strong>\u0131s\u0131 yal\u0131t\u0131m\u0131 \u00f6zellikle<\/strong> s\u0131cak iklimlerde d\u0131\u015far\u0131daki s\u0131cak havan\u0131n bina i\u00e7erisine giri\u015fini engeller ve bu sayede<strong> so\u011futma enerjisinde tasarrufu<\/strong> sa\u011flan\u0131r.\u201d<\/em><\/p>","protected":false},"excerpt":{"rendered":"<p>Sorry, this entry is only available in Turkish. For the sake of viewer convenience, the content is shown below in the alternative language. You may click the link to switch the active language.Yap\u0131larda Enerji Verimlili\u011fi Derne\u011fi (VER\u0130MDER), enerji tasarrufu ve \u0131s\u0131 yal\u0131t\u0131m\u0131 seferberli\u011fi konusunda kamuoyunu bilgilendirmek, fark\u0131ndal\u0131k yaratmak amac\u0131yla ger\u00e7ekle\u015ftirdi\u011fi Anadolu Bulu\u015fmalar\u0131&#8217;n\u0131n 19&#8217;uncusu Adana&#8217;da ger\u00e7ekle\u015ftirildi. [&hellip;]<\/p>\n","protected":false},"author":1,"featured_media":137659,"comment_status":"open","ping_status":"open","sticky":false,"template":"","format":"standard","meta":[],"categories":[53,52],"tags":[92749,80750,38298,52259,49436,58103,65660,5725,41159,43386,92748,47427,92747],"views":159,"_links":{"self":[{"href":"https:\/\/www.enerjigazetesi.ist\/en\/wp-json\/wp\/v2\/posts\/137656"}],"collection":[{"href":"https:\/\/www.enerjigazetesi.ist\/en\/wp-json\/wp\/v2\/posts"}],"about":[{"href":"https:\/\/www.enerjigazetesi.ist\/en\/wp-json\/wp\/v2\/types\/post"}],"author":[{"embeddable":true,"href":"https:\/\/www.enerjigazetesi.ist\/en\/wp-json\/wp\/v2\/users\/1"}],"replies":[{"embeddable":true,"href":"https:\/\/www.enerjigazetesi.ist\/en\/wp-json\/wp\/v2\/comments?post=137656"}],"version-history":[{"count":0,"href":"https:\/\/www.enerjigazetesi.ist\/en\/wp-json\/wp\/v2\/posts\/137656\/revisions"}],"wp:featuredmedia":[{"embeddable":true,"href":"https:\/\/www.enerjigazetesi.ist\/en\/wp-json\/wp\/v2\/media\/137659"}],"wp:attachment":[{"href":"https:\/\/www.enerjigazetesi.ist\/en\/wp-json\/wp\/v2\/media?parent=137656"}],"wp:term":[{"taxonomy":"category","embeddable":true,"href":"https:\/\/www.enerjigazetesi.ist\/en\/wp-json\/wp\/v2\/categories?post=137656"},{"taxonomy":"post_tag","embeddable":true,"href":"https:\/\/www.enerjigazetesi.ist\/en\/wp-json\/wp\/v2\/tags?post=137656"}],"curies":[{"name":"wp","href":"https:\/\/api.w.org\/{rel}","templated":true}]}}