{"id":137555,"date":"2021-06-28T07:38:43","date_gmt":"2021-06-28T04:38:43","guid":{"rendered":"https:\/\/www.enerjigazetesi.ist\/?p=137555"},"modified":"2021-06-28T07:38:57","modified_gmt":"2021-06-28T04:38:57","slug":"erol-kiresepi-g20-calisma-bakanlari-toplantisindaydi","status":"publish","type":"post","link":"https:\/\/www.enerjigazetesi.ist\/en\/erol-kiresepi-g20-calisma-bakanlari-toplantisindaydi\/","title":{"rendered":"(Turkish) &#8217;Erol Kiresepi&#8217; G20 \u00c7al\u0131\u015fma Bakanlar\u0131 Toplant\u0131s\u0131&#8217;ndayd\u0131&#8230;"},"content":{"rendered":"<p class=\"qtranxs-available-languages-message qtranxs-available-languages-message-en\">Sorry, this entry is only available in <a href=\"https:\/\/www.enerjigazetesi.ist\/tr\/wp-json\/wp\/v2\/posts\/137555\" class=\"qtranxs-available-language-link qtranxs-available-language-link-tr\" title=\"Turkish\">Turkish<\/a>. For the sake of viewer convenience, the content is shown below in the alternative language. You may click the link to switch the active language.<\/p><p><strong>Santa Farma \u0130la\u00e7 Sanayii Y\u00f6netim Kurulu Ba\u015fkan\u0131 ve T\u00fcrkiye Kimya Petrol Lastik ve Plastik Sanayii \u0130\u015fverenleri Sendikas\u0131 (K\u0130PLAS) Y\u00f6netim Kurulu Ba\u015fkan Vekili Erol Kiresepi, G20 \u00c7al\u0131\u015fma Bakanlar\u0131 Toplant\u0131s\u0131nda D\u00fcnya \u0130\u015fverenlerini Temsil Etti.<\/strong><\/p>\n<p>Santa Farma \u0130la\u00e7 Sanayii Y\u00f6netim Kurulu Ba\u015fkan\u0131, K\u0130PLAS Y\u00f6netim Kurulu Ba\u015fkan Vekili ve Uluslararas\u0131 \u0130\u015fverenler Te\u015fkilat\u0131 (IOE) Onursal Ba\u015fkan\u0131 Erol Kiresepi, <strong>G20 \u0130talya D\u00f6nem Ba\u015fkanl\u0131\u011f\u0131<\/strong> kapsam\u0131nda<strong> 23 Haziran 2021<\/strong> tarihinde ger\u00e7ekle\u015ftirilen <strong>G20 \u00c7al\u0131\u015fma Bakanlar\u0131 Toplant\u0131s\u0131<\/strong>\u2019na <img loading=\"lazy\" class=\"alignright wp-image-137557\" src=\"https:\/\/www.enerjigazetesi.ist\/wp-content\/uploads\/2021\/06\/erol-kiresepi-g20-calisma-bakanlari-toplantisindaydi.jpg\" alt=\"\" width=\"320\" height=\"213\" srcset=\"https:\/\/www.enerjigazetesi.ist\/wp-content\/uploads\/2021\/06\/erol-kiresepi-g20-calisma-bakanlari-toplantisindaydi.jpg 600w, https:\/\/www.enerjigazetesi.ist\/wp-content\/uploads\/2021\/06\/erol-kiresepi-g20-calisma-bakanlari-toplantisindaydi-300x200.jpg 300w, https:\/\/www.enerjigazetesi.ist\/wp-content\/uploads\/2021\/06\/erol-kiresepi-g20-calisma-bakanlari-toplantisindaydi-500x333.jpg 500w, https:\/\/www.enerjigazetesi.ist\/wp-content\/uploads\/2021\/06\/erol-kiresepi-g20-calisma-bakanlari-toplantisindaydi-75x50.jpg 75w, https:\/\/www.enerjigazetesi.ist\/wp-content\/uploads\/2021\/06\/erol-kiresepi-g20-calisma-bakanlari-toplantisindaydi-450x300.jpg 450w\" sizes=\"(max-width: 320px) 100vw, 320px\" \/>d\u00fcnya i\u015fverenlerini temsilen kat\u0131larak bir konu\u015fma yapt\u0131.<\/p>\n<p>Ekim ay\u0131nda ger\u00e7ekle\u015ftirilecek<strong> G20 Liderler Zirvesi<\/strong>\u2019ne sunulacak istihdam ve b\u00fcy\u00fcme konular\u0131ndaki tavsiyelerin haz\u0131rlanmas\u0131 amac\u0131yla \u0130talya\u2019n\u0131n Catania \u015fehrinde d\u00fczenlenen toplant\u0131ya <strong>G20 \u00fclkelerinin<\/strong> <strong>\u00c7al\u0131\u015fma Bakanlar\u0131, Bakanl\u0131k yetkilileri<\/strong> ve <strong>uluslararas\u0131 kurulu\u015flar\u0131n<\/strong> temsilcileri kat\u0131ld\u0131lar.<\/p>\n<p>Toplant\u0131n\u0131n ilk b\u00f6l\u00fcm\u00fcnde konu\u015fan Kiresepi, pandemi sonras\u0131nda <strong>yeni istihdam olanaklar\u0131<\/strong> yarat\u0131lmas\u0131n\u0131 <strong>te\u015fvik etmek<\/strong> ve <strong>h\u0131zland\u0131rmak<\/strong> \u00fczere m\u00fcmk\u00fcn olan<strong> her t\u00fcrl\u00fc tedbirin al\u0131nmas\u0131<\/strong> gerekti\u011fini, istihdam art\u0131\u015f\u0131n\u0131 sa\u011flamak i\u00e7in de <strong>giri\u015fimcilerin, i\u015fletmelerin<\/strong> ve<strong> i\u015f\u00e7ilerin g\u00fc\u00e7l\u00fc te\u015fviklerle desteklenmesi<\/strong> ile<strong> istihdam yarat\u0131lmas\u0131<\/strong> i\u00e7in i\u015fverenlerin \u00f6n\u00fcndeki engellerin kald\u0131r\u0131lmas\u0131na \u00f6ncelik verilmesinde yarar oldu\u011funu kaydetti.<\/p>\n<h2><strong>\u201cE\u011fitim ve kariyer rehberli\u011finin sa\u011flanmas\u0131 zaruri\u201d<\/strong><\/h2>\n<p>IOE Onursal Ba\u015fkan\u0131, \u00e7al\u0131\u015fanlar\u0131n h\u0131zla geli\u015fen bir i\u015fg\u00fcc\u00fc piyasas\u0131na adapte olabilmeleri i\u00e7in <strong>e\u011fitim<\/strong> ve <strong>kariyer rehberli\u011fi sa\u011flanmas\u0131n\u0131n<\/strong> zaruri oldu\u011funu vurgulayarak, t\u00fcm \u00fclkelerin <strong>dinamik, esnek<\/strong> ve <strong>kapsay\u0131c\u0131 i\u015fg\u00fcc\u00fc piyasalar\u0131<\/strong> ile 21. y\u00fczy\u0131la uyum sa\u011flayabileceklerini ifade etti.<\/p>\n<p>Erol Kiresepi, G20\u2019nin kabul etti\u011fi politikalar\u0131n ulusal d\u00fczeyde uygulanmas\u0131 durumunda mevcut sorunlar\u0131 \u00e7\u00f6zebilece\u011fimizi, bu kapsamda daha \u00f6nce kabul edilen<strong> G20 Giri\u015fimcilik Eylem Plan\u0131<\/strong>, <strong>G20 Yap\u0131sal Reform G\u00fcndemi<\/strong> veya <strong>G20 Beceri Stratejisi<\/strong> gibi tedbirlerin her G20 \u00fclkesinde eyleme d\u00f6n\u00fc\u015ft\u00fcr\u00fclmesini beklediklerini kaydetti.<\/p>\n<p>Kiresepi konu\u015fmas\u0131n\u0131n sonunda, <strong>150<\/strong> \u00fclkedeki<strong> 50 milyondan fazla<\/strong> \u015firketi temsil eden IOE\u2019nin \u00f6n\u00fcm\u00fczdeki d\u00f6nemde <strong>ba\u015far\u0131l\u0131 uygulamalara<\/strong> ve <strong>etkili sonu\u00e7lara ula\u015f\u0131lmas\u0131<\/strong> i\u00e7in <strong>G20 s\u00fcrecini<\/strong> desteklemeye haz\u0131r oldu\u011funu vurgulad\u0131.<\/p>","protected":false},"excerpt":{"rendered":"<p>Sorry, this entry is only available in Turkish. For the sake of viewer convenience, the content is shown below in the alternative language. You may click the link to switch the active language.Santa Farma \u0130la\u00e7 Sanayii Y\u00f6netim Kurulu Ba\u015fkan\u0131 ve T\u00fcrkiye Kimya Petrol Lastik ve Plastik Sanayii \u0130\u015fverenleri Sendikas\u0131 (K\u0130PLAS) Y\u00f6netim Kurulu Ba\u015fkan Vekili Erol [&hellip;]<\/p>\n","protected":false},"author":1,"featured_media":137557,"comment_status":"open","ping_status":"open","sticky":false,"template":"","format":"standard","meta":[],"categories":[53],"tags":[92626,92627,92625,92624,83183],"views":58,"_links":{"self":[{"href":"https:\/\/www.enerjigazetesi.ist\/en\/wp-json\/wp\/v2\/posts\/137555"}],"collection":[{"href":"https:\/\/www.enerjigazetesi.ist\/en\/wp-json\/wp\/v2\/posts"}],"about":[{"href":"https:\/\/www.enerjigazetesi.ist\/en\/wp-json\/wp\/v2\/types\/post"}],"author":[{"embeddable":true,"href":"https:\/\/www.enerjigazetesi.ist\/en\/wp-json\/wp\/v2\/users\/1"}],"replies":[{"embeddable":true,"href":"https:\/\/www.enerjigazetesi.ist\/en\/wp-json\/wp\/v2\/comments?post=137555"}],"version-history":[{"count":0,"href":"https:\/\/www.enerjigazetesi.ist\/en\/wp-json\/wp\/v2\/posts\/137555\/revisions"}],"wp:featuredmedia":[{"embeddable":true,"href":"https:\/\/www.enerjigazetesi.ist\/en\/wp-json\/wp\/v2\/media\/137557"}],"wp:attachment":[{"href":"https:\/\/www.enerjigazetesi.ist\/en\/wp-json\/wp\/v2\/media?parent=137555"}],"wp:term":[{"taxonomy":"category","embeddable":true,"href":"https:\/\/www.enerjigazetesi.ist\/en\/wp-json\/wp\/v2\/categories?post=137555"},{"taxonomy":"post_tag","embeddable":true,"href":"https:\/\/www.enerjigazetesi.ist\/en\/wp-json\/wp\/v2\/tags?post=137555"}],"curies":[{"name":"wp","href":"https:\/\/api.w.org\/{rel}","templated":true}]}}