{"id":137535,"date":"2021-06-28T07:07:36","date_gmt":"2021-06-28T04:07:36","guid":{"rendered":"https:\/\/www.enerjigazetesi.ist\/?p=137535"},"modified":"2021-06-28T07:07:36","modified_gmt":"2021-06-28T04:07:36","slug":"sanat-var-gucuyle-calisan-tiyatro-kooperatifi-2inci-yasini-kutluyor","status":"publish","type":"post","link":"https:\/\/www.enerjigazetesi.ist\/en\/sanat-var-gucuyle-calisan-tiyatro-kooperatifi-2inci-yasini-kutluyor\/","title":{"rendered":"(Turkish) Sanat: Var G\u00fcc\u00fcyle \u00c7al\u0131\u015fan &#8216;Tiyatro Kooperatifi&#8217; 2&#8217;inci Ya\u015f\u0131n\u0131 Kutluyor!"},"content":{"rendered":"<p class=\"qtranxs-available-languages-message qtranxs-available-languages-message-en\">Sorry, this entry is only available in <a href=\"https:\/\/www.enerjigazetesi.ist\/tr\/wp-json\/wp\/v2\/posts\/137535\" class=\"qtranxs-available-language-link qtranxs-available-language-link-tr\" title=\"Turkish\">Turkish<\/a>. For the sake of viewer convenience, the content is shown below in the alternative language. You may click the link to switch the active language.<\/p><p><strong>\u00d6zel tiyatrolar\u0131n sanatsal \u00fcretimini zenginle\u015ftirirken ekonomik, sosyal ve hukuki a\u00e7\u0131dan g\u00fc\u00e7lenmesini ve s\u00fcrd\u00fcr\u00fclebilir hale gelmesini sa\u011flamak amac\u0131yla 26 Haziran 2019\u2019da kurulan Tiyatro Kooperatifi, ikinci ya\u015f\u0131n\u0131 kutluyor! \u00d6zellikle pandemi d\u00f6nemindeki \u00e7al\u0131\u015fmalar\u0131yla dikkatleri \u00e7eken kooperatif, kurulu\u015funun ikinci y\u0131l\u0131 dolay\u0131s\u0131yla Kas\u0131m 2019 \u2013 Nisan 2021 aras\u0131ndaki \u00e7al\u0131\u015fmalar\u0131n\u0131 kapsayan 1. D\u00f6nem Faaliyet Raporu\u2019nu da yay\u0131nlad\u0131. <\/strong><\/p>\n<p>T\u00fcrkiye\u2019deki \u00f6zel tiyatrolar i\u00e7in 21.y\u00fczy\u0131lda d\u00fcnya standartlar\u0131nda tiyatro yapabilme alan\u0131n\u0131 tesis etmek amac\u0131yla \u00e7al\u0131\u015fmalar\u0131n\u0131 s\u00fcrd\u00fcren <strong>Tiyatro Kooperatifi,<\/strong> ikinci ya\u015f\u0131n\u0131 kutluyor. May\u0131s 2018\u2019de 13 \u00f6zel tiyatronun giri\u015fimiyle \u00e7al\u0131\u015fmalar\u0131na ba\u015flayan ve <strong>26 Haziran 2019<\/strong> tarihinde<strong> 32 kurucu orta\u011f\u0131yla<\/strong> resmi kurulu\u015funu ger\u00e7ekle\u015ftiren kooperatif, yola <strong>64<\/strong> \u00f6zel tiyatronun dahil oldu\u011fu b\u00fcy\u00fck ve g\u00fc\u00e7l\u00fc bir yap\u0131 <img loading=\"lazy\" class=\"alignright size-full wp-image-137537\" src=\"https:\/\/www.enerjigazetesi.ist\/wp-content\/uploads\/2021\/06\/var-gucuyle-calisan-tiyatro-kooperatifi-2inci-yasini-kutluyor.jpg\" alt=\"\" width=\"358\" height=\"188\" srcset=\"https:\/\/www.enerjigazetesi.ist\/wp-content\/uploads\/2021\/06\/var-gucuyle-calisan-tiyatro-kooperatifi-2inci-yasini-kutluyor.jpg 358w, https:\/\/www.enerjigazetesi.ist\/wp-content\/uploads\/2021\/06\/var-gucuyle-calisan-tiyatro-kooperatifi-2inci-yasini-kutluyor-300x158.jpg 300w, https:\/\/www.enerjigazetesi.ist\/wp-content\/uploads\/2021\/06\/var-gucuyle-calisan-tiyatro-kooperatifi-2inci-yasini-kutluyor-80x42.jpg 80w\" sizes=\"(max-width: 358px) 100vw, 358px\" \/>olarak devam ediyor.<\/p>\n<p>Resmi kurulu\u015funun ard\u0131ndan k\u0131sa vadede ortaklar\u0131 i\u00e7in ekonomik fayda yaratacak projeler geli\u015ftirmeyi, uzun vadede ise mevzuat de\u011fi\u015fikli\u011fini hedefleyen <strong>Tiyatro Kooperatifi,<\/strong> <strong>Mart 2020<\/strong>\u2019de t\u00fcm d\u00fcnyay\u0131 etkisi alt\u0131na alan <strong>COVID-19 salg\u0131n\u0131<\/strong> sebebiyle <strong>stratejik planlar\u0131n\u0131 g\u00fcncelledi<\/strong>. Kooperatif, <strong>\u00f6zel tiyatrolar<\/strong> i\u00e7in son derece zorlu ge\u00e7en bu d\u00f6nemde <strong>\u00f6zel tiyatrolar\u0131n ekonomik, sosyal<\/strong> ve <strong>hukuki<\/strong> olarak g\u00fc\u00e7lenmelerini sa\u011flamak i\u00e7in \u00e7al\u0131\u015fmalara odakland\u0131.<\/p>\n<p><strong>Tiyatro Kooperatifi<\/strong>\u2019nin t\u00fcm \u00e7al\u0131\u015fmalar\u0131n\u0131 kapsayan <strong>1. D\u00f6nem Faaliyet Raporu<\/strong>\u2019nda <strong>Kas\u0131m 2019 \u2013 Mart 2020 d\u00f6nemini<\/strong> anlatan b\u00f6l\u00fcm; <strong>yerel y\u00f6netimler<\/strong> ve <strong>payda\u015flarla ili\u015fkiler<\/strong>,<strong> kooperatif<\/strong> taraf\u0131ndan d\u00fczenlenen ve kooperatifin kat\u0131ld\u0131\u011f\u0131 etkinlikler ile fon ba\u015fvurular\u0131 hakk\u0131nda bilgi veriyor. Raporun pandemi d\u00f6nemini kapsayan <strong>Mart 2020 \u2013Nisan 2021 b\u00f6l\u00fcm\u00fcnde<\/strong> ise; <strong>kamu kurum<\/strong> ve <strong>kurulu\u015flar\u0131<\/strong> ile g\u00f6r\u00fc\u015fmeler, <strong>acil \u00e7\u00f6z\u00fcm \u00e7a\u011fr\u0131s\u0131, kurumsal haberler, kooperatifin \u00e7al\u0131\u015fma gruplar\u0131<\/strong> ve <strong>projeleri, yerel y\u00f6netimlerle ili\u015fkiler, k\u00fclt\u00fcr sanat alan\u0131yla ili\u015fkiler<\/strong>, ortaklara yap\u0131lan bilgilendirmeler, uluslararas\u0131 ili\u015fkiler ve <strong>Tiyatro Kooperatifi\u2019nin<\/strong> kat\u0131ld\u0131\u011f\u0131 etkinlikler ve yay\u0131nlar yer al\u0131yor.<\/p>","protected":false},"excerpt":{"rendered":"<p>Sorry, this entry is only available in Turkish. For the sake of viewer convenience, the content is shown below in the alternative language. You may click the link to switch the active language.\u00d6zel tiyatrolar\u0131n sanatsal \u00fcretimini zenginle\u015ftirirken ekonomik, sosyal ve hukuki a\u00e7\u0131dan g\u00fc\u00e7lenmesini ve s\u00fcrd\u00fcr\u00fclebilir hale gelmesini sa\u011flamak amac\u0131yla 26 Haziran 2019\u2019da kurulan Tiyatro Kooperatifi, [&hellip;]<\/p>\n","protected":false},"author":1,"featured_media":137537,"comment_status":"open","ping_status":"open","sticky":false,"template":"","format":"standard","meta":[],"categories":[53],"tags":[92602,92605,92603,92604],"views":98,"_links":{"self":[{"href":"https:\/\/www.enerjigazetesi.ist\/en\/wp-json\/wp\/v2\/posts\/137535"}],"collection":[{"href":"https:\/\/www.enerjigazetesi.ist\/en\/wp-json\/wp\/v2\/posts"}],"about":[{"href":"https:\/\/www.enerjigazetesi.ist\/en\/wp-json\/wp\/v2\/types\/post"}],"author":[{"embeddable":true,"href":"https:\/\/www.enerjigazetesi.ist\/en\/wp-json\/wp\/v2\/users\/1"}],"replies":[{"embeddable":true,"href":"https:\/\/www.enerjigazetesi.ist\/en\/wp-json\/wp\/v2\/comments?post=137535"}],"version-history":[{"count":0,"href":"https:\/\/www.enerjigazetesi.ist\/en\/wp-json\/wp\/v2\/posts\/137535\/revisions"}],"wp:featuredmedia":[{"embeddable":true,"href":"https:\/\/www.enerjigazetesi.ist\/en\/wp-json\/wp\/v2\/media\/137537"}],"wp:attachment":[{"href":"https:\/\/www.enerjigazetesi.ist\/en\/wp-json\/wp\/v2\/media?parent=137535"}],"wp:term":[{"taxonomy":"category","embeddable":true,"href":"https:\/\/www.enerjigazetesi.ist\/en\/wp-json\/wp\/v2\/categories?post=137535"},{"taxonomy":"post_tag","embeddable":true,"href":"https:\/\/www.enerjigazetesi.ist\/en\/wp-json\/wp\/v2\/tags?post=137535"}],"curies":[{"name":"wp","href":"https:\/\/api.w.org\/{rel}","templated":true}]}}