{"id":137441,"date":"2021-06-25T10:12:47","date_gmt":"2021-06-25T07:12:47","guid":{"rendered":"https:\/\/www.enerjigazetesi.ist\/?p=137441"},"modified":"2021-06-25T10:12:47","modified_gmt":"2021-06-25T07:12:47","slug":"gyiad-in-18inci-donem-baskani-fuat-pamukcu-oldu","status":"publish","type":"post","link":"https:\/\/www.enerjigazetesi.ist\/en\/gyiad-in-18inci-donem-baskani-fuat-pamukcu-oldu\/","title":{"rendered":"(Turkish) GY\u0130AD\u2019\u0131n 18&#8217;inci D\u00f6nem Ba\u015fkan\u0131 &#8216;Fuat Pamuk\u00e7u&#8217; Oldu"},"content":{"rendered":"<p class=\"qtranxs-available-languages-message qtranxs-available-languages-message-en\">Sorry, this entry is only available in <a href=\"https:\/\/www.enerjigazetesi.ist\/tr\/wp-json\/wp\/v2\/posts\/137441\" class=\"qtranxs-available-language-link qtranxs-available-language-link-tr\" title=\"Turkish\">Turkish<\/a>. For the sake of viewer convenience, the content is shown below in the alternative language. You may click the link to switch the active language.<\/p><p><strong>Gen\u00e7 Y\u00f6netici ve \u0130\u015f \u0130nsanlar\u0131 Derne\u011fi, 24 Haziran\u2019da 18. Ola\u011fan Genel Kurul Toplant\u0131s\u0131\u2019n\u0131 yapt\u0131. Yeni y\u00f6netim kurulunun da se\u00e7ildi\u011fi toplant\u0131da GY\u0130AD\u2019\u0131n 18. d\u00f6nem Y\u00f6netim Kurulu \u00dcyesi ve Ba\u015fkan\u0131 Fuat Pamuk\u00e7u oldu. <\/strong><\/p>\n<p><img loading=\"lazy\" class=\"alignright wp-image-137443\" src=\"https:\/\/www.enerjigazetesi.ist\/wp-content\/uploads\/2021\/06\/gyiad-in-18inci-donem-baskani-fuat-pamukcu-oldu.jpg\" alt=\"\" width=\"320\" height=\"214\" srcset=\"https:\/\/www.enerjigazetesi.ist\/wp-content\/uploads\/2021\/06\/gyiad-in-18inci-donem-baskani-fuat-pamukcu-oldu.jpg 550w, https:\/\/www.enerjigazetesi.ist\/wp-content\/uploads\/2021\/06\/gyiad-in-18inci-donem-baskani-fuat-pamukcu-oldu-300x200.jpg 300w, https:\/\/www.enerjigazetesi.ist\/wp-content\/uploads\/2021\/06\/gyiad-in-18inci-donem-baskani-fuat-pamukcu-oldu-500x334.jpg 500w, https:\/\/www.enerjigazetesi.ist\/wp-content\/uploads\/2021\/06\/gyiad-in-18inci-donem-baskani-fuat-pamukcu-oldu-75x50.jpg 75w, https:\/\/www.enerjigazetesi.ist\/wp-content\/uploads\/2021\/06\/gyiad-in-18inci-donem-baskani-fuat-pamukcu-oldu-450x300.jpg 450w\" sizes=\"(max-width: 320px) 100vw, 320px\" \/>2009 y\u0131l\u0131ndan beri GY\u0130AD \u00fcyesi olan Pamuk\u00e7u, <strong>17. d\u00f6nemde<\/strong> ba\u015fkanl\u0131\u011f\u0131<strong> Yi\u011fit Savc\u0131<\/strong>\u2019dan devralarak g\u00f6reve gelmi\u015fti. 24 Haziran itibariyle<strong> ikinci kez<\/strong> ba\u015fkan se\u00e7ilen Pamuk\u00e7u, \u00f6nceki d\u00f6nemlerde <em>Y\u00f6netim Kurulu Ba\u015fkan Yard\u0131mc\u0131l\u0131\u011f\u0131, \u00dcye \u0130li\u015fkileri E\u015f Ba\u015fkanl\u0131\u011f\u0131<\/em> g\u00f6revlerinde bulunmu\u015f; GY\u0130AD\u2019\u0131n<strong> Dijital \u00c7al\u0131\u015fma Grubu<\/strong> ba\u015fkan\u0131 olarak \u00e7ok say\u0131da etkinlik ve konferans ger\u00e7ekle\u015ftirmi\u015fti.<\/p>\n<h2><strong>\u00d6nceli\u011fimiz istihdam ve e\u011fitim<\/strong><\/h2>\n<p>Pamuk\u00e7u, 18. Ola\u011fan Genel Kurul Toplant\u0131s\u0131\u2019nda yapt\u0131\u011f\u0131 konu\u015fmada \u015funlar\u0131 s\u00f6yledi: \u201cT\u00fcm d\u00fcnyada pandemi ilan edilen bir d\u00f6nemde, her alanda olduk\u00e7a k\u00f6kl\u00fc de\u011fi\u015fikliklere maruz kald\u0131k. Bu d\u00f6nem, hepimiz i\u00e7in ezberlerin bozuldu\u011fu, oyunun kurallar\u0131n\u0131n yeniden belirlendi\u011fi ve <strong>\u2018Yeni Normal\u2019<\/strong> kavram\u0131n\u0131n hayat\u0131m\u0131za girdi\u011fi bir \u00e7a\u011f olarak, haf\u0131zalarda yerini ald\u0131. Di\u011fer yandan \u00fclkemizde<strong>\u00a0TL\u2019nin<\/strong> ya\u015fad\u0131\u011f\u0131 <strong>de\u011fer kayb\u0131<\/strong>, <strong>istihdam oranlar\u0131, pandemi<\/strong> ile ekonomilerin<strong> olumsuz etkilenmesi<\/strong> <strong>sebebiyle<\/strong> daha \u00e7ok <strong>\u00e7al\u0131\u015fmam\u0131z, \u00fcretmemiz<\/strong> ve<strong> ihracat yapmam\u0131z<\/strong> gereken bir d\u00f6neme girdik.\u00a0Biz de bu s\u00fcrece adapte olurken, <strong>\u00fclkemiz<\/strong> ve <strong>gen\u00e7 nesiller<\/strong> ad\u0131na katk\u0131 sa\u011flamaya odaklanarak bir\u00e7ok \u00f6nemli \u00e7al\u0131\u015fmaya imza att\u0131k.\u00a0<strong>Gen\u00e7<\/strong> i\u015f d\u00fcnyas\u0131n\u0131n temsilcileri olarak \u201c<strong>Gen\u00e7li\u011fin potansiyeli, T\u00fcrkiye\u2019nin potansiyelidir<\/strong>\u201d mottosuyla ve gen\u00e7lerimize <strong>liderlik etmek hedefiyle<\/strong> pek \u00e7ok projeyi hayata ge\u00e7irdik.<\/p>\n<p><strong>\u2018T\u00fcrkiye\u2019de Gen\u00e7 \u0130\u015f Piyasas\u0131 ve Gelece\u011fine Bak\u0131\u015f Raporu\u2019<\/strong> <strong>17. d\u00f6nemin<\/strong> en \u00e7ok \u00fczerinde \u00e7al\u0131\u015ft\u0131\u011f\u0131m\u0131z projesi oldu. Raporu kapsaml\u0131 olarak ele ald\u0131\u011f\u0131m\u0131z <strong>GY\u0130AD Gen\u00e7 \u0130stihdam ve Teknoloji Zirvesi<\/strong> ile T\u00fcrkiye\u2019de gen\u00e7li\u011fin ihtiya\u00e7 ve sorunlar\u0131na \u00e7\u00f6z\u00fcmler \u00fcretmeyi, konuya dair fark\u0131ndal\u0131k yaratmay\u0131 ama\u00e7lad\u0131k. Bu rapor, \u00f6zellikle e\u011fitim ve giri\u015fimcilik alanlar\u0131nda reformist ad\u0131mlar at\u0131lmas\u0131 gerekti\u011fini vurguluyor. Raporda ortaya koyulan verilerden hareketle, gen\u00e7 istihdam\u0131na y\u00f6nelik at\u0131lacak kapsaml\u0131 ad\u0131mlar\u0131n, \u00fclkemizin gelece\u011fini \u00e7ok daha iyi \u015fekillendirece\u011fine inan\u0131yoruz.<\/p>\n<p>Yine ge\u00e7ti\u011fimiz d\u00f6nemde,\u00a0GY\u0130AD\u2019\u0131n s\u00fcrd\u00fcr\u00fclebilir projelerinden biri olmas\u0131n\u0131 hedefledi\u011fimiz;\u00a0gen\u00e7lerin dijital \u00e7a\u011fda evrilen \u00e7al\u0131\u015fma bi\u00e7imlerine adapte olmas\u0131 ad\u0131na kurgulad\u0131\u011f\u0131m\u0131z GY\u0130AD MBA Program\u0131\u2019n\u0131 ilk kez hayata ge\u00e7irdik.\u00a01500 ba\u015fvurudan se\u00e7ilen sadece 18 ki\u015finin program s\u00fcresince e\u011fitimlerinin yan\u0131 s\u0131ra, kariyer geli\u015fimleri boyunca mentorluk desteklerinde yan\u0131nda olmaya odaklanan bir program yaratt\u0131k.\u00a0\u00d6nemi her ge\u00e7en g\u00fcn artan; \u00f6zellikle pandemi sonras\u0131nda daha da kritik hale gelen tar\u0131msal faaliyetler konusunda verimlili\u011fi art\u0131rmak ve s\u00fcrd\u00fcr\u00fclebilirli\u011fe katk\u0131 sa\u011flamak amac\u0131yla, teknoloji ve bilgiye dayal\u0131 bir proje olan \u2018Ak\u0131ll\u0131 Tar\u0131m Teknolojileri Online E\u011fitimi&#8217;ni d\u00fczenledik. Global \u00f6l\u00e7ekte\u00a0tart\u0131\u015f\u0131lan \u00e7evre ve iklim, ye\u015fil ekonomi ve dijitalle\u015fme gibi konular kapsam\u0131nda, \u00f6nceki d\u00f6nemlerde oldu\u011fu gibi dijital i\u00e7erikli projelerimize GY\u0130AD Dijital Talks ad\u0131 alt\u0131nda devam ettik.\u00a0Alan\u0131nda \u00f6nder isimlerle, Dijital D\u00f6n\u00fc\u015f\u00fcmden Yeni Normale uyum sa\u011flama s\u00fcrecine \u0131\u015f\u0131k tutmak amac\u0131yla tasarlad\u0131\u011f\u0131m\u0131z GY\u0130AD Digital Talks projemizin ilk a\u015famas\u0131, Nisan ay\u0131nda Clubhouse uygulamas\u0131 \u00fczerinden ger\u00e7ekle\u015fti.\u00a0Di\u011fer taraftan iklim konular\u0131nda fark\u0131ndal\u0131k yaratmak ad\u0131na \u00c7evresel S\u00fcrd\u00fcrebilirlik \u00c7al\u0131\u015fma Grubu kurarak\u00a0\u0130klim De\u011fi\u015fikli\u011fi, \u00c7evre ve S\u00fcrd\u00fcr\u00fclebilirlik Dan\u0131\u015fman\u0131 Prof. Dr. Levent Kurnaz liderli\u011finde iklim b\u00fcltenleri yay\u0131nlamaya ba\u015flad\u0131k.<\/p>\n<p>D\u00f6nemin son \u00e7al\u0131\u015fmas\u0131 ise \u00fcyelerimizin bir par\u00e7as\u0131 oldu\u011fu <strong>aile \u015firketleri<\/strong> ve <strong>holdinglerin hikayelerini<\/strong> anlatan; gen\u00e7 nesillere ilham olmak gayesiyle yarat\u0131lan GY\u0130AD\u2019in<strong> Vaka Kitaplar\u0131 serisi<\/strong>nin 3. \u00e7al\u0131\u015fmas\u0131 <strong>\u201cYeni Neslin Rotas\u0131\u201d<\/strong> kitab\u0131 oldu.<\/p>\n<p>GY\u0130AD olarak <strong>35. y\u0131l\u0131m\u0131z\u0131<\/strong> kutlarken, <strong>s\u00fcrd\u00fcr\u00fclebilir projeler<\/strong> ve<strong> devaml\u0131l\u0131k<\/strong> bizim i\u00e7in b\u00fcy\u00fck \u00f6nem ta\u015f\u0131yor. Bu kapsamda ge\u00e7mi\u015f d\u00f6nemlerde takip etti\u011fimiz konular\u0131 bu d\u00f6nem de oda\u011f\u0131m\u0131zda tutaca\u011f\u0131z. Dijital trendlerin \u0131\u015f\u0131\u011f\u0131nda e-ihracat konusuna e\u011filece\u011fiz. E\u011fitim alan\u0131nda d\u00f6n\u00fc\u015f\u00fcm\u00fcn par\u00e7as\u0131 olmak ad\u0131na <strong>GY\u0130AD MBA Program\u0131<\/strong>\u2019n\u0131 devam ettirece\u011fiz. \u0130klim ve \u00e7evre konular\u0131nda fark\u0131ndal\u0131k yaratmak ve \u00e7\u00f6z\u00fcm\u00fcn par\u00e7as\u0131 olmak ad\u0131na \u00e7al\u0131\u015fmalar\u0131m\u0131z\u0131 s\u00fcrd\u00fcrece\u011fiz. \u00d6zellikle <strong>kad\u0131nlar\u0131n<\/strong> ve <strong>gen\u00e7lerin istihdam edilerek<\/strong> ekonomiye kazand\u0131r\u0131lmas\u0131 gibi konulara da b\u00fcy\u00fck bir hassasiyetle e\u011filmeyi planl\u0131yoruz.\u201d<\/p>\n<h2><strong>Yeni y\u00f6netim a\u00e7\u0131kland\u0131<\/strong><\/h2>\n<p>Yeni d\u00f6nemde bir\u00e7ok farkl\u0131 projeye imza at\u0131laca\u011f\u0131n\u0131 belirten Pamuk\u00e7u, her sekt\u00f6rden, farkl\u0131 profillerden ilgi \u00e7ekici projeleri y\u00fcr\u00fctecek ve GY\u0130AD\u2019\u0131 ileriye ta\u015f\u0131yacak<strong> vizyoner bir ekip kurduklar\u0131n\u0131<\/strong> ifade etti. Ekibin <strong>sivil toplum konular\u0131nda<\/strong> deneyimli ve \u00f6nemli projelere imza atm\u0131\u015f, <strong>dinamik<\/strong> ve<strong> gen\u00e7<\/strong> oldu\u011funu belirten Pamuk\u00e7u, \u00f6n\u00fcm\u00fczdeki <strong>2 sene<\/strong> boyunca<strong> GY\u0130AD<\/strong> i\u00e7in yorulmadan \u00e7al\u0131\u015facaklar\u0131n\u0131 vurgulad\u0131.<\/p>\n<p>Yeni y\u00f6netimde GY\u0130AD Ba\u015fkan Yard\u0131mc\u0131lar\u0131 olarak \u0130brahim Ar\u0131n\u00e7, \u00d6zg\u00fcl Topkan Koruyan, Ba\u015fak \u00d6\u011f\u00fctken ve Ay\u015fe Arkan g\u00f6rev al\u0131rken, y\u00f6netim kurulu \u00fcyeleri\u00a0Vefa Re\u015fat Moral, \u0130rem Pehlivano\u011flu G\u00fcrka\u015f, Faruk Furkan Reis, Denise Nart, G\u00f6k\u00e7en M\u00fcft\u00fco\u011flu \u00c7apa, Fatih Uysal ve \u0130smail Nuri Elkoca\u00a0oldu.<\/p>\n<h2>Y\u00d6NET\u0130M KURULU AS\u0130L \u00dcYELER<\/h2>\n<p>Fuat Pamuk\u00e7u<\/p>\n<p>\u0130brahim Ar\u0131n\u00e7<\/p>\n<p>\u00d6zg\u00fcl Topkan Koruyan<\/p>\n<p>Ba\u015fak \u00d6\u011f\u00fctken<\/p>\n<p>Arfesan Arkan Fren Elemanlar\u0131 San. Tic. A.\u015e. &#8211; Ay\u015fe Arkan<\/p>\n<p>Moral Hukuk B\u00fcrosu &#8211; Vefa Re\u015fat Moral<\/p>\n<p>\u0130rem Pehlivano\u011flu G\u00fcrka\u015f<\/p>\n<p>Faruk Furkan Reis<\/p>\n<p>Nart Sigorta ve Reas\u00fcrans Brokerli\u011fi A.\u015e. &#8211; Denise Nart<\/p>\n<p>Denge Yeminli Mali M\u00fc\u015favirlik A.\u015e. &#8211; G\u00f6k\u00e7en M\u00fcft\u00fco\u011flu \u00c7apa<\/p>\n<p>Fatih Uysal<\/p>\n<p>\u0130smail Nuri Elkoca<\/p>","protected":false},"excerpt":{"rendered":"<p>Sorry, this entry is only available in Turkish. For the sake of viewer convenience, the content is shown below in the alternative language. You may click the link to switch the active language.Gen\u00e7 Y\u00f6netici ve \u0130\u015f \u0130nsanlar\u0131 Derne\u011fi, 24 Haziran\u2019da 18. Ola\u011fan Genel Kurul Toplant\u0131s\u0131\u2019n\u0131 yapt\u0131. Yeni y\u00f6netim kurulunun da se\u00e7ildi\u011fi toplant\u0131da GY\u0130AD\u2019\u0131n 18. d\u00f6nem [&hellip;]<\/p>\n","protected":false},"author":1,"featured_media":137445,"comment_status":"open","ping_status":"open","sticky":false,"template":"","format":"standard","meta":[],"categories":[53],"tags":[92517,52259,92522,92518,92521,92520,92519],"views":160,"_links":{"self":[{"href":"https:\/\/www.enerjigazetesi.ist\/en\/wp-json\/wp\/v2\/posts\/137441"}],"collection":[{"href":"https:\/\/www.enerjigazetesi.ist\/en\/wp-json\/wp\/v2\/posts"}],"about":[{"href":"https:\/\/www.enerjigazetesi.ist\/en\/wp-json\/wp\/v2\/types\/post"}],"author":[{"embeddable":true,"href":"https:\/\/www.enerjigazetesi.ist\/en\/wp-json\/wp\/v2\/users\/1"}],"replies":[{"embeddable":true,"href":"https:\/\/www.enerjigazetesi.ist\/en\/wp-json\/wp\/v2\/comments?post=137441"}],"version-history":[{"count":0,"href":"https:\/\/www.enerjigazetesi.ist\/en\/wp-json\/wp\/v2\/posts\/137441\/revisions"}],"wp:featuredmedia":[{"embeddable":true,"href":"https:\/\/www.enerjigazetesi.ist\/en\/wp-json\/wp\/v2\/media\/137445"}],"wp:attachment":[{"href":"https:\/\/www.enerjigazetesi.ist\/en\/wp-json\/wp\/v2\/media?parent=137441"}],"wp:term":[{"taxonomy":"category","embeddable":true,"href":"https:\/\/www.enerjigazetesi.ist\/en\/wp-json\/wp\/v2\/categories?post=137441"},{"taxonomy":"post_tag","embeddable":true,"href":"https:\/\/www.enerjigazetesi.ist\/en\/wp-json\/wp\/v2\/tags?post=137441"}],"curies":[{"name":"wp","href":"https:\/\/api.w.org\/{rel}","templated":true}]}}