{"id":137399,"date":"2021-06-24T12:00:34","date_gmt":"2021-06-24T09:00:34","guid":{"rendered":"https:\/\/www.enerjigazetesi.ist\/?p=137399"},"modified":"2021-06-24T12:01:13","modified_gmt":"2021-06-24T09:01:13","slug":"ertugrul-gazi-fsru-tesisi-acilis-toreni-25-haziran-cuma-gunu-yapiliyor","status":"publish","type":"post","link":"https:\/\/www.enerjigazetesi.ist\/en\/ertugrul-gazi-fsru-tesisi-acilis-toreni-25-haziran-cuma-gunu-yapiliyor\/","title":{"rendered":"(Turkish) Ertu\u011frul Gazi FSRU Tesisi A\u00e7\u0131l\u0131\u015f T\u00f6reni 25 Haziran Cuma G\u00fcn\u00fc Yap\u0131l\u0131yor"},"content":{"rendered":"<p class=\"qtranxs-available-languages-message qtranxs-available-languages-message-en\">Sorry, this entry is only available in <a href=\"https:\/\/www.enerjigazetesi.ist\/tr\/wp-json\/wp\/v2\/posts\/137399\" class=\"qtranxs-available-language-link qtranxs-available-language-link-tr\" title=\"Turkish\">Turkish<\/a>. For the sake of viewer convenience, the content is shown below in the alternative language. You may click the link to switch the active language.<\/p><p><strong>Bakan D\u00f6nmez, Gazi \u00dcniversitesi&#8217;nde d\u00fczenlenen Madencilik \u015euras\u0131&#8217;nda, enerjide arz g\u00fcvenli\u011fi, enerji teknolojilerinde yerlile\u015ftirme ve \u00f6ng\u00f6r\u00fclebilir piyasalarla milli enerji ve maden politikas\u0131n\u0131n ana hatlar\u0131n\u0131n \u00e7izildi\u011fini belirtti.<\/strong><\/p>\n<p>Bu kapsamda <strong>do\u011fal gaz arz g\u00fcvenli\u011fini<\/strong> teminat alt\u0131na alarak <strong>Ertu\u011frul Gazi FSRU gemisi<\/strong> gibi ad\u0131mlarla bu g\u00fcvenin per\u00e7inlendi\u011fine dikkati \u00e7eken\u00a0D\u00f6nmez, <em>&#8220;Say\u0131n Cumhurba\u015fkan\u0131m\u0131z\u0131n <img loading=\"lazy\" class=\"alignright wp-image-137401\" src=\"https:\/\/www.enerjigazetesi.ist\/wp-content\/uploads\/2021\/06\/ertugrul-gazi-fsru-tesisi-acilis-toreni-25-haziran-cuma-gunu-yapiliyor.jpg\" alt=\"\" width=\"320\" height=\"211\" srcset=\"https:\/\/www.enerjigazetesi.ist\/wp-content\/uploads\/2021\/06\/ertugrul-gazi-fsru-tesisi-acilis-toreni-25-haziran-cuma-gunu-yapiliyor.jpg 550w, https:\/\/www.enerjigazetesi.ist\/wp-content\/uploads\/2021\/06\/ertugrul-gazi-fsru-tesisi-acilis-toreni-25-haziran-cuma-gunu-yapiliyor-300x197.jpg 300w, https:\/\/www.enerjigazetesi.ist\/wp-content\/uploads\/2021\/06\/ertugrul-gazi-fsru-tesisi-acilis-toreni-25-haziran-cuma-gunu-yapiliyor-500x329.jpg 500w, https:\/\/www.enerjigazetesi.ist\/wp-content\/uploads\/2021\/06\/ertugrul-gazi-fsru-tesisi-acilis-toreni-25-haziran-cuma-gunu-yapiliyor-76x50.jpg 76w\" sizes=\"(max-width: 320px) 100vw, 320px\" \/>kat\u0131l\u0131mlar\u0131yla <strong>25 Haziran Cuma<\/strong> g\u00fcn\u00fc <strong>Hatay D\u00f6rtyol&#8217;<\/strong>da <strong>Ertu\u011frul Gazi FSRU Tesisimizin<\/strong> resmi a\u00e7\u0131l\u0131\u015f t\u00f6renini ger\u00e7ekle\u015ftirece\u011fiz. Gemimiz nisanda <strong>Hatay&#8217;a<\/strong> demir atm\u0131\u015ft\u0131.<strong> Ertu\u011frul Gazi&#8217;nin<\/strong> yerinde daha \u00f6nce <strong>BOTA\u015e&#8217;a<\/strong> ait ba\u015fka bir<strong> kiral\u0131k FSRU gemisi<\/strong> vard\u0131. \u015eimdi onu g\u00f6nderece\u011fiz. <strong>Ertu\u011frul Gazi<\/strong> ilk T\u00fcrk bayra\u011f\u0131na sahip <strong>FSRU gemimiz<\/strong> olacak. Gemimiz <strong>110 milyon standart metrek\u00fcp do\u011fal gaz depolama kapasitesiyle<\/strong> tek ba\u015f\u0131na <strong>Hatay<\/strong> ve <strong>Osmaniye&#8217;nin<\/strong> konutlar\u0131n\u0131n <strong>1 y\u0131ll\u0131k<\/strong> ihtiyac\u0131n\u0131 kar\u015f\u0131layabilecek.&#8221;<\/em> de\u011ferlendirmesinde bulundu.<\/p>\n<p><strong>Yenilenebilir enerjiden<\/strong>, <strong>hidrokarbon arama<\/strong> ve <strong>\u00fcretimine<\/strong>,<strong> n\u00fckleer enerjiden madencili\u011fe<\/strong> kadar her alanda <strong>yerli kaynak<\/strong>, <strong>yerli teknoloji<\/strong> ve<strong> yerli akl\u0131n \u00f6nemine<\/strong> vurgu yapan\u00a0D\u00f6nmez, bu kapsamda elektrik \u00fcretiminde de daha fazla yerli, daha fazla yenilenebilir enerjiyle <strong>g\u00fcne\u015ften r\u00fczgara, jeotermalden hidroli\u011fe<\/strong> kadar geni\u015f bir yelpazede kamu, <strong>\u00f6zel sekt\u00f6r<\/strong> ve <strong>\u00fcniversite<\/strong> birlikteli\u011fiyle \u00e7al\u0131\u015fmalar\u0131n yap\u0131ld\u0131\u011f\u0131n\u0131 kaydetti.<\/p>\n<p>D\u00f6nmez, toplam kurulu g\u00fcc\u00fcn <strong>% 9,9<\/strong>&#8216;unu olu\u015fturan <strong>r\u00fczgar enerjisinde<\/strong> de T\u00fcrkiye&#8217;nin ad\u0131m ad\u0131m <strong>10 bin megavat kurulu g\u00fcce<\/strong> do\u011fru ilerledi\u011fini ifade etti.<\/p>\n<h2><strong>May\u0131sta g\u00fcne\u015f enerjisinde \u00fcretim rekoru k\u0131r\u0131ld\u0131<\/strong><\/h2>\n<p>May\u0131s sonu itibar\u0131yla kurulu g\u00fcc\u00fcn <strong>% 52,6<\/strong>\u2019s\u0131n\u0131n yenilenebilir, <strong>% 64,2<\/strong>\u2019sinin de yerli kaynaklardan olu\u015ftu\u011funa ve elektrik \u00fcretiminin de <strong>% 56<\/strong>&#8216;s\u0131n\u0131n yerli kaynaklardan elde edildi\u011fine i\u015faret eden\u00a0D\u00f6nmez, <span style=\"text-decoration: underline;\">\u015f\u00f6yle konu\u015ftu:<\/span><\/p>\n<p><em>&#8220;Yenilenebilir enerjideki <strong>yat\u0131r\u0131m<\/strong> ve <strong>te\u015fviklerimizle<\/strong> g\u00fcne\u015fimiz her ge\u00e7en g\u00fcn daha parlak, r\u00fczgar\u0131m\u0131z daha kuvvetli, suyumuz daha serin ve yer alt\u0131 sular\u0131m\u0131z daha s\u0131cak olacak. Yenilenebilir enerji T\u00fcrkiye&#8217;nin gelece\u011fine damga vuracak. 2021&#8217;de <strong>yenilenebilir enerjide<\/strong> bir\u00e7ok rekor da k\u0131rmay\u0131 ba\u015fard\u0131k. 2021&#8217;in ilk 5 ay\u0131nda devreye ald\u0131\u011f\u0131m\u0131z kurulu g\u00fcc\u00fcm\u00fcz\u00fcn <strong>% 96,8<\/strong>&#8216;i yenilenebilir kaynaklardan olu\u015ftu. May\u0131s ay\u0131nda ise g\u00fcne\u015fimiz \u00e7ok daha enerjik parlad\u0131. May\u0131s&#8217;ta g\u00fcne\u015f enerjisinden <strong>1468 gigavatsaat (GWh) elektrik \u00fcreterek<\/strong> ayl\u0131k bazda \u00fcretim rekorumuzu k\u0131rd\u0131k. Yine ayn\u0131 d\u00f6nemde, g\u00fcne\u015f enerjisinin elektrik \u00fcretimindeki pay\u0131 <strong>% 5,8<\/strong>&#8216;e y\u00fckselerek ayl\u0131k bazda en y\u00fcksek orana ula\u015ft\u0131. Ba\u015fka bir ifadeyle may\u0131sta g\u00fcne\u015fimiz rekorlarla parlad\u0131.&#8221;<\/em><\/p>\n<h2><strong>Madencilik faaliyetlerinin ekonomiye katk\u0131s\u0131 4 kat artt\u0131<\/strong><\/h2>\n<p>D\u00f6nmez, <strong>son 10 y\u0131lda<\/strong> madencilik sekt\u00f6r\u00fcn\u00fcn de gayri safi yurt i\u00e7i has\u0131laya sa\u011flad\u0131\u011f\u0131 katk\u0131n\u0131n 4 kat art\u0131\u015fla yakla\u015f\u0131k <strong>11-12 milyar<\/strong> liradan <strong>46,7 milyar liraya<\/strong> y\u00fckseldi\u011fini an\u0131msatarak, madencili\u011fin \u00fclke ekonomisindeki pay\u0131n\u0131n bug\u00fcn y\u00fczde 1,1 civar\u0131nda oldu\u011funu ancak bu rakam\u0131n daha y\u00fckseklere \u00e7\u0131kaca\u011f\u0131n\u0131 aktard\u0131.<\/p>\n<p>Madencili\u011fin <strong>yeni tip koronavir\u00fcs (Kovid-19) salg\u0131n\u0131ndan<\/strong> en az etkilenen sekt\u00f6rlerden biri oldu\u011funa dikkati \u00e7eken\u00a0D\u00f6nmez, <span style=\"text-decoration: underline;\">\u015f\u00f6yle devam etti:<\/span><\/p>\n<p><em>&#8220;2019&#8217;a g\u00f6re maden ihracat\u0131m\u0131z, <strong>2020&#8217;de<\/strong> y\u00fczde 1 gerileyerek <strong>4,27 milyar dolar<\/strong> oldu. Yine de bu <strong>y\u00fczde 1&#8217;lik<\/strong> d\u00fc\u015f\u00fc\u015fe ra\u011fmen, toplam ihracat\u0131m\u0131z i\u00e7erisinde madencili\u011fin pay\u0131 bir \u00f6nceki y\u0131la g\u00f6re <strong>y\u00fczde 2,39<\/strong>&#8216;dan<strong> y\u00fczde 2,52&#8217;ye<\/strong> y\u00fckseldi. D\u00f6nemin \u015fartlar\u0131n\u0131 d\u00fc\u015f\u00fcnd\u00fc\u011f\u00fcm\u00fczde sekt\u00f6r\u00fcn bu t\u00fcr zorlu durumlar kar\u015f\u0131s\u0131nda bile g\u00fcc\u00fcn\u00fc koruyabildi\u011fini g\u00f6r\u00fcyoruz. Bu y\u0131l\u0131n <strong>ilk 5 ay\u0131ndaki<\/strong> ihracat rakam\u0131m\u0131z ise <strong>2,3 milyar<\/strong> oldu. Madencilikte <strong>kaynak<\/strong> ve<strong> teknoloji odakl\u0131<\/strong> bir i\u015f s\u00fcreci izliyoruz. Sekt\u00f6r\u00fcm\u00fcz\u00fcn geli\u015fimi i\u00e7in sekt\u00f6r temsilcilerimizle yak\u0131n temas halinde olmaya devam edece\u011fiz. Kamu olarak gereken her t\u00fcrl\u00fc deste\u011fi verece\u011fiz.&#8221;<\/em><\/p>\n<p>D\u00f6nmez, petrolde de karada yap\u0131lan \u00e7al\u0131\u015fmalarla g\u00fcnl\u00fck yurt i\u00e7i \u00fcretimin <strong>60 bin varilin<\/strong> \u00fczerine \u00e7\u0131kt\u0131\u011f\u0131n\u0131 dile getirerek, 2023\u2019te g\u00fcnl\u00fck petrol \u00fcretiminin <strong>100 bin varile<\/strong> ula\u015faca\u011f\u0131n\u0131 s\u00f6yledi.<\/p>\n<p>Kaynak: <a href=\"https:\/\/enerji.gov.tr\/haber-detay?id=10859\" target=\"_blank\" rel=\"nofollow noopener\">ETKB<\/a><\/p>","protected":false},"excerpt":{"rendered":"<p>Sorry, this entry is only available in Turkish. For the sake of viewer convenience, the content is shown below in the alternative language. You may click the link to switch the active language.Bakan D\u00f6nmez, Gazi \u00dcniversitesi&#8217;nde d\u00fczenlenen Madencilik \u015euras\u0131&#8217;nda, enerjide arz g\u00fcvenli\u011fi, enerji teknolojilerinde yerlile\u015ftirme ve \u00f6ng\u00f6r\u00fclebilir piyasalarla milli enerji ve maden politikas\u0131n\u0131n ana hatlar\u0131n\u0131n [&hellip;]<\/p>\n","protected":false},"author":1,"featured_media":137402,"comment_status":"open","ping_status":"open","sticky":false,"template":"","format":"standard","meta":[],"categories":[46,53],"tags":[21269,92473,39007],"views":292,"_links":{"self":[{"href":"https:\/\/www.enerjigazetesi.ist\/en\/wp-json\/wp\/v2\/posts\/137399"}],"collection":[{"href":"https:\/\/www.enerjigazetesi.ist\/en\/wp-json\/wp\/v2\/posts"}],"about":[{"href":"https:\/\/www.enerjigazetesi.ist\/en\/wp-json\/wp\/v2\/types\/post"}],"author":[{"embeddable":true,"href":"https:\/\/www.enerjigazetesi.ist\/en\/wp-json\/wp\/v2\/users\/1"}],"replies":[{"embeddable":true,"href":"https:\/\/www.enerjigazetesi.ist\/en\/wp-json\/wp\/v2\/comments?post=137399"}],"version-history":[{"count":0,"href":"https:\/\/www.enerjigazetesi.ist\/en\/wp-json\/wp\/v2\/posts\/137399\/revisions"}],"wp:featuredmedia":[{"embeddable":true,"href":"https:\/\/www.enerjigazetesi.ist\/en\/wp-json\/wp\/v2\/media\/137402"}],"wp:attachment":[{"href":"https:\/\/www.enerjigazetesi.ist\/en\/wp-json\/wp\/v2\/media?parent=137399"}],"wp:term":[{"taxonomy":"category","embeddable":true,"href":"https:\/\/www.enerjigazetesi.ist\/en\/wp-json\/wp\/v2\/categories?post=137399"},{"taxonomy":"post_tag","embeddable":true,"href":"https:\/\/www.enerjigazetesi.ist\/en\/wp-json\/wp\/v2\/tags?post=137399"}],"curies":[{"name":"wp","href":"https:\/\/api.w.org\/{rel}","templated":true}]}}