{"id":137331,"date":"2021-06-23T21:51:21","date_gmt":"2021-06-23T18:51:21","guid":{"rendered":"https:\/\/www.enerjigazetesi.ist\/?p=137331"},"modified":"2021-06-23T21:56:17","modified_gmt":"2021-06-23T18:56:17","slug":"shura-dan-elektrik-sistemi-donusumunun-sosyoekonomik-etkileri-raporu","status":"publish","type":"post","link":"https:\/\/www.enerjigazetesi.ist\/en\/shura-dan-elektrik-sistemi-donusumunun-sosyoekonomik-etkileri-raporu\/","title":{"rendered":"(Turkish) SHURA&#8217;dan Elk. Sistemi D\u00f6n\u00fc\u015f\u00fcm\u00fcn\u00fcn Sosyoekonomik Etkileri Raporu"},"content":{"rendered":"<p class=\"qtranxs-available-languages-message qtranxs-available-languages-message-en\">Sorry, this entry is only available in <a href=\"https:\/\/www.enerjigazetesi.ist\/tr\/wp-json\/wp\/v2\/posts\/137331\" class=\"qtranxs-available-language-link qtranxs-available-language-link-tr\" title=\"Turkish\">Turkish<\/a>. For the sake of viewer convenience, the content is shown below in the alternative language. You may click the link to switch the active language.<\/p><p><strong>SHURA Enerji D\u00f6n\u00fc\u015f\u00fcm\u00fc Merkezi\u2019nin haz\u0131rlad\u0131\u011f\u0131 \u201cT\u00fcrkiye\u2019de Elektrik Sistemi D\u00f6n\u00fc\u015f\u00fcm\u00fcn\u00fcn Sosyoekonomik Etkileri\u201d raporunun tan\u0131t\u0131m\u0131 30 Haziran 2021 tarihinde ger\u00e7ekle\u015ftiriliyor.<\/strong><\/p>\n<p>Etkinlikte, SHURA taraf\u0131ndan haz\u0131rlanan ve T\u00fcrkiye\u2019de ilk olma \u00f6zelli\u011fi ta\u015f\u0131yan<strong> \u201cT\u00fcrkiye\u2019de Elektrik <img loading=\"lazy\" class=\"alignright wp-image-137333\" src=\"https:\/\/www.enerjigazetesi.ist\/wp-content\/uploads\/2021\/06\/shura-enerji-donusum-merkezinden-paydas-danisma-toplantisina-davet.jpg\" alt=\"\" width=\"320\" height=\"180\" srcset=\"https:\/\/www.enerjigazetesi.ist\/wp-content\/uploads\/2021\/06\/shura-enerji-donusum-merkezinden-paydas-danisma-toplantisina-davet.jpg 550w, https:\/\/www.enerjigazetesi.ist\/wp-content\/uploads\/2021\/06\/shura-enerji-donusum-merkezinden-paydas-danisma-toplantisina-davet-300x169.jpg 300w, https:\/\/www.enerjigazetesi.ist\/wp-content\/uploads\/2021\/06\/shura-enerji-donusum-merkezinden-paydas-danisma-toplantisina-davet-500x281.jpg 500w, https:\/\/www.enerjigazetesi.ist\/wp-content\/uploads\/2021\/06\/shura-enerji-donusum-merkezinden-paydas-danisma-toplantisina-davet-80x45.jpg 80w\" sizes=\"(max-width: 320px) 100vw, 320px\" \/>Sistemi D\u00f6n\u00fc\u015f\u00fcm\u00fcn\u00fcn Sosyoekonomik Etkileri\u201d<\/strong> raporu a\u00e7\u0131klanacak. <strong>Enerji d\u00f6n\u00fc\u015f\u00fcm\u00fc<\/strong>n\u00fcn <strong>imalat sanayisine, istihdama, \u00fccret<\/strong> ve <strong>gelir da\u011f\u0131l\u0131m\u0131na etkisinin<\/strong> incelendi\u011fi raporda ayr\u0131ca d\u00f6n\u00fc\u015f\u00fcm\u00fcn<strong> insan sa\u011fl\u0131\u011f\u0131<\/strong> ve<strong> \u00e7evre kalitesindeki geli\u015fiminin<\/strong> iktisadi etkileri ele al\u0131n\u0131yor.<\/p>\n<p><em><strong>Ulusal<\/strong> ve <strong>uluslararas\u0131 payda\u015flar\u0131n<\/strong> kat\u0131l\u0131m sa\u011flayaca\u011f\u0131\u00a0<strong>30 Haziran \u00c7ar\u015famba<\/strong> g\u00fcn\u00fc d\u00fczenlenecek\u00a0online etkinlik siz de\u011ferli kat\u0131l\u0131mc\u0131lar\u0131n\u0131 bekliyor&#8230;<\/em><\/p>\n<p><strong>Program<\/strong><\/p>\n<p><strong>A\u00e7\u0131l\u0131\u015f: 11.00-11.10<\/strong><\/p>\n<p><strong>Selahattin Hakman<\/strong>, Y\u00f6nlendirme Komitesi Ba\u015fkan\u0131, SHURA Enerji D\u00f6n\u00fc\u015f\u00fcm\u00fc Merkezi<\/p>\n<p><strong>Giri\u015f\u00a0<\/strong><strong>Konu\u015fmalar\u0131: 11.10-11.50<\/strong><\/p>\n<p><em><strong>Xavier Garc\u00eda Casals<\/strong><\/em>, <em><strong>K\u0131demli Enerji D\u00f6n\u00fc\u015f\u00fcm\u00fc Uzman\u0131, IRENA<\/strong><\/em><\/p>\n<p>K\u00fcresel perspektif: Enerji d\u00f6n\u00fc\u015f\u00fcm\u00fcn\u00fcn sosyoekonomik ayak izi<\/p>\n<p><em><strong>Nuri \u00d6zba\u011fdatl\u0131, \u0130klim De\u011fi\u015fikli\u011fi ve \u00c7evre Portf\u00f6y Y\u00f6neticisi, UNDP T\u00fcrkiye<\/strong><\/em><\/p>\n<p>\u0130klim de\u011fi\u015fikli\u011fi ba\u011flam\u0131nda T\u00fcrkiye ve kalk\u0131nma odakl\u0131 yakla\u015f\u0131mlar<\/p>\n<p><em><strong>G\u00fcven Sak, Program Direkt\u00f6r\u00fc, TEPAV<\/strong><\/em><\/p>\n<p><em>Ye\u015fil-dijital d\u00f6n\u00fc\u015f\u00fcmde<\/em> adil ge\u00e7i\u015f talebi<\/p>\n<p><em><strong>\u00dcmit \u015eahin, \u0130klim De\u011fi\u015fikli\u011fi Koordinat\u00f6r\u00fc, \u0130PM<\/strong><\/em><\/p>\n<p>T\u00fcrkiye&#8217;de iklim eyleminin ve enerji d\u00f6n\u00fc\u015f\u00fcm\u00fcn sosyoekonomik yan faydalar\u0131<\/p>\n<p><strong>Rapor Sunumu: 11.50-12.10<\/strong><\/p>\n<p><strong>Yael Taranto<\/strong>, K\u0131demli Enerji Analisti, SHURA Enerji D\u00f6n\u00fc\u015f\u00fcm\u00fc Merkezi<\/p>\n<p><strong>Soru-Cevap: 12.10-12.30<\/strong><\/p>\n<p><strong>Yer<\/strong>:\u00a0<a href=\"https:\/\/us06web.zoom.us\/j\/83587078990\" target=\"_blank\" rel=\"nofollow noopener\">https:\/\/us06web.zoom.us\/j\/83587078990<\/a><\/p>\n<p><strong>Tarih:\u00a0<\/strong>30 Haziran 2021, \u00c7ar\u015famba &#8211;\u00a0<strong>Saat:\u00a0<\/strong>11:00 \u2013 12:30<\/p>","protected":false},"excerpt":{"rendered":"<p>Sorry, this entry is only available in Turkish. For the sake of viewer convenience, the content is shown below in the alternative language. You may click the link to switch the active language.SHURA Enerji D\u00f6n\u00fc\u015f\u00fcm\u00fc Merkezi\u2019nin haz\u0131rlad\u0131\u011f\u0131 \u201cT\u00fcrkiye\u2019de Elektrik Sistemi D\u00f6n\u00fc\u015f\u00fcm\u00fcn\u00fcn Sosyoekonomik Etkileri\u201d raporunun tan\u0131t\u0131m\u0131 30 Haziran 2021 tarihinde ger\u00e7ekle\u015ftiriliyor. Etkinlikte, SHURA taraf\u0131ndan haz\u0131rlanan ve [&hellip;]<\/p>\n","protected":false},"author":1,"featured_media":137333,"comment_status":"open","ping_status":"open","sticky":false,"template":"","format":"standard","meta":[],"categories":[51,53],"tags":[53114,1564,52259,92439,36833,37672,809,92438],"views":112,"_links":{"self":[{"href":"https:\/\/www.enerjigazetesi.ist\/en\/wp-json\/wp\/v2\/posts\/137331"}],"collection":[{"href":"https:\/\/www.enerjigazetesi.ist\/en\/wp-json\/wp\/v2\/posts"}],"about":[{"href":"https:\/\/www.enerjigazetesi.ist\/en\/wp-json\/wp\/v2\/types\/post"}],"author":[{"embeddable":true,"href":"https:\/\/www.enerjigazetesi.ist\/en\/wp-json\/wp\/v2\/users\/1"}],"replies":[{"embeddable":true,"href":"https:\/\/www.enerjigazetesi.ist\/en\/wp-json\/wp\/v2\/comments?post=137331"}],"version-history":[{"count":0,"href":"https:\/\/www.enerjigazetesi.ist\/en\/wp-json\/wp\/v2\/posts\/137331\/revisions"}],"wp:featuredmedia":[{"embeddable":true,"href":"https:\/\/www.enerjigazetesi.ist\/en\/wp-json\/wp\/v2\/media\/137333"}],"wp:attachment":[{"href":"https:\/\/www.enerjigazetesi.ist\/en\/wp-json\/wp\/v2\/media?parent=137331"}],"wp:term":[{"taxonomy":"category","embeddable":true,"href":"https:\/\/www.enerjigazetesi.ist\/en\/wp-json\/wp\/v2\/categories?post=137331"},{"taxonomy":"post_tag","embeddable":true,"href":"https:\/\/www.enerjigazetesi.ist\/en\/wp-json\/wp\/v2\/tags?post=137331"}],"curies":[{"name":"wp","href":"https:\/\/api.w.org\/{rel}","templated":true}]}}