{"id":13732,"date":"2013-08-05T09:08:32","date_gmt":"2013-08-05T06:08:32","guid":{"rendered":"https:\/\/www.enerjigazetesi.ist\/?p=13732"},"modified":"2013-08-05T09:08:32","modified_gmt":"2013-08-05T06:08:32","slug":"ab-ile-cin-arasindaki-gunes-krizi-cozuldu","status":"publish","type":"post","link":"https:\/\/www.enerjigazetesi.ist\/en\/ab-ile-cin-arasindaki-gunes-krizi-cozuldu\/","title":{"rendered":"(Turkish) AB ile \u00c7in Aras\u0131ndaki G\u00fcne\u015f Krizi \u00c7\u00f6z\u00fcld\u00fc"},"content":{"rendered":"<p class=\"qtranxs-available-languages-message qtranxs-available-languages-message-en\">Sorry, this entry is only available in <a href=\"https:\/\/www.enerjigazetesi.ist\/tr\/wp-json\/wp\/v2\/posts\/13732\" class=\"qtranxs-available-language-link qtranxs-available-language-link-tr\" title=\"Turkish\">Turkish<\/a>. For the sake of viewer convenience, the content is shown below in the alternative language. You may click the link to switch the active language.<\/p><p><strong>\u00c7in ve Avrupa Birli\u011fi aras\u0131nda uzun s\u00fcredir sorun olan g\u00fcne\u015f panelleriyle ilgili &#8220;damping&#8221; krizi \u00e7\u00f6z\u00fcme kavu\u015ftu.<a href=\"https:\/\/www.enerjigazetesi.ist\/wp-content\/uploads\/2012\/07\/gunes-paneli2.jpg\"><img loading=\"lazy\" class=\"alignright size-medium wp-image-736\" title=\"ab-ile-cin-arasindaki-gunes-krizi-cozuldu\" src=\"https:\/\/www.enerjigazetesi.ist\/wp-content\/uploads\/2012\/07\/gunes-paneli2-300x188.jpg\" alt=\"\" width=\"300\" height=\"188\" srcset=\"https:\/\/www.enerjigazetesi.ist\/wp-content\/uploads\/2012\/07\/gunes-paneli2-300x188.jpg 300w, https:\/\/www.enerjigazetesi.ist\/wp-content\/uploads\/2012\/07\/gunes-paneli2-80x50.jpg 80w, https:\/\/www.enerjigazetesi.ist\/wp-content\/uploads\/2012\/07\/gunes-paneli2.jpg 400w\" sizes=\"(max-width: 300px) 100vw, 300px\" \/><\/a><\/strong><\/p>\n<p>\u00c7in Uluslararas\u0131 Radyosu, Avrupa Birli\u011fi ile Pekim Y\u00f6netimi aras\u0131nda uzun s\u00fcredir devam eden \u0131\u015f\u0131\u011f\u0131 elektrik enerjisine d\u00f6n\u00fc\u015ft\u00fcrebilen teknoloji \u00fcr\u00fcnlerine y\u00f6nelik &#8220;anti-damping vergisi&#8221; uygulanmas\u0131yla ilgili sorunun \u00e7\u00f6z\u00fcme kavu\u015ftu\u011funu duyurdu.<\/p>\n<p>Habere g\u00f6re taraflar konuyla ilgili anla\u015fmazl\u0131kta fiyat taahh\u00fcd\u00fc karar\u0131 ald\u0131. Var\u0131lan anla\u015fmaya g\u00f6re, \u00c7in`in AB`ye ihra\u00e7 etti\u011fi fotovoltaik \u00fcr\u00fcnlerin fiyatlar\u0131, belirli bir g\u00fcne\u015f paneli \u00fcr\u00fcn\u00fcn\u00fcn en d\u00fc\u015f\u00fck fiyat\u0131ndan daha az olmayacak. Ayr\u0131ca \u00c7in, ihra\u00e7 etti\u011fi par\u00e7alar\u0131n miktar\u0131nda s\u0131n\u0131rlamaya gidecek.<\/p>\n<p>\u00c7in`in bu taahh\u00fctlerine kar\u015f\u0131, Avrupa Birli\u011fi de \u00c7in`in bu sekt\u00f6rdeki \u00fcr\u00fcnlerine anti-damping uygulamayacak.<\/p>\n<p>Var\u0131lan mutabakan \u00c7in`de memnuniyet yaratt\u0131. \u00c7in D\u0131\u015fi\u015fleri Bakan\u0131 Vang Yi, bu konuda fiyat taahh\u00fcd\u00fcne var\u0131lmas\u0131n\u0131n taraflar\u0131n \u00e7\u0131kar\u0131na oldu\u011funu s\u00f6yledi.<\/p>\n<p>Kaynak: <a href=\"http:\/\/enerjigunlugu.net\/ab-ile-cin-arasindaki-gunes-krizi-cozuldu_4437.html\" target=\"_blank\">Enerji G\u00fcnl\u00fc\u011f\u00fc<\/a><\/p>","protected":false},"excerpt":{"rendered":"<p>Sorry, this entry is only available in Turkish. For the sake of viewer convenience, the content is shown below in the alternative language. You may click the link to switch the active language.\u00c7in ve Avrupa Birli\u011fi aras\u0131nda uzun s\u00fcredir sorun olan g\u00fcne\u015f panelleriyle ilgili &#8220;damping&#8221; krizi \u00e7\u00f6z\u00fcme kavu\u015ftu. \u00c7in Uluslararas\u0131 Radyosu, Avrupa Birli\u011fi ile Pekim [&hellip;]<\/p>\n","protected":false},"author":1,"featured_media":736,"comment_status":"open","ping_status":"open","sticky":false,"template":"","format":"standard","meta":[],"categories":[53,49],"tags":[7387,1192,7388,2132,886,63,67,165,7389,227,13,7390,108],"views":497,"_links":{"self":[{"href":"https:\/\/www.enerjigazetesi.ist\/en\/wp-json\/wp\/v2\/posts\/13732"}],"collection":[{"href":"https:\/\/www.enerjigazetesi.ist\/en\/wp-json\/wp\/v2\/posts"}],"about":[{"href":"https:\/\/www.enerjigazetesi.ist\/en\/wp-json\/wp\/v2\/types\/post"}],"author":[{"embeddable":true,"href":"https:\/\/www.enerjigazetesi.ist\/en\/wp-json\/wp\/v2\/users\/1"}],"replies":[{"embeddable":true,"href":"https:\/\/www.enerjigazetesi.ist\/en\/wp-json\/wp\/v2\/comments?post=13732"}],"version-history":[{"count":1,"href":"https:\/\/www.enerjigazetesi.ist\/en\/wp-json\/wp\/v2\/posts\/13732\/revisions"}],"predecessor-version":[{"id":13733,"href":"https:\/\/www.enerjigazetesi.ist\/en\/wp-json\/wp\/v2\/posts\/13732\/revisions\/13733"}],"wp:featuredmedia":[{"embeddable":true,"href":"https:\/\/www.enerjigazetesi.ist\/en\/wp-json\/wp\/v2\/media\/736"}],"wp:attachment":[{"href":"https:\/\/www.enerjigazetesi.ist\/en\/wp-json\/wp\/v2\/media?parent=13732"}],"wp:term":[{"taxonomy":"category","embeddable":true,"href":"https:\/\/www.enerjigazetesi.ist\/en\/wp-json\/wp\/v2\/categories?post=13732"},{"taxonomy":"post_tag","embeddable":true,"href":"https:\/\/www.enerjigazetesi.ist\/en\/wp-json\/wp\/v2\/tags?post=13732"}],"curies":[{"name":"wp","href":"https:\/\/api.w.org\/{rel}","templated":true}]}}