{"id":137163,"date":"2021-06-21T15:38:03","date_gmt":"2021-06-21T12:38:03","guid":{"rendered":"https:\/\/www.enerjigazetesi.ist\/?p=137163"},"modified":"2021-06-21T15:38:03","modified_gmt":"2021-06-21T12:38:03","slug":"coruh-edas-trabzona-20-milyon-tllik-yatirim-yapacak","status":"publish","type":"post","link":"https:\/\/www.enerjigazetesi.ist\/en\/coruh-edas-trabzona-20-milyon-tllik-yatirim-yapacak\/","title":{"rendered":"(Turkish) &#8217;\u00c7oruh Eda\u015f&#8217; Trabzon\u2019a 20 Milyon TL\u2019lik Yat\u0131r\u0131m Yapacak"},"content":{"rendered":"<p class=\"qtranxs-available-languages-message qtranxs-available-languages-message-en\">Sorry, this entry is only available in <a href=\"https:\/\/www.enerjigazetesi.ist\/tr\/wp-json\/wp\/v2\/posts\/137163\" class=\"qtranxs-available-language-link qtranxs-available-language-link-tr\" title=\"Turkish\">Turkish<\/a>. For the sake of viewer convenience, the content is shown below in the alternative language. You may click the link to switch the active language.<\/p><p><strong>Trabzon\u2019un vizyon projelerinden biri olan ve k\u0131saca DM-10 olarak adland\u0131r\u0131lan Havaalan\u0131, Konaklar, Pelitli, \u00c7imenli ve Yal\u0131ncak mahallelerini kapsayan \u00f6rnek projede, birinci etab\u0131n tesis \u00e7al\u0131\u015fmalar\u0131n\u0131n tamamlanarak hizmete sunuldu\u011funu belirten \u00c7oruh EDA\u015e Da\u011f\u0131t\u0131m Operasyonlar\u0131 Genel M\u00fcd\u00fcr\u00fc \u00d6mer Kandemir, kesintisiz enerji hedefiyle, b\u00f6lgedeki yakla\u015f\u0131k 50 bin n\u00fcfusa, toplamda 20 Milyon TL\u2019lik yat\u0131r\u0131m projesi ger\u00e7ekle\u015ftirdiklerini ifade etti.<\/strong><\/p>\n<p>\u00c7oruh EDA\u015e, sorumluluk b\u00f6lgesindeki illerde abonelerine <strong>kesintisiz enerji sunma hedefi<\/strong> do\u011frultusunda \u00e7al\u0131\u015fmalar\u0131na devam ediyor. Trabzon\u2019da <strong>elektrik altyap\u0131 yat\u0131r\u0131m\u0131<\/strong> olarak bug\u00fcne kadar <img loading=\"lazy\" class=\"alignright wp-image-137166\" src=\"https:\/\/www.enerjigazetesi.ist\/wp-content\/uploads\/2021\/06\/coruh-edas-trabzona-20-milyon-tllik-yatirim-yapacak.jpg\" alt=\"\" width=\"290\" height=\"200\" srcset=\"https:\/\/www.enerjigazetesi.ist\/wp-content\/uploads\/2021\/06\/coruh-edas-trabzona-20-milyon-tllik-yatirim-yapacak.jpg 550w, https:\/\/www.enerjigazetesi.ist\/wp-content\/uploads\/2021\/06\/coruh-edas-trabzona-20-milyon-tllik-yatirim-yapacak-300x207.jpg 300w, https:\/\/www.enerjigazetesi.ist\/wp-content\/uploads\/2021\/06\/coruh-edas-trabzona-20-milyon-tllik-yatirim-yapacak-500x345.jpg 500w, https:\/\/www.enerjigazetesi.ist\/wp-content\/uploads\/2021\/06\/coruh-edas-trabzona-20-milyon-tllik-yatirim-yapacak-73x50.jpg 73w\" sizes=\"(max-width: 290px) 100vw, 290px\" \/>tek seferde ger\u00e7ekle\u015ftirilen en b\u00fcy\u00fck yat\u0131r\u0131m projesinin hizmete sunulmas\u0131 i\u00e7in g\u00fcn sayan \u00c7oruh EDA\u015e, projenin ilk etab\u0131n\u0131n tamamland\u0131\u011f\u0131n\u0131 a\u00e7\u0131klad\u0131.<\/p>\n<p><strong>\u00c7oruh EDA\u015e Da\u011f\u0131t\u0131m Operasyonlar\u0131 Genel M\u00fcd\u00fcr\u00fc \u00d6mer Kandemir, <\/strong>projenin ilk etab\u0131nda <strong>64 bin metre<\/strong> orta gerilim kablolu<strong>, 48 bin metre<\/strong> al\u00e7ak gerilim kablolu yeralt\u0131 \u015febekesi;<strong> 5 adet<\/strong> da\u011f\u0131t\u0131m merkezi, <strong>44 adet<\/strong> al\u00e7ak gerilim dire\u011fi ve<strong> 498 adet<\/strong> galvanizli ayd\u0131nlatma dire\u011fi ile<strong> 279 adet<\/strong> saha da\u011f\u0131t\u0131m panosu tesis edildi\u011fini belirtti.<\/p>\n<p><strong>515<\/strong> yeni ayd\u0131nlatma armat\u00fcr\u00fc, <strong>5 adet<\/strong> yeni da\u011f\u0131t\u0131m trafosu, <strong>48 adet<\/strong> metal muhafazal\u0131 mod\u00fcler h\u00fccre, <strong>6 adet<\/strong> ana da\u011f\u0131t\u0131m panosu,<strong> 1 adet<\/strong> yeni da\u011f\u0131t\u0131m merkezi ve<strong> 2 adet<\/strong> ekonomik \u00f6mr\u00fcn\u00fc dolduran bina tipi trafo merkezinin y\u0131k\u0131larak yerine <strong>2 adet<\/strong> monoblok <strong>beton k\u00f6\u015fk tesis edildi\u011fini<\/strong> belirten <strong>Kandemir,<\/strong> projenin Trabzon\u2019a elektrik da\u011f\u0131t\u0131m altyap\u0131s\u0131 kapsam\u0131nda,<strong> 20 milyon TL<\/strong> yat\u0131r\u0131mla tek seferde yap\u0131lan en b\u00fcy\u00fck yat\u0131r\u0131m oldu\u011funun alt\u0131n\u0131 \u00e7izerken projenin ilk etab\u0131 i\u00e7in ise<strong> 14 milyon TL\u2019<\/strong>lik harcama yap\u0131ld\u0131\u011f\u0131n\u0131 a\u00e7\u0131klad\u0131.<\/p>\n<p><strong>DM-10 \u0130LE ELEKTR\u0130K KES\u0130NT\u0130LER\u0130NE SON!<\/strong><\/p>\n<p>B\u00f6lgede, ilk etab\u0131n hizmete sunulmas\u0131yla, altyap\u0131 kurulu\u015flar\u0131 ve \u00fc\u00e7\u00fcnc\u00fc \u015fah\u0131s kaynakl\u0131 kesintiler d\u0131\u015f\u0131nda mevcut durumda kesinti ya\u015fanmad\u0131\u011f\u0131n\u0131n \u00f6nemine dikkat \u00e7eken <strong>Kandemir,<\/strong> proje tamamland\u0131\u011f\u0131nda, belirtilen mahallelerin bat\u0131da De\u011firmendere, do\u011fuda da Yomra ile ring \u015febeke olu\u015fturularak herhangi bir ar\u0131za durumunda alternatif beslenme imk\u00e2n\u0131 sa\u011flanaca\u011f\u0131na dikkat \u00e7ekti.<strong>\u00a0 \u00a0 \u00a0 \u00a0 \u00a0 \u00a0 \u00a0 \u00a0 \u00a0\u00a0<\/strong><\/p>\n<p><strong>\u0130K\u0130NC\u0130 ETAP \u0130\u00c7\u0130N YO\u011eUN TEMPO<\/strong><\/p>\n<p>\u0130kinci etab\u0131n projelendirmesinin yap\u0131ld\u0131\u011f\u0131n\u0131, 2022 yat\u0131r\u0131m plan\u0131 kapsam\u0131nda \u00e7al\u0131\u015fmalara ba\u015flanaca\u011f\u0131n\u0131 belirten <strong>Kandemir<\/strong>, \u201cEkiplerimiz, Trabzon\u2019un en b\u00fcy\u00fck projelerinden biri olan DM-10 i\u00e7in 7 g\u00fcn 24 saat sahada. \u0130\u015f sa\u011fl\u0131\u011f\u0131 ve g\u00fcvenli\u011fi kurallar\u0131 gere\u011fi, enerji alt\u0131nda \u00e7al\u0131\u015f\u0131lamad\u0131\u011f\u0131 i\u00e7in proje kapsam\u0131nda planl\u0131 elektrik kesintilerini abonelerimizin olabildi\u011fince en az etkilenece\u011fi zamanlarda yapmaya \u00f6zen g\u00f6sterdik. Gece \u00e7al\u0131\u015fmalar\u0131yla s\u00fcreci h\u0131zland\u0131rarak, hava \u015fartlar\u0131 ve fiziki ko\u015fullara bakmaks\u0131z\u0131n yo\u011fun bir \u00e7al\u0131\u015fma temposu ile hizmet veriyoruz. Kesintisiz enerji hedefimize, gelecek d\u00f6nemde hayata ge\u00e7irece\u011fimiz vizyon projelerle yakla\u015fmaya devam edece\u011fiz.\u201d dedi.<\/p>\n<p>\u00c7oruh EDA\u015e ayr\u0131ca, belediye ile i\u015f birli\u011fi i\u00e7erisinde ger\u00e7ekle\u015ftirilen yat\u0131r\u0131m \u00e7al\u0131\u015fmalar\u0131 s\u0131ras\u0131nda deste\u011fini ve sabr\u0131n\u0131 esirgemeyen t\u00fcm yerel y\u00f6netimlere ve abonelerine te\u015fekk\u00fcrlerini sundu.<\/p>","protected":false},"excerpt":{"rendered":"<p>Sorry, this entry is only available in Turkish. For the sake of viewer convenience, the content is shown below in the alternative language. You may click the link to switch the active language.Trabzon\u2019un vizyon projelerinden biri olan ve k\u0131saca DM-10 olarak adland\u0131r\u0131lan Havaalan\u0131, Konaklar, Pelitli, \u00c7imenli ve Yal\u0131ncak mahallelerini kapsayan \u00f6rnek projede, birinci etab\u0131n tesis [&hellip;]<\/p>\n","protected":false},"author":1,"featured_media":137166,"comment_status":"open","ping_status":"open","sticky":false,"template":"","format":"standard","meta":[],"categories":[51,53],"tags":[82092,92286,53114,52259,92285],"views":88,"_links":{"self":[{"href":"https:\/\/www.enerjigazetesi.ist\/en\/wp-json\/wp\/v2\/posts\/137163"}],"collection":[{"href":"https:\/\/www.enerjigazetesi.ist\/en\/wp-json\/wp\/v2\/posts"}],"about":[{"href":"https:\/\/www.enerjigazetesi.ist\/en\/wp-json\/wp\/v2\/types\/post"}],"author":[{"embeddable":true,"href":"https:\/\/www.enerjigazetesi.ist\/en\/wp-json\/wp\/v2\/users\/1"}],"replies":[{"embeddable":true,"href":"https:\/\/www.enerjigazetesi.ist\/en\/wp-json\/wp\/v2\/comments?post=137163"}],"version-history":[{"count":0,"href":"https:\/\/www.enerjigazetesi.ist\/en\/wp-json\/wp\/v2\/posts\/137163\/revisions"}],"wp:featuredmedia":[{"embeddable":true,"href":"https:\/\/www.enerjigazetesi.ist\/en\/wp-json\/wp\/v2\/media\/137166"}],"wp:attachment":[{"href":"https:\/\/www.enerjigazetesi.ist\/en\/wp-json\/wp\/v2\/media?parent=137163"}],"wp:term":[{"taxonomy":"category","embeddable":true,"href":"https:\/\/www.enerjigazetesi.ist\/en\/wp-json\/wp\/v2\/categories?post=137163"},{"taxonomy":"post_tag","embeddable":true,"href":"https:\/\/www.enerjigazetesi.ist\/en\/wp-json\/wp\/v2\/tags?post=137163"}],"curies":[{"name":"wp","href":"https:\/\/api.w.org\/{rel}","templated":true}]}}