{"id":13716,"date":"2013-08-04T00:30:52","date_gmt":"2013-08-03T21:30:52","guid":{"rendered":"https:\/\/www.enerjigazetesi.ist\/?p=13716"},"modified":"2013-08-04T00:30:52","modified_gmt":"2013-08-03T21:30:52","slug":"temmuzda-reslerin-kurulu-gucu-artti","status":"publish","type":"post","link":"https:\/\/www.enerjigazetesi.ist\/en\/temmuzda-reslerin-kurulu-gucu-artti\/","title":{"rendered":"(Turkish) Temmuz`da RES`lerin Kurulu G\u00fcc\u00fc Artt\u0131!"},"content":{"rendered":"<p class=\"qtranxs-available-languages-message qtranxs-available-languages-message-en\">Sorry, this entry is only available in <a href=\"https:\/\/www.enerjigazetesi.ist\/tr\/wp-json\/wp\/v2\/posts\/13716\" class=\"qtranxs-available-language-link qtranxs-available-language-link-tr\" title=\"Turkish\">Turkish<\/a>. For the sake of viewer convenience, the content is shown below in the alternative language. You may click the link to switch the active language.<\/p><p><strong>T\u00fcrkiye R\u00fczgar Enerjisi Birli\u011fi (T\u00dcREB) taraf\u0131ndan haz\u0131rlanan T\u00fcrkiye R\u00fczgar Enerjisi \u0130statistik Raporu\u2019na g\u00f6re, Temmuz ay\u0131 itibariyle toplam kurulu g\u00fc\u00e7 2619MW\u2019\u0131n \u00fczerine \u00e7\u0131kt\u0131.<\/strong><\/p>\n<p>T\u00fcrkiye R\u00fczgar Enerjisi \u0130statistik Raporu`nda in\u015fas\u0131 devam eden 28 RES\u2019in toplam kurulu g\u00fcc\u00fcn\u00fcn 751 MW\u2019\u0131 buldu\u011fu belirtildi. Rapora g\u00f6re, bu y\u0131l ilk defa Osmaniye ve Yalova\u2019da RES yap\u0131m\u0131na ba\u015fland\u0131\u011f\u0131 yer al\u0131rken, bu y\u0131l\u0131n ilk yar\u0131<a href=\"https:\/\/www.enerjigazetesi.ist\/wp-content\/uploads\/2013\/08\/ruzgar-enerjisi-santrali-temmuzda-reslerin-kurulu-gucu-artti.jpg\"><img loading=\"lazy\" class=\"alignright size-medium wp-image-13717\" title=\"ruzgar-enerjisi-santrali-temmuzda-reslerin-kurulu-gucu-artti\" src=\"https:\/\/www.enerjigazetesi.ist\/wp-content\/uploads\/2013\/08\/ruzgar-enerjisi-santrali-temmuzda-reslerin-kurulu-gucu-artti-300x226.jpg\" alt=\"\" width=\"300\" height=\"226\" srcset=\"https:\/\/www.enerjigazetesi.ist\/wp-content\/uploads\/2013\/08\/ruzgar-enerjisi-santrali-temmuzda-reslerin-kurulu-gucu-artti-300x226.jpg 300w, https:\/\/www.enerjigazetesi.ist\/wp-content\/uploads\/2013\/08\/ruzgar-enerjisi-santrali-temmuzda-reslerin-kurulu-gucu-artti-66x50.jpg 66w, https:\/\/www.enerjigazetesi.ist\/wp-content\/uploads\/2013\/08\/ruzgar-enerjisi-santrali-temmuzda-reslerin-kurulu-gucu-artti.jpg 400w\" sizes=\"(max-width: 300px) 100vw, 300px\" \/><\/a>s\u0131nda lisansl\u0131dan i\u015fletmeye al\u0131nan 108 MW, in\u015fadan i\u015fletmeye ge\u00e7en 177,6 MW santral oldu\u011funun alt\u0131 \u00e7izildi.<\/p>\n<p>T\u00fcrkiye R\u00fczgar Enerjisi \u0130statistik Raporu\u2019nda i\u015fletmedeki r\u00fczgar enerjisi santrallerinin kurulu g\u00fc\u00e7 bak\u0131m\u0131ndan y\u00fczde 78\u2032i Ege ve Marmara b\u00f6lgelerinde bulunuyor. Kurulu g\u00fc\u00e7 bak\u0131m\u0131ndan iller baz\u0131nda Bal\u0131kesir\u2019in birinci oldu\u011fu raporda, \u0130zmir ikinci s\u0131rada yer al\u0131yor.<\/p>\n<p>\u0130\u015fletmedeki santrallerin yat\u0131r\u0131mc\u0131lara g\u00f6re da\u011f\u0131l\u0131m\u0131nda ilk \u00fc\u00e7 yine de\u011fi\u015fmedi. T\u00fcrkiye\u2019nin ilk RES\u2019ini kuran Demirer Enerji kurulu g\u00fc\u00e7 s\u0131ralamas\u0131nda ilk s\u0131rada yer ald\u0131. Demirer Enerji\u2019yi s\u0131ras\u0131yla Bilgin Enerji ve Adnan Polat\u2019\u0131n sahibi oldu\u011fu Polat Enerji izledi.<\/p>\n<p>Raporda, i\u015fletmedeki RES\u2019lerin kurulu g\u00fc\u00e7 bak\u0131m\u0131ndan t\u00fcrbin markalar\u0131na g\u00f6re paylar\u0131 \u015fu \u015fekilde s\u0131raland\u0131: Ge\u00e7en y\u0131la g\u00f6re biraz gerileyen Vestas %25,32 ile birinci s\u0131rada, % 24,45 ile Enercon ikinci, % 23 ile Nordex \u00fc\u00e7\u00fcnc\u00fc olurken onu % 17,22 ile GE izledi.<\/p>\n<p>Kaynak: <a href=\"http:\/\/enerjigunlugu.net\/temmuzda-reslerin-kurulu-gucu-artti_4469.html\" target=\"_blank\">Enerji G\u00fcnl\u00fc\u011f\u00fc<\/a><\/p>","protected":false},"excerpt":{"rendered":"<p>Sorry, this entry is only available in Turkish. For the sake of viewer convenience, the content is shown below in the alternative language. You may click the link to switch the active language.T\u00fcrkiye R\u00fczgar Enerjisi Birli\u011fi (T\u00dcREB) taraf\u0131ndan haz\u0131rlanan T\u00fcrkiye R\u00fczgar Enerjisi \u0130statistik Raporu\u2019na g\u00f6re, Temmuz ay\u0131 itibariyle toplam kurulu g\u00fc\u00e7 2619MW\u2019\u0131n \u00fczerine \u00e7\u0131kt\u0131. T\u00fcrkiye [&hellip;]<\/p>\n","protected":false},"author":1,"featured_media":13717,"comment_status":"open","ping_status":"open","sticky":false,"template":"","format":"standard","meta":[],"categories":[53,50],"tags":[7376,63,67,165,7375,4487,474,69,16,231,7377,1682,3390],"views":1493,"_links":{"self":[{"href":"https:\/\/www.enerjigazetesi.ist\/en\/wp-json\/wp\/v2\/posts\/13716"}],"collection":[{"href":"https:\/\/www.enerjigazetesi.ist\/en\/wp-json\/wp\/v2\/posts"}],"about":[{"href":"https:\/\/www.enerjigazetesi.ist\/en\/wp-json\/wp\/v2\/types\/post"}],"author":[{"embeddable":true,"href":"https:\/\/www.enerjigazetesi.ist\/en\/wp-json\/wp\/v2\/users\/1"}],"replies":[{"embeddable":true,"href":"https:\/\/www.enerjigazetesi.ist\/en\/wp-json\/wp\/v2\/comments?post=13716"}],"version-history":[{"count":1,"href":"https:\/\/www.enerjigazetesi.ist\/en\/wp-json\/wp\/v2\/posts\/13716\/revisions"}],"predecessor-version":[{"id":13718,"href":"https:\/\/www.enerjigazetesi.ist\/en\/wp-json\/wp\/v2\/posts\/13716\/revisions\/13718"}],"wp:featuredmedia":[{"embeddable":true,"href":"https:\/\/www.enerjigazetesi.ist\/en\/wp-json\/wp\/v2\/media\/13717"}],"wp:attachment":[{"href":"https:\/\/www.enerjigazetesi.ist\/en\/wp-json\/wp\/v2\/media?parent=13716"}],"wp:term":[{"taxonomy":"category","embeddable":true,"href":"https:\/\/www.enerjigazetesi.ist\/en\/wp-json\/wp\/v2\/categories?post=13716"},{"taxonomy":"post_tag","embeddable":true,"href":"https:\/\/www.enerjigazetesi.ist\/en\/wp-json\/wp\/v2\/tags?post=13716"}],"curies":[{"name":"wp","href":"https:\/\/api.w.org\/{rel}","templated":true}]}}