{"id":136923,"date":"2021-06-17T11:57:46","date_gmt":"2021-06-17T08:57:46","guid":{"rendered":"https:\/\/www.enerjigazetesi.ist\/?p=136923"},"modified":"2021-06-17T11:57:46","modified_gmt":"2021-06-17T08:57:46","slug":"dijital-donusum-zirvesi-17-haziran-2021-persembe-saat-11-00de-yapilacak","status":"publish","type":"post","link":"https:\/\/www.enerjigazetesi.ist\/en\/dijital-donusum-zirvesi-17-haziran-2021-persembe-saat-11-00de-yapilacak\/","title":{"rendered":"(Turkish) &#8217;Dijital D\u00f6n\u00fc\u015f\u00fcm Zirvesi&#8217; 17 Haziran 2021 Per\u015fembe Saat: 11.00&#8217;de Yap\u0131lacak"},"content":{"rendered":"<p class=\"qtranxs-available-languages-message qtranxs-available-languages-message-en\">Sorry, this entry is only available in <a href=\"https:\/\/www.enerjigazetesi.ist\/tr\/wp-json\/wp\/v2\/posts\/136923\" class=\"qtranxs-available-language-link qtranxs-available-language-link-tr\" title=\"Turkish\">Turkish<\/a>. For the sake of viewer convenience, the content is shown below in the alternative language. You may click the link to switch the active language.<\/p><p><strong>Platin Dergisi Genel Yay\u0131n Y\u00f6netmeni Oya Yal\u0131man&#8217;\u0131n moderat\u00f6rl\u00fc\u011f\u00fcnde ger\u00e7ekle\u015fecek webinarda birbirinden de\u011ferli d\u00f6rt konu\u015fmac\u0131 bulunuyor. Turkcell Keynote olarak, Turkcell Dijital \u0130\u015f Servisleri Kurumsal \u00dcr\u00fcn Y\u00f6netimi Genel M\u00fcd\u00fcr Yard\u0131mc\u0131s\u0131 \u00d6mer Ferit GAZ\u0130M\u0130HAL \u2018Pandemi D\u00f6neminde Dijital D\u00f6n\u00fc\u015f\u00fcm Adaptasyonuyla Turkcell Dijital \u0130\u015f Servisleri Fark\u0131!\u2019 konusu ile yer alacak.<\/strong><\/p>\n<p>Webinar and Change De\u011fi\u015fim Y\u00f6netimi E\u011fitmeni Hamdi \u0130STANBULLU, Garanti BBVA \u00d6deme Sistemleri \u00dcye \u0130\u015fyeri ve Sat\u0131\u015f Genel M\u00fcd\u00fcr Yard\u0131mc\u0131s\u0131 \u00d6zg\u00fcr ALTAN, Bah\u00e7e\u015fehir Koleji Genel M\u00fcd\u00fcr\u00fc \u00d6zlem DA\u011e yer alacak olup <strong>2021<\/strong> ve sonras\u0131na y\u00f6n verecek <strong>dijital d\u00f6n\u00fc\u015f\u00fcm trendleri ve <img loading=\"lazy\" class=\"alignright wp-image-136925\" src=\"https:\/\/www.enerjigazetesi.ist\/wp-content\/uploads\/2021\/06\/dijital-donusum-zirvesi-17-haziran-2021-persembe-saat-11-00de-yapilacak-2.jpg\" alt=\"\" width=\"340\" height=\"310\" srcset=\"https:\/\/www.enerjigazetesi.ist\/wp-content\/uploads\/2021\/06\/dijital-donusum-zirvesi-17-haziran-2021-persembe-saat-11-00de-yapilacak-2.jpg 492w, https:\/\/www.enerjigazetesi.ist\/wp-content\/uploads\/2021\/06\/dijital-donusum-zirvesi-17-haziran-2021-persembe-saat-11-00de-yapilacak-2-300x273.jpg 300w, https:\/\/www.enerjigazetesi.ist\/wp-content\/uploads\/2021\/06\/dijital-donusum-zirvesi-17-haziran-2021-persembe-saat-11-00de-yapilacak-2-439x400.jpg 439w, https:\/\/www.enerjigazetesi.ist\/wp-content\/uploads\/2021\/06\/dijital-donusum-zirvesi-17-haziran-2021-persembe-saat-11-00de-yapilacak-2-55x50.jpg 55w\" sizes=\"(max-width: 340px) 100vw, 340px\" \/>uygulamalar\u0131<\/strong> konu\u015fulacak.<\/p>\n<p>T\u00fcm d\u00fcnyay\u0131 haz\u0131rl\u0131ks\u0131z yakalayan <strong>Covid-19 pandemisi<\/strong>; i\u015f d\u00fcnyas\u0131na da dijital d\u00fcnyaya her y\u00f6n\u00fcyle hakim olman\u0131n ne kadar \u00f6nemli oldu\u011funu bir kez daha g\u00f6sterdi. \u0130nsan kaynaklar\u0131ndan pazarlama stratejilerine, \u00fcretim-hizmet s\u00fcre\u00e7lerinden finansmana, verimlilikten s\u00fcrd\u00fcr\u00fclebilirli\u011fe kadar y\u00f6netim felsefesinin her katman\u0131na y\u00f6n veren, <strong>i\u015f-ak\u0131\u015f s\u00fcre\u00e7leri<\/strong>ni h\u0131zland\u0131ran,<strong> risk y\u00f6netimi stratejileri<\/strong>ni \u00f6ng\u00f6r\u00fclebilir k\u0131lan <strong>dijital d\u00f6n\u00fc\u015f\u00fcm s\u00fcreci<\/strong>, markalar\u0131n gelece\u011fine y\u00f6n veren en \u00f6nemli g\u00fc\u00e7\u2026 2021 ve sonras\u0131nda, farkl\u0131 bir ifadeyle yar\u0131n\u0131n d\u00fcnyas\u0131nda var olabilmenin s\u0131rr\u0131; <strong>dijital d\u00f6n\u00fc\u015f\u00fcm stratejileri<\/strong>ni kurumlar\u0131n y\u00f6netim <strong>DNA\u2019lar\u0131na<\/strong> eksiksiz bir \u015fekilde entegre edebilmeye ba\u011fl\u0131\u2026<\/p>\n<p>Zirvenin temel hedefleri aras\u0131nda, de\u011fi\u015fime y\u00f6n vererek hangi sekt\u00f6rde faaliyet g\u00f6sterildi\u011fine bak\u0131lmaks\u0131z\u0131n her kurumun, her markan\u0131n yeni d\u00f6nemin <strong>dijital d\u00f6n\u00fc\u015f\u00fcm stratejileri<\/strong>yle, i\u015f s\u00fcre\u00e7lerine nas\u0131l bir katma de\u011fer sa\u011flad\u0131\u011f\u0131n\u0131 yans\u0131tmak, ekip ruhunu artt\u0131rarak verimlilikten \u00fcretime, tedarik zincirinden \u0130K, pazarlama ve ileti\u015fim stratejilerine kadar y\u00f6netim s\u00fcrecinin t\u00fcm a\u015famalar\u0131nda s\u00fcrd\u00fcr\u00fclebilir dijital d\u00f6n\u00fc\u015f\u00fcm stratejileriyle gelece\u011fe y\u00f6n verirken, \u00e7al\u0131\u015fan motivasyonunu art\u0131rmak, ba\u015far\u0131y\u0131 s\u00fcrd\u00fcr\u00fclebilir k\u0131larak dijital d\u00f6n\u00fc\u015f\u00fcm stratejilerinde s\u00fcrd\u00fcr\u00fclebilir performans kriterlerini merkeze alarak kurumlarda <strong>k\u00e2rl\u0131l\u0131k<\/strong> ve <strong>verimlilik art\u0131\u015f\u0131n\u0131n<\/strong> kal\u0131c\u0131 olmas\u0131n\u0131 sa\u011flamak yer al\u0131yor.<\/p>\n<p>Ku\u015faklar aras\u0131 beklentilerin analiz edildi\u011fi, ihtiya\u00e7lar\u0131n saptand\u0131\u011f\u0131 ve gelece\u011fe y\u00f6n verecek <strong>dijital d\u00f6n\u00fc\u015f\u00fcm stratejileri<\/strong>nin belirlendi\u011fi bir ortamda, kolektif bir bilin\u00e7le ayn\u0131 hedefe odaklanarak k\u00e2rl\u0131l\u0131\u011f\u0131 ve verimlili\u011fi art\u0131rabilmeyi ama\u00e7layan zirvede \u015fu sorulara cevap aranacak,<\/p>\n<p>1- Yeni d\u00f6nemde \u015firketler, <strong>dijital d\u00f6n\u00fc\u015f\u00fcm stratejileri<\/strong>ni hangi kriterlere g\u00f6re \u015fekillendirecek?<\/p>\n<p>2- \u00c7al\u0131\u015fan <strong>aidiyetini, motivasyonu<\/strong> ve <strong>performans\u0131<\/strong> \u00e7ok daha g\u00fc\u00e7l\u00fc temellere dayand\u0131rmak isteyen marka ve kurumlar\u0131n, dijital d\u00f6n\u00fc\u015f\u00fcm stratejilerini kurgularken \u00f6ncelikleri neler olmal\u0131?<\/p>\n<p>3- 2021 ve sonras\u0131na y\u00f6n verecek yeni nesil <strong>dijital d\u00f6n\u00fc\u015f\u00fcm uygulama<\/strong> ve <strong>trendleri<\/strong> i\u015f d\u00fcnyas\u0131nda nas\u0131l bir d\u00f6n\u00fc\u015f\u00fcm\u00fc de beraberinde getirecek?<\/p>\n<p>4- <strong>Dijital d\u00f6n\u00fc\u015f\u00fcm s\u00fcreciyle<\/strong> birlikte ivme kazanan <strong>verimlilik, k\u00e2rl\u0131l\u0131k, s\u00fcrd\u00fcr\u00fclebilirlik, kal\u0131c\u0131 i\u015f performans\u0131<\/strong> ve <strong>\u00fcretim-hizmet vizyonu<\/strong> a\u00e7\u0131s\u0131ndan do\u011fru bilinen yanl\u0131\u015flar neler?<\/p>\n<p>Program ak\u0131\u015f\u0131 ise <span style=\"text-decoration: underline;\">\u015fu \u015fekildedir;<\/span><\/p>\n<p>17 Haziran 2021, Per\u015fembe<\/p>\n<p>11.00- 11.10<\/p>\n<p><strong>A\u00e7\u0131l\u0131\u015f Konu\u015fmas\u0131<\/strong><\/p>\n<p>&#8211; MODERAT\u00d6R<br \/>\nOya YALIMAN<br \/>\nPlatin Dergisi Genel Yay\u0131n Y\u00f6netmeni<\/p>\n<p>11.15 \u2013 11.30<\/p>\n<p><strong>Pandemi D\u00f6neminde Dijital D\u00f6n\u00fc\u015f\u00fcm Adaptasyonuyla Turkcell Dijital \u0130\u015f Servisleri Fark\u0131!<\/strong><\/p>\n<p>&#8211; \u00d6mer Ferit GAZ\u0130M\u0130HAL \/ TURKCELL KEYNOTE<\/p>\n<p>Turkcell Dijital \u0130\u015f Servisleri Kurumsal \u00dcr\u00fcn Y\u00f6netimi Genel M\u00fcd\u00fcr Yard\u0131mc\u0131s\u0131<\/p>\n<p>11.30 \u2013 12.45<\/p>\n<p><strong>2021 ve Sonras\u0131na Y\u00f6n Verecek Dijital D\u00f6n\u00fc\u015f\u00fcm Trendleri ve Uygulamalar\u0131 Zirvesi<\/strong><\/p>\n<p>&#8211; Hamdi \u0130STANBULLU<\/p>\n<p>and Change De\u011fi\u015fim Y\u00f6netimi E\u011fitmeni<\/p>\n<p>&#8211; \u00d6zg\u00fcr ALTAN<\/p>\n<p>Garanti BBVA \u00d6deme Sistemleri \u00dcye \u0130\u015fyeri ve Sat\u0131\u015f Genel M\u00fcd\u00fcr Yard\u0131mc\u0131s\u0131<\/p>\n<p>&#8211; \u00d6zlem DA\u011e<\/p>\n<p>Bah\u00e7e\u015fehir Koleji Genel M\u00fcd\u00fcr\u00fc<\/p>\n<p>12.45 \u2013 13:00 Soru Cevap<\/p>","protected":false},"excerpt":{"rendered":"<p>Sorry, this entry is only available in Turkish. For the sake of viewer convenience, the content is shown below in the alternative language. You may click the link to switch the active language.Platin Dergisi Genel Yay\u0131n Y\u00f6netmeni Oya Yal\u0131man&#8217;\u0131n moderat\u00f6rl\u00fc\u011f\u00fcnde ger\u00e7ekle\u015fecek webinarda birbirinden de\u011ferli d\u00f6rt konu\u015fmac\u0131 bulunuyor. Turkcell Keynote olarak, Turkcell Dijital \u0130\u015f Servisleri Kurumsal [&hellip;]<\/p>\n","protected":false},"author":1,"featured_media":136926,"comment_status":"open","ping_status":"open","sticky":false,"template":"","format":"standard","meta":[],"categories":[53],"tags":[56547,83519,92106,52259,65918],"views":163,"_links":{"self":[{"href":"https:\/\/www.enerjigazetesi.ist\/en\/wp-json\/wp\/v2\/posts\/136923"}],"collection":[{"href":"https:\/\/www.enerjigazetesi.ist\/en\/wp-json\/wp\/v2\/posts"}],"about":[{"href":"https:\/\/www.enerjigazetesi.ist\/en\/wp-json\/wp\/v2\/types\/post"}],"author":[{"embeddable":true,"href":"https:\/\/www.enerjigazetesi.ist\/en\/wp-json\/wp\/v2\/users\/1"}],"replies":[{"embeddable":true,"href":"https:\/\/www.enerjigazetesi.ist\/en\/wp-json\/wp\/v2\/comments?post=136923"}],"version-history":[{"count":0,"href":"https:\/\/www.enerjigazetesi.ist\/en\/wp-json\/wp\/v2\/posts\/136923\/revisions"}],"wp:featuredmedia":[{"embeddable":true,"href":"https:\/\/www.enerjigazetesi.ist\/en\/wp-json\/wp\/v2\/media\/136926"}],"wp:attachment":[{"href":"https:\/\/www.enerjigazetesi.ist\/en\/wp-json\/wp\/v2\/media?parent=136923"}],"wp:term":[{"taxonomy":"category","embeddable":true,"href":"https:\/\/www.enerjigazetesi.ist\/en\/wp-json\/wp\/v2\/categories?post=136923"},{"taxonomy":"post_tag","embeddable":true,"href":"https:\/\/www.enerjigazetesi.ist\/en\/wp-json\/wp\/v2\/tags?post=136923"}],"curies":[{"name":"wp","href":"https:\/\/api.w.org\/{rel}","templated":true}]}}