{"id":136912,"date":"2021-06-17T11:12:46","date_gmt":"2021-06-17T08:12:46","guid":{"rendered":"https:\/\/www.enerjigazetesi.ist\/?p=136912"},"modified":"2021-06-17T11:13:14","modified_gmt":"2021-06-17T08:13:14","slug":"akkuyu-ngs-sahasi-nda-covid-19a-karsi-asilama-calismalari-suruyor","status":"publish","type":"post","link":"https:\/\/www.enerjigazetesi.ist\/en\/akkuyu-ngs-sahasi-nda-covid-19a-karsi-asilama-calismalari-suruyor\/","title":{"rendered":"(Turkish) Akkuyu NGS Sahas\u0131&#8217;nda COVID-19&#8217;a Kar\u015f\u0131 A\u015f\u0131lama \u00c7al\u0131\u015fmalar\u0131 S\u00fcr\u00fcyor"},"content":{"rendered":"<p class=\"qtranxs-available-languages-message qtranxs-available-languages-message-en\">Sorry, this entry is only available in <a href=\"https:\/\/www.enerjigazetesi.ist\/tr\/wp-json\/wp\/v2\/posts\/136912\" class=\"qtranxs-available-language-link qtranxs-available-language-link-tr\" title=\"Turkish\">Turkish<\/a>. For the sake of viewer convenience, the content is shown below in the alternative language. You may click the link to switch the active language.<\/p><p><strong>Akkuyu NGS in\u015faat sahas\u0131nda g\u00f6rev yapan t\u00fcm \u00e7al\u0131\u015fanlar\u0131n COVID-19\u2019a kar\u015f\u0131 toplu olarak a\u015f\u0131lanmas\u0131na ili\u015fkin s\u00fcre\u00e7 ba\u015flat\u0131ld\u0131. A\u015f\u0131lama, in\u015faat\u0131n devam etti\u011fi NGS\u2019nin sahas\u0131nda bulunan, a\u015f\u0131lar\u0131n sakland\u0131\u011f\u0131 \u00f6zel so\u011futucu odalar da dahil olmak \u00fczere, gerekli t\u00fcm malzeme ve ekipmanlarla donat\u0131lm\u0131\u015f olan sertifikal\u0131 sa\u011fl\u0131k biriminde yap\u0131l\u0131yor. \u00c7al\u0131\u015fmalar kapsam\u0131nda, a\u015f\u0131 olmak isteyen t\u00fcm personel tek tek a\u015f\u0131lan\u0131yor. Bu ama\u00e7la, n\u00fckleer santralin \u015fantiyesindeki sa\u011fl\u0131k ofisinde mesai saatleri boyunca bir sa\u011fl\u0131k ekibi g\u00f6rev yap\u0131yor.<\/strong><\/p>\n<p><strong>A\u015f\u0131lama \u00e7al\u0131\u015fmalar\u0131<\/strong>n\u0131n ilk a\u015famas\u0131 daha \u00f6nce sahada ger\u00e7ekle\u015ftirilmi\u015f,<strong> AKKUYU N\u00dcKLEER A.\u015e.<\/strong> taraf\u0131ndan birinci a\u015f\u0131lama dalgas\u0131 i\u00e7in <strong>1200 doz<\/strong>, iki bile\u015fenli <strong>Sputnik V a\u015f\u0131s\u0131<\/strong> sat\u0131n al\u0131nm\u0131\u015ft\u0131. \u0130lk <img loading=\"lazy\" class=\"alignright wp-image-136914\" src=\"https:\/\/www.enerjigazetesi.ist\/wp-content\/uploads\/2021\/06\/akkuyu-ngs-sahasi-nda-covid-19a-karsi-asilama-calismalari-suruyor-1.jpg\" alt=\"\" width=\"320\" height=\"214\" srcset=\"https:\/\/www.enerjigazetesi.ist\/wp-content\/uploads\/2021\/06\/akkuyu-ngs-sahasi-nda-covid-19a-karsi-asilama-calismalari-suruyor-1.jpg 550w, https:\/\/www.enerjigazetesi.ist\/wp-content\/uploads\/2021\/06\/akkuyu-ngs-sahasi-nda-covid-19a-karsi-asilama-calismalari-suruyor-1-300x200.jpg 300w, https:\/\/www.enerjigazetesi.ist\/wp-content\/uploads\/2021\/06\/akkuyu-ngs-sahasi-nda-covid-19a-karsi-asilama-calismalari-suruyor-1-500x334.jpg 500w, https:\/\/www.enerjigazetesi.ist\/wp-content\/uploads\/2021\/06\/akkuyu-ngs-sahasi-nda-covid-19a-karsi-asilama-calismalari-suruyor-1-75x50.jpg 75w, https:\/\/www.enerjigazetesi.ist\/wp-content\/uploads\/2021\/06\/akkuyu-ngs-sahasi-nda-covid-19a-karsi-asilama-calismalari-suruyor-1-450x300.jpg 450w\" sizes=\"(max-width: 320px) 100vw, 320px\" \/>a\u015famada <strong>600 Rus vatanda\u015f\u0131<\/strong> a\u015f\u0131lan\u0131rken, <strong>a\u015f\u0131 \u00e7al\u0131\u015fmalar\u0131<\/strong>n\u0131n <strong>2&#8217;inci dalgas\u0131<\/strong> ise halen sahada devam ediyor. <strong>NGS in\u015faat sahas\u0131<\/strong>na ayr\u0131ca, isteyen t\u00fcm Rus \u00e7al\u0131\u015fanlar\u0131n ve onlar\u0131n ailelerinin a\u015f\u0131lanmas\u0131n\u0131 sa\u011flayacak <strong>1620 dozdan<\/strong> olu\u015fan bir parti a\u015f\u0131 daha ula\u015ft\u0131. <strong>Akkuyu NGS sahas\u0131ndaki<\/strong> a\u015f\u0131lama \u00e7al\u0131\u015fmalar\u0131n\u0131, <strong>Rusya\u2019dan gelen<\/strong> ve <strong>Rus a\u015f\u0131s\u0131n\u0131 uygulama teknolojisiyle<\/strong> ilgili e\u011fitimden ge\u00e7en nitelikli doktorlardan olu\u015fan ekip y\u00fcr\u00fct\u00fcyor.<\/p>\n<p>T\u00fcrk vatanda\u015f\u0131 olan \u00e7al\u0131\u015fanlar\u0131n a\u015f\u0131lanmas\u0131na ili\u015fkin \u00e7al\u0131\u015fmalar ise May\u0131s ay\u0131nda ba\u015flat\u0131lm\u0131\u015f olup, \u00e7al\u0131\u015fmalar, <strong>T\u00fcrkiye Cumhuriyeti Sa\u011fl\u0131k Bakanl\u0131\u011f\u0131<\/strong> taraf\u0131ndan belirlenen \u00f6ncelik kriterlerine g\u00f6re santral sahas\u0131na en yak\u0131n sa\u011fl\u0131k kurulu\u015flar\u0131nda planlanan \u015fekilde y\u00fcr\u00fct\u00fcl\u00fcyor. AKKUYU N\u00dcKLEER A.\u015e., ilk olarak, a\u015f\u0131 yapt\u0131rmak isteyen T\u00fcrk \u00e7al\u0131\u015fanlar\u0131n listelerini olu\u015fturmu\u015f ve bu listeleri <strong>Sa\u011fl\u0131k Bakanl\u0131\u011f\u0131\u2019na<\/strong> teslim etmi\u015fti. Bakanl\u0131k taraf\u0131ndan, <strong>ortak resmi elektronik sistem<\/strong> \u00fczerinden <strong>a\u015f\u0131 olmak isteyenlere<\/strong> a\u015f\u0131laman\u0131n yap\u0131laca\u011f\u0131 <strong>tarih<\/strong> ve <strong>saatle<\/strong> ilgili<strong> randevu bilgileri<\/strong> g\u00f6nderilmi\u015fti. T\u00fcrk \u00e7al\u0131\u015fanlar Bakanl\u0131\u011f\u0131n \u00f6nerisi do\u011frultusunda, <strong>\u00c7in CoronaVac<\/strong> ve <strong>Alman Pfizer\/BioNTech<\/strong> olmak \u00fczere <strong>2 a\u015f\u0131<\/strong> aras\u0131nda se\u00e7im yapabiliyor.<\/p>\n<p>Ayr\u0131ca <strong>16 Haziran 2021<\/strong> tarihi itibariyle vatanda\u015fl\u0131ktan ba\u011f\u0131ms\u0131z olarak projenin t\u00fcm \u00e7al\u0131\u015fanlar\u0131n\u0131n <strong>toplu a\u015f\u0131lamas\u0131<\/strong> da ba\u015flat\u0131ld\u0131. <strong>N\u00fckleer santralin \u015fantiyesindeki<\/strong> sa\u011fl\u0131k ofisinde mesai saatleri boyunca dileyen <strong>herkese a\u015f\u0131 yapan bir doktor<\/strong> ekibi g\u00f6rev yap\u0131yor.<\/p>\n<p>AKKUYU N\u00dcKLEER A.\u015e. Kamu Kurumlar\u0131 ile \u0130li\u015fkiler ve Uluslararas\u0131 \u0130\u015fbirli\u011fi Y\u00f6netici Direkt\u00f6r\u00fc olan, ve ayn\u0131 zamanda da <strong>Koronavir\u00fcsle M\u00fccadele Operasyon Merkezi Ba\u015fkanl\u0131\u011f\u0131<\/strong> g\u00f6revini y\u00fcr\u00fcten <strong>Aleksei Frolov<\/strong>, T\u00fcrkiye\u2019nin ilk n\u00fckleer santralinin in\u015fas\u0131nda \u00e7al\u0131\u015fanlar\u0131n a\u015f\u0131lanmas\u0131n\u0131 \u015fu s\u00f6zlerle yorumlad\u0131: <em>\u201cAKKUYU N\u00dcKLEER A.\u015e.,<\/em>\u00a0<em><strong>NGS in\u015faat projesi<\/strong>nde g\u00f6rev alan \u00e7al\u0131\u015fanlar\u0131n sa\u011fl\u0131\u011f\u0131n\u0131n korunmas\u0131na \u00e7ok sorumlu bir \u015fekilde yakla\u015f\u0131yor. Bu, g\u00fcvenlik k\u00fclt\u00fcr\u00fcm\u00fcz\u00fcn de ayr\u0131lmaz bir par\u00e7as\u0131d\u0131r. \u00c7al\u0131\u015fanlar\u0131n toplu a\u015f\u0131lamas\u0131na y\u00f6nelik haz\u0131rl\u0131klara bu y\u0131l\u0131n ba\u015f\u0131nda ba\u015flad\u0131k. \u00d6ncelikle a\u015f\u0131 olmak isteyenlerin listeleri olu\u015fturuldu, gerekli say\u0131da<strong> a\u015f\u0131 sipari\u015f edildi<\/strong> ve a\u015f\u0131lama noktas\u0131nda gerekli haz\u0131rl\u0131klar yap\u0131ld\u0131. T\u00fcrkiye\u2019nin ilgili resmi kurumlar\u0131; <strong>Enerji ve Tabii Kaynaklar Bakanl\u0131\u011f\u0131<\/strong> ile <strong>Sa\u011fl\u0131k Bakanl\u0131\u011f\u0131<\/strong>, bize paha bi\u00e7ilemez bir destek veriyor ve onlar\u0131n deste\u011fiyle projedeki <strong>T\u00fcrk \u00e7al\u0131\u015fanlar\u0131n a\u015f\u0131lamas\u0131<\/strong> da s\u00fcratle devam ediyor.\u201d<\/em><\/p>\n<p><strong>Akkuyu NGS in\u015faat sahas\u0131<\/strong>nda, pandeminin ba\u015f\u0131ndan bu yana gerekli<strong> t\u00fcm \u00f6nlemlere uyularak<\/strong> art\u0131r\u0131lm\u0131\u015f <strong>doktor kontrol\u00fc uygulamas\u0131<\/strong> s\u00fcrd\u00fcr\u00fcl\u00fcyor. <strong>Salg\u0131nla m\u00fccadele<\/strong> kapsam\u0131nda ayr\u0131ca, personel de d\u00fczenli olarak <strong>COVID-19 testleri<\/strong>ne tabi tutuluyor. T\u00fcm \u00e7al\u0131\u015fanlara <strong>ki\u015fisel koruyucu<\/strong> donan\u0131mlar\u0131n verildi\u011fi ve her g\u00fcn <strong>ate\u015flerinin \u00f6l\u00e7\u00fcld\u00fc\u011f\u00fc<\/strong> sahada, ortak <strong>kullan\u0131m alanlar\u0131<\/strong> ve <strong>\u00fcretim tesisleri<\/strong> de <strong>dezenfektan dispenserleriyle<\/strong> donat\u0131lm\u0131\u015f durumda. Sahada ayr\u0131ca <strong>yurtlar\u0131n<\/strong> ve<strong> ofis alanlar\u0131n\u0131n<\/strong> dezenfeksiyonu da d\u00fczenli olarak yap\u0131l\u0131yor ve <strong>toplu etkinliklerin yap\u0131lmas\u0131na<\/strong> y\u00f6nelik k\u0131s\u0131tlamalar uygulan\u0131yor.<\/p>","protected":false},"excerpt":{"rendered":"<p>Sorry, this entry is only available in Turkish. For the sake of viewer convenience, the content is shown below in the alternative language. You may click the link to switch the active language.Akkuyu NGS in\u015faat sahas\u0131nda g\u00f6rev yapan t\u00fcm \u00e7al\u0131\u015fanlar\u0131n COVID-19\u2019a kar\u015f\u0131 toplu olarak a\u015f\u0131lanmas\u0131na ili\u015fkin s\u00fcre\u00e7 ba\u015flat\u0131ld\u0131. A\u015f\u0131lama, in\u015faat\u0131n devam etti\u011fi NGS\u2019nin sahas\u0131nda bulunan, [&hellip;]<\/p>\n","protected":false},"author":1,"featured_media":136915,"comment_status":"open","ping_status":"open","sticky":false,"template":"","format":"standard","meta":[],"categories":[51,53,43],"tags":[42302,54486,92096,20867,64576,92090,92094,69494,92093,52259,92092,92091,53348,92095,92089],"views":350,"_links":{"self":[{"href":"https:\/\/www.enerjigazetesi.ist\/en\/wp-json\/wp\/v2\/posts\/136912"}],"collection":[{"href":"https:\/\/www.enerjigazetesi.ist\/en\/wp-json\/wp\/v2\/posts"}],"about":[{"href":"https:\/\/www.enerjigazetesi.ist\/en\/wp-json\/wp\/v2\/types\/post"}],"author":[{"embeddable":true,"href":"https:\/\/www.enerjigazetesi.ist\/en\/wp-json\/wp\/v2\/users\/1"}],"replies":[{"embeddable":true,"href":"https:\/\/www.enerjigazetesi.ist\/en\/wp-json\/wp\/v2\/comments?post=136912"}],"version-history":[{"count":0,"href":"https:\/\/www.enerjigazetesi.ist\/en\/wp-json\/wp\/v2\/posts\/136912\/revisions"}],"wp:featuredmedia":[{"embeddable":true,"href":"https:\/\/www.enerjigazetesi.ist\/en\/wp-json\/wp\/v2\/media\/136915"}],"wp:attachment":[{"href":"https:\/\/www.enerjigazetesi.ist\/en\/wp-json\/wp\/v2\/media?parent=136912"}],"wp:term":[{"taxonomy":"category","embeddable":true,"href":"https:\/\/www.enerjigazetesi.ist\/en\/wp-json\/wp\/v2\/categories?post=136912"},{"taxonomy":"post_tag","embeddable":true,"href":"https:\/\/www.enerjigazetesi.ist\/en\/wp-json\/wp\/v2\/tags?post=136912"}],"curies":[{"name":"wp","href":"https:\/\/api.w.org\/{rel}","templated":true}]}}