{"id":136865,"date":"2021-06-16T18:13:41","date_gmt":"2021-06-16T15:13:41","guid":{"rendered":"https:\/\/www.enerjigazetesi.ist\/?p=136865"},"modified":"2021-06-16T18:13:41","modified_gmt":"2021-06-16T15:13:41","slug":"nato-zirvesi-isiginda-biden-erdogan-gorusmesi-temali-webinar-yapildi","status":"publish","type":"post","link":"https:\/\/www.enerjigazetesi.ist\/en\/nato-zirvesi-isiginda-biden-erdogan-gorusmesi-temali-webinar-yapildi\/","title":{"rendered":"(Turkish) &#8221;NATO Zirvesi I\u015f\u0131\u011f\u0131nda Biden-Erdo\u011fan G\u00f6r\u00fc\u015fmesi&#8221; Temal\u0131 Webinar Yap\u0131ld\u0131"},"content":{"rendered":"<p class=\"qtranxs-available-languages-message qtranxs-available-languages-message-en\">Sorry, this entry is only available in <a href=\"https:\/\/www.enerjigazetesi.ist\/tr\/wp-json\/wp\/v2\/posts\/136865\" class=\"qtranxs-available-language-link qtranxs-available-language-link-tr\" title=\"Turkish\">Turkish<\/a>. For the sake of viewer convenience, the content is shown below in the alternative language. You may click the link to switch the active language.<\/p><p><strong>Sabanc\u0131 \u00dcniversitesi \u0130stanbul Politikalar Merkezi\u2019nin (\u0130PM) ba\u015flatt\u0131\u011f\u0131 \u201cSalg\u0131n ve Toplum\u201d webinar serisi kapsam\u0131nda d\u00fczenlenen \u201cNATO Zirvesi I\u015f\u0131\u011f\u0131nda Biden-Erdo\u011fan G\u00f6r\u00fc\u015fmesi\u201d temal\u0131 toplant\u0131da, 14 Haziran\u2019da yap\u0131lan g\u00f6r\u00fc\u015fme t\u00fcm boyutlar\u0131yla ele al\u0131nd\u0131. Webinarda, her iki liderin ilk kez y\u00fczy\u00fcze geldi\u011fi g\u00f6r\u00fc\u015fme, T\u00fcrkiye\u2019nin ABD ve Bat\u0131 ile ili\u015fkileri ad\u0131na sembolik ama \u00f6nemli bir ad\u0131m olarak de\u011ferlendirildi.<\/strong><\/p>\n<p>Sabanc\u0131 \u00dcniversitesi \u0130stanbul Politikalar Merkezi\u2019nin (\u0130PM) ba\u015flatt\u0131\u011f\u0131 \u201cSalg\u0131n ve Toplum\u201d webinar serisi <strong>\u201cNATO Zirvesi I\u015f\u0131\u011f\u0131nda Biden-Erdo\u011fan G\u00f6r\u00fc\u015fmesi\u201d<\/strong> ba\u015fl\u0131kl\u0131 konu ile devam etti. Webinar, Sabanc\u0131 \u00dcniversitesi Rekt\u00f6r Yard\u0131mc\u0131s\u0131 ve \u0130PM Direkt\u00f6r\u00fc Fuat Keyman, \u0130PM K\u0131demli Uzman\u0131 Evren Balta ve Emekli B\u00fcy\u00fckel\u00e7i Fatih Ceylan\u2019\u0131n kat\u0131l\u0131m\u0131yla ger\u00e7ekle\u015fti.<\/p>\n<p><img loading=\"lazy\" class=\"alignright wp-image-136867\" src=\"https:\/\/www.enerjigazetesi.ist\/wp-content\/uploads\/2021\/06\/nato-zirvesi-isiginda-biden-erdogan-gorusmesi-temali-webinar-yapildi.jpg\" alt=\"\" width=\"320\" height=\"180\" srcset=\"https:\/\/www.enerjigazetesi.ist\/wp-content\/uploads\/2021\/06\/nato-zirvesi-isiginda-biden-erdogan-gorusmesi-temali-webinar-yapildi.jpg 550w, https:\/\/www.enerjigazetesi.ist\/wp-content\/uploads\/2021\/06\/nato-zirvesi-isiginda-biden-erdogan-gorusmesi-temali-webinar-yapildi-300x169.jpg 300w, https:\/\/www.enerjigazetesi.ist\/wp-content\/uploads\/2021\/06\/nato-zirvesi-isiginda-biden-erdogan-gorusmesi-temali-webinar-yapildi-500x281.jpg 500w, https:\/\/www.enerjigazetesi.ist\/wp-content\/uploads\/2021\/06\/nato-zirvesi-isiginda-biden-erdogan-gorusmesi-temali-webinar-yapildi-80x45.jpg 80w\" sizes=\"(max-width: 320px) 100vw, 320px\" \/>Cumhurba\u015fkan\u0131 <strong>Recep Tayyip Erdo\u011fan<\/strong>\u2019\u0131n ABD Ba\u015fkan\u0131 <strong>Joe Biden<\/strong> ile 14 Haziran\u2019da yapt\u0131\u011f\u0131 ikili g\u00f6r\u00fc\u015fmenin ele al\u0131nd\u0131\u011f\u0131 webinarda konu\u015fan <strong>Sabanc\u0131 \u00dcniversitesi Rekt\u00f6r Yard\u0131mc\u0131s\u0131 ve \u0130PM Direkt\u00f6r\u00fc Fuat Keyman,<\/strong><span style=\"text-decoration: underline;\"> \u015fu de\u011ferlendirmeyi yapt\u0131:<\/span><\/p>\n<p><em>&#8220;\u0130ki lider ilk defa y\u00fczy\u00fcze g\u00f6r\u00fc\u015ft\u00fcler. Bu Biden\u2019\u0131n ilk ulusararas\u0131 gezisiydi. Nato zirvesiyle birle\u015fen bir g\u00f6r\u00fc\u015fme oldu. Toplant\u0131da, Nato\u2019nun k\u00fcresel de\u011fi\u015fim i\u00e7inde kendisini yeniden pozisyonlamas\u0131 ve \u00f6nceliklerini belirledi\u011fi \u00f6nemli bir belge olan 2030 Nato Stratejik Belgesi de g\u00fcndeme geldi. Ayr\u0131ca Putin-Biden g\u00f6r\u00fc\u015fmesi de \u00f6nemliydi. Rusya, Trump d\u00f6neminden beri ABD\u2019nin tehdit olarak g\u00f6rd\u00fc\u011f\u00fc bir \u00fclke.&#8221;<\/em><\/p>\n<p>Biden\u2019\u0131n ilk uluslararas\u0131 ziyaretini Avrupa\u2019ya yapmas\u0131n\u0131n kendisini Obama ve Trump\u2019tan ay\u0131rd\u0131\u011f\u0131na i\u015faret eden Fuat Keyman, <em>\u201cABD Ba\u015fkanlar\u0131n\u0131n ilk uluslararas\u0131 ziyaretleri \u00f6nemlidir. Bu onlar\u0131n hem d\u00fcnyaya bak\u0131\u015f\u0131n\u0131 hem d\u0131\u015f politika vizyonunu g\u00f6sterir. Obama\u2019n\u0131n tercihleri Ortado\u011fu \u00fczerineydi ve ilk uluslararas\u0131 ziyareti Riyad\u2019a olmu\u015ftu. Biden\u2019\u0131n ilk olarak Avrupa\u2019ya gitmesi bat\u0131ya kay\u0131\u015f anlam\u0131nda \u00f6nemli. \u00c7in ve Rusya\u2019ya kar\u015f\u0131 Bat\u0131 ittifak\u0131n\u0131n ve uluslararas\u0131 kurumlar\u0131n g\u00fc\u00e7lenmesine y\u00f6nelik ad\u0131mlar atacak bir ABD Ba\u015fkan\u0131 g\u00f6rece\u011fiz. Biden, Translantik ili\u015fkilerin g\u00fc\u00e7lenmesi, Amerika\u2019n\u0131n bat\u0131 yoluyla g\u00fc\u00e7lenmesi ve bat\u0131n\u0131n g\u00fc\u00e7lenmesi i\u00e7in \u00e7al\u0131\u015facak. Demokrasi, g\u00fcvenlik, ekonomi ve iklimi bir arada alan bir yap\u0131da bunu yapaca\u011f\u0131n\u0131 s\u00f6yledi. Biden k\u00fcresel liderli\u011fini peki\u015ftirmek istiyor\u201d<\/em> dedi.<\/p>\n<p><strong>Emekli B\u00fcy\u00fckel\u00e7i<\/strong>\u00a0<strong>Fatih Ceylan,<\/strong> Nato Zirvesi\u2019nde her iki liderin ilk defa y\u00fczy\u00fcze g\u00f6r\u00fc\u015fme imkan\u0131 buldu\u011funu ve g\u00f6r\u00fc\u015fmenin olumlu ge\u00e7ti\u011fini belirterek, <span style=\"text-decoration: underline;\">\u015f\u00f6yle konu\u015ftu:<\/span><\/p>\n<p><em>\u201cObama d\u00f6neminden baslayan ve giderek a\u011f\u0131rla\u015fan derinle\u015fen, yeni boyutlar i\u00e7eren bir sorunlar yuma\u011f\u0131 ile kars\u0131 kar\u015f\u0131ya kald\u0131k. Biden ile farkl\u0131 bir tablo artaya \u00e7\u0131kt\u0131 ama bu sorunlar ortadan kalkmad\u0131. Yeni y\u0131lla birlikte T\u00fcrkiye\u2019nin bat\u0131yla ili\u015fkilerinde normalle\u015fmeye d\u00f6n\u00fck s\u00f6ylem ve att\u0131\u011f\u0131 baz\u0131 ad\u0131mlar\u0131 izledik. Nato zirvelerinde uluslararas\u0131 gerilimler \u00f6n plana \u00e7\u0131kar\u0131lmaz. \u0130kili g\u00f6r\u00fcsmeler ertesinde \u00e7ok b\u00fcy\u00fck sorunlar olsa da liderler olumlu bir g\u00f6r\u00fcnt\u00fc vermeyi tercih eder. Her iki lider de olumlu ve verimli g\u00f6r\u00fcsmeler oldu\u011funu s\u00f6ylediler, ancak g\u00f6r\u00fcs ayr\u0131l\u0131klar\u0131n\u0131n giderilemedi\u011fini anl\u0131yoruz. T\u00fcrkiye ile ABD aras\u0131nda savunma ili\u015fkileri aras\u0131nda en b\u00fcy\u00fck sorun S400 meselesidir. Bu a\u015f\u0131lmad\u0131k\u00e7a bu nefes alan\u0131n\u0131n daha ilerleyece\u011fini varsaymak m\u00fcmk\u00fcn de\u011fildir.\u201d<\/em><\/p>\n<p><strong>\u0130PM K\u0131demli Uzman\u0131 Evren Balta<\/strong>\u00a0ise <strong>T\u00fcrkiye<\/strong> ve <strong>ABD<\/strong> aras\u0131ndaki bu g\u00f6r\u00fc\u015fmenin sembolik a\u00e7\u0131dan \u00f6nemli oldu\u011funu d\u00fc\u015f\u00fcnd\u00fc\u011f\u00fcn\u00fc ifade ederek, <em>\u201cSon<strong> 2.5 ayd\u0131r<\/strong> beklenen ve i\u00e7eri\u011finin ne oldu\u011fu s\u0131kl\u0131kla konu\u015fulanve sembolik a\u00e7\u0131dan \u00f6nemli bir g\u00f6r\u00fc\u015fmeydi.\u00a0T\u00fcrkiye\u2019deki y\u00fckselen Amerikan kar\u015f\u0131tl\u0131\u011f\u0131n\u0131n, Bat\u0131 blo\u011fundan uzakla\u015fma arzusunun y\u00fckseldi\u011fi <strong>son 5 y\u0131ldan geri d\u00f6n\u00fc\u015f<\/strong>\u00fc sembolize etti\u011fini d\u00fc\u015f\u00fcn\u00fcyorum\u201d<\/em> dedi.<\/p>\n<p style=\"text-align: center;\"><iframe loading=\"lazy\" title=\"YouTube video player\" src=\"https:\/\/www.youtube.com\/embed\/3xLVwx9yb7A\" width=\"560\" height=\"315\" frameborder=\"0\" allowfullscreen=\"allowfullscreen\"><\/iframe><\/p>\n<p><\/p>","protected":false},"excerpt":{"rendered":"<p>Sorry, this entry is only available in Turkish. For the sake of viewer convenience, the content is shown below in the alternative language. You may click the link to switch the active language.Sabanc\u0131 \u00dcniversitesi \u0130stanbul Politikalar Merkezi\u2019nin (\u0130PM) ba\u015flatt\u0131\u011f\u0131 \u201cSalg\u0131n ve Toplum\u201d webinar serisi kapsam\u0131nda d\u00fczenlenen \u201cNATO Zirvesi I\u015f\u0131\u011f\u0131nda Biden-Erdo\u011fan G\u00f6r\u00fc\u015fmesi\u201d temal\u0131 toplant\u0131da, 14 Haziran\u2019da [&hellip;]<\/p>\n","protected":false},"author":1,"featured_media":136867,"comment_status":"open","ping_status":"open","sticky":false,"template":"","format":"standard","meta":[],"categories":[53],"tags":[52259,91757],"views":57,"_links":{"self":[{"href":"https:\/\/www.enerjigazetesi.ist\/en\/wp-json\/wp\/v2\/posts\/136865"}],"collection":[{"href":"https:\/\/www.enerjigazetesi.ist\/en\/wp-json\/wp\/v2\/posts"}],"about":[{"href":"https:\/\/www.enerjigazetesi.ist\/en\/wp-json\/wp\/v2\/types\/post"}],"author":[{"embeddable":true,"href":"https:\/\/www.enerjigazetesi.ist\/en\/wp-json\/wp\/v2\/users\/1"}],"replies":[{"embeddable":true,"href":"https:\/\/www.enerjigazetesi.ist\/en\/wp-json\/wp\/v2\/comments?post=136865"}],"version-history":[{"count":0,"href":"https:\/\/www.enerjigazetesi.ist\/en\/wp-json\/wp\/v2\/posts\/136865\/revisions"}],"wp:featuredmedia":[{"embeddable":true,"href":"https:\/\/www.enerjigazetesi.ist\/en\/wp-json\/wp\/v2\/media\/136867"}],"wp:attachment":[{"href":"https:\/\/www.enerjigazetesi.ist\/en\/wp-json\/wp\/v2\/media?parent=136865"}],"wp:term":[{"taxonomy":"category","embeddable":true,"href":"https:\/\/www.enerjigazetesi.ist\/en\/wp-json\/wp\/v2\/categories?post=136865"},{"taxonomy":"post_tag","embeddable":true,"href":"https:\/\/www.enerjigazetesi.ist\/en\/wp-json\/wp\/v2\/tags?post=136865"}],"curies":[{"name":"wp","href":"https:\/\/api.w.org\/{rel}","templated":true}]}}