{"id":136845,"date":"2021-06-16T16:54:07","date_gmt":"2021-06-16T13:54:07","guid":{"rendered":"https:\/\/www.enerjigazetesi.ist\/?p=136845"},"modified":"2021-06-16T16:54:19","modified_gmt":"2021-06-16T13:54:19","slug":"i-rec-alan-kanyon-karbon-emisyonunu-sifirlayacak","status":"publish","type":"post","link":"https:\/\/www.enerjigazetesi.ist\/en\/i-rec-alan-kanyon-karbon-emisyonunu-sifirlayacak\/","title":{"rendered":"(Turkish) I-REC Alan &#8216;Kanyon&#8217; Karbon Emisyonunu S\u0131f\u0131rlayacak"},"content":{"rendered":"<p class=\"qtranxs-available-languages-message qtranxs-available-languages-message-en\">Sorry, this entry is only available in <a href=\"https:\/\/www.enerjigazetesi.ist\/tr\/wp-json\/wp\/v2\/posts\/136845\" class=\"qtranxs-available-language-link qtranxs-available-language-link-tr\" title=\"Turkish\">Turkish<\/a>. For the sake of viewer convenience, the content is shown below in the alternative language. You may click the link to switch the active language.<\/p><p><strong>\u0130stanbul Avrupa Yakas\u0131\u2019n\u0131n g\u00f6zde bulu\u015fma noktalar\u0131ndan biri olan Kanyon, s\u0131f\u0131r karbon emisyonu hedefi ile CK Enerji i\u015f birli\u011fi ile Uluslararas\u0131 Yenilenebilir Enerji Sertifikas\u0131 (I-REC) ald\u0131. Bu sertifika ile 2021 y\u0131l\u0131nda 20 milyon kilovatsaatlik elektrik t\u00fcketiminin tamam\u0131n\u0131 \u201cg\u00fcne\u015f\u201d enerjisinden kar\u015f\u0131layaca\u011f\u0131n\u0131 taahh\u00fct etmi\u015f oldu.<\/strong><\/p>\n<p><img loading=\"lazy\" class=\"alignright wp-image-136847\" src=\"https:\/\/www.enerjigazetesi.ist\/wp-content\/uploads\/2021\/06\/i-rec-alan-kanyon-karbon-emisyonunu-sifirlayacak.jpg\" alt=\"\" width=\"320\" height=\"202\" srcset=\"https:\/\/www.enerjigazetesi.ist\/wp-content\/uploads\/2021\/06\/i-rec-alan-kanyon-karbon-emisyonunu-sifirlayacak.jpg 550w, https:\/\/www.enerjigazetesi.ist\/wp-content\/uploads\/2021\/06\/i-rec-alan-kanyon-karbon-emisyonunu-sifirlayacak-300x189.jpg 300w, https:\/\/www.enerjigazetesi.ist\/wp-content\/uploads\/2021\/06\/i-rec-alan-kanyon-karbon-emisyonunu-sifirlayacak-500x315.jpg 500w, https:\/\/www.enerjigazetesi.ist\/wp-content\/uploads\/2021\/06\/i-rec-alan-kanyon-karbon-emisyonunu-sifirlayacak-80x50.jpg 80w\" sizes=\"(max-width: 320px) 100vw, 320px\" \/>S\u00fcrd\u00fcr\u00fclebilir bir d\u00fcnya i\u00e7in \u00e7evresel etkilerini y\u00f6netmek ve karbon emisyonunu s\u0131f\u0131rlamak isteyen Kanyon, CK Enerji i\u015f birli\u011fi ile <strong>Uluslararas\u0131 Yenilenebilir Enerji Sertifikas\u0131 (I-REC)<\/strong> sahibi oldu. Y\u0131ll\u0131k <strong>20 milyon kilovatsaat<\/strong> elektrik t\u00fcketimi olan Kanyon, bu sertifika ile enerjisinin tamam\u0131n\u0131 yenilenebilir kaynaklardan kar\u015f\u0131layaca\u011f\u0131n\u0131 taahh\u00fct etti. \u00a0Kanyon, bu taahh\u00fctle birlikte <strong>2021 y\u0131l\u0131nda<\/strong> elektrik t\u00fcketimi kaynakl\u0131 <strong>karbon emisyonunu s\u0131f\u0131rlam\u0131\u015f<\/strong> olacak.<\/p>\n<h2><strong>ELEKTR\u0130K \u0130HT\u0130YACININ TAMAMI G\u00dcNE\u015e ENERJ\u0130S\u0130NDEN KAR\u015eILANACAK<\/strong><\/h2>\n<p>Elektri\u011fin yenilenebilir enerji kaynaklar\u0131ndan \u00fcretildi\u011fini belgeleyen uluslararas\u0131 sertifikasyon sistemi<strong> I-REC\u2019i m\u00fc\u015fterileri<\/strong> i\u00e7in temin ettiklerini kaydeden CK Enerji Grup Koordinat\u00f6r\u00fc <strong>Utku Guru\u015f\u00e7u<\/strong>, \u201cToplumun hemen her kesiminde<strong> s\u00fcrd\u00fcr\u00fclebilirli\u011fe<\/strong> verilen \u00f6nem art\u0131yor. T\u00fcrkiye\u2019de enerji sekt\u00f6r\u00fcn\u00fcn \u00f6nc\u00fc kurulu\u015fu olarak, bu s\u00fcre\u00e7te de m\u00fc\u015fterilerimizin yan\u0131nda yer al\u0131yor, <strong>\u00e7evresel s\u00fcrd\u00fcr\u00fclebilirlik politikalar\u0131na destek<\/strong> veriyoruz. \u00dcretilen her birim elektri\u011fin, kayna\u011f\u0131ndan ba\u015flayarak takip edilmesini ve <strong>nihai t\u00fcketiciye<\/strong> kadar izlenebilmesini sa\u011flayan <strong>Uluslararas\u0131 Yenilenebilir Enerji Sertifikas\u0131n\u0131 (I-REC)<\/strong> CK Enerji olarak m\u00fc\u015fterilerimiz i\u00e7in temin ederken <strong>ye\u015fil enerjinin<\/strong> her ge\u00e7en g\u00fcn \u00f6ne \u00e7\u0131kmas\u0131n\u0131 sa\u011fl\u0131yoruz. Bu kapsamda i\u015fbirli\u011fi yapt\u0131\u011f\u0131m\u0131z Kanyon, <strong>2021 y\u0131l\u0131nda<\/strong> t\u00fcketti\u011fi elektri\u011fin tamam\u0131n\u0131 <strong>yenilenebilir enerji kaynaklar\u0131ndan, g\u00fcne\u015ften<\/strong> kar\u015f\u0131layacak\u201d diye konu\u015ftu.<\/p>\n<p>Sertifika ile ilgili de\u011ferlendirmede bulunan Kanyon Genel M\u00fcd\u00fcr\u00fc <strong>Tuncer K\u0131n\u0131kl\u0131<\/strong> ise konuyla ilgili \u201c\u00c7evresel sorumluluk bilinciyle daha \u00e7evreci ve daha<strong> ye\u015fil bir \u015firkete d\u00f6n\u00fc\u015fme arzumuz<\/strong> asl\u0131nda Kanyon daha tasar\u0131m a\u015famas\u0131ndayken ba\u015flad\u0131. Bug\u00fcn Kanyon\u2019un<strong> 15. y\u0131l\u0131<\/strong> ve ilk g\u00fcnden itibaren<strong> \u00e7evresel tehditlerin<\/strong> fark\u0131ndayd\u0131k. Ge\u00e7ti\u011fimiz bu s\u00fcre i\u00e7erisinde belirli bir program \u00e7er\u00e7evesinde \u00e7e\u015fitli uygulamalar geli\u015ftirerek, \u00e7al\u0131\u015fmalar\u0131m\u0131z\u0131 <strong>enerji, su, \u00e7evre, \u015firket i\u00e7i \u00e7al\u0131\u015fma gruplar\u0131<\/strong> ve <strong>sertifikasyon ba\u015fl\u0131klar\u0131<\/strong> alt\u0131nda yo\u011funla\u015ft\u0131rd\u0131k. Bu konuda \u00fcst\u00fcm\u00fcze d\u00fc\u015fen her ne varsa \u00f6nc\u00fc olmaya \u00f6zen g\u00f6sterdik. \u00d6zellikle 2016 y\u0131l\u0131ndan itibaren <strong>s\u00fcrd\u00fcr\u00fclebilirlik konusunu<\/strong> \u00e7ok daha merkezimize \u00a0alarak bu konuda \u00f6nemli ad\u0131mlar att\u0131k. Atmaya da devam ediyoruz. Hatta s\u00fcrd\u00fcr\u00fclebilirlik konusunda en \u00f6nemli ad\u0131m\u0131n bunu \u015firket k\u00fclt\u00fcr\u00fcne yaymak oldu\u011funa inand\u0131\u011f\u0131m\u0131z i\u00e7in kendi b\u00fcnyemizde <strong>ye\u015fil yakal\u0131 \u00e7al\u0131\u015fanlar istihdam etmeye<\/strong> ba\u015flad\u0131k. Bug\u00fcn hala buradan \u00e7\u0131kan bir\u00e7ok proje ve \u00f6neri de\u011ferlendirilerek hayata ge\u00e7irilmeye devam ediyor. CK Enerji ile ba\u015flatt\u0131\u011f\u0131m\u0131z bu projede ise 2021 y\u0131l\u0131ndaki elektrik t\u00fcketiminin tamam\u0131n\u0131 <strong>g\u00fcne\u015f enerjisinden kar\u015f\u0131layaca\u011f\u0131m\u0131z\u0131<\/strong> taahh\u00fct ediyoruz. Bu sayede y\u0131l i\u00e7indeki t\u00fcm <strong>karbon emisyonumuzu s\u0131f\u0131rlam\u0131\u015f<\/strong> olmay\u0131 hedefliyoruz.\u201d dedi.<\/p>\n<h2><strong>YILLIK T\u00dcKET\u0130M\u0130 1.200 KWH VE \u00dcZER\u0130 OLAN SERBEST T\u00dcKET\u0130C\u0130LER ALAB\u0130L\u0130YOR<\/strong><\/h2>\n<p><strong>RECs International<\/strong> taraf\u0131ndan geli\u015ftirilen<strong> I-REC (Yenilenebilir Enerjisi Sertifikas\u0131)<\/strong>, elektri\u011fin yenilenebilir enerji kaynaklar\u0131ndan \u00fcretildi\u011fini belgeleyen <strong>uluslararas\u0131 sertifikasyon sistemi<\/strong>ni ifade ediyor.<strong> G\u00fcne\u015f, r\u00fczg\u00e2r, hidroelektrik, jeotermal<\/strong> ve <strong>biok\u00fctle<\/strong> gibi yenilenebilir enerji tesislerinde \u00fcretilen her<strong> 1 MWh<\/strong> elektrik kar\u015f\u0131l\u0131\u011f\u0131nda bir sertifika olu\u015fturuluyor.<\/p>\n<p><strong>I-REC<\/strong> sahibi olmak i\u00e7in belirli gereklilikleri yerine getiren \u00fcretim tesisleri, I-REC taraf\u0131ndan olu\u015fturulan veri taban\u0131na kaydolarak \u00fcretimlerine kar\u015f\u0131l\u0131k gelen <strong>yenilenebilir enerji sertifikalar\u0131n\u0131<\/strong> elde ederken <strong>elektrik \u00fcretim<\/strong> veya <strong>sat\u0131\u015f \u015firketleri<\/strong> de bu sertifikalar\u0131 elektrikten ayr\u0131 olarak satma hakk\u0131na sahip olabiliyorlar. Y\u0131ll\u0131k t\u00fcketimi <strong>1.200 kWh<\/strong> ve \u00fczerinde olan serbest t\u00fcketicileri <strong>I-REC sertifikas\u0131<\/strong> i\u00e7in ba\u015fvuru yapabiliyor.<\/p>","protected":false},"excerpt":{"rendered":"<p>Sorry, this entry is only available in Turkish. For the sake of viewer convenience, the content is shown below in the alternative language. You may click the link to switch the active language.\u0130stanbul Avrupa Yakas\u0131\u2019n\u0131n g\u00f6zde bulu\u015fma noktalar\u0131ndan biri olan Kanyon, s\u0131f\u0131r karbon emisyonu hedefi ile CK Enerji i\u015f birli\u011fi ile Uluslararas\u0131 Yenilenebilir Enerji Sertifikas\u0131 [&hellip;]<\/p>\n","protected":false},"author":1,"featured_media":136847,"comment_status":"open","ping_status":"open","sticky":false,"template":"","format":"standard","meta":[],"categories":[51,53,52,49],"tags":[82339,53114,3804,52259,53157,92033,89089,71394,46674,88429],"views":191,"_links":{"self":[{"href":"https:\/\/www.enerjigazetesi.ist\/en\/wp-json\/wp\/v2\/posts\/136845"}],"collection":[{"href":"https:\/\/www.enerjigazetesi.ist\/en\/wp-json\/wp\/v2\/posts"}],"about":[{"href":"https:\/\/www.enerjigazetesi.ist\/en\/wp-json\/wp\/v2\/types\/post"}],"author":[{"embeddable":true,"href":"https:\/\/www.enerjigazetesi.ist\/en\/wp-json\/wp\/v2\/users\/1"}],"replies":[{"embeddable":true,"href":"https:\/\/www.enerjigazetesi.ist\/en\/wp-json\/wp\/v2\/comments?post=136845"}],"version-history":[{"count":0,"href":"https:\/\/www.enerjigazetesi.ist\/en\/wp-json\/wp\/v2\/posts\/136845\/revisions"}],"wp:featuredmedia":[{"embeddable":true,"href":"https:\/\/www.enerjigazetesi.ist\/en\/wp-json\/wp\/v2\/media\/136847"}],"wp:attachment":[{"href":"https:\/\/www.enerjigazetesi.ist\/en\/wp-json\/wp\/v2\/media?parent=136845"}],"wp:term":[{"taxonomy":"category","embeddable":true,"href":"https:\/\/www.enerjigazetesi.ist\/en\/wp-json\/wp\/v2\/categories?post=136845"},{"taxonomy":"post_tag","embeddable":true,"href":"https:\/\/www.enerjigazetesi.ist\/en\/wp-json\/wp\/v2\/tags?post=136845"}],"curies":[{"name":"wp","href":"https:\/\/api.w.org\/{rel}","templated":true}]}}