{"id":136818,"date":"2021-06-15T16:47:59","date_gmt":"2021-06-15T13:47:59","guid":{"rendered":"https:\/\/www.enerjigazetesi.ist\/?p=136818"},"modified":"2021-06-15T16:48:09","modified_gmt":"2021-06-15T13:48:09","slug":"petderin-yeni-genel-sekreteri-koksal-onur-inci-oldu","status":"publish","type":"post","link":"https:\/\/www.enerjigazetesi.ist\/en\/petderin-yeni-genel-sekreteri-koksal-onur-inci-oldu\/","title":{"rendered":"(Turkish) PETDER\u2019in Yeni Genel Sekreteri &#8216;K\u00f6ksal Onur \u0130nci&#8217; Oldu"},"content":{"rendered":"<p class=\"qtranxs-available-languages-message qtranxs-available-languages-message-en\">Sorry, this entry is only available in <a href=\"https:\/\/www.enerjigazetesi.ist\/tr\/wp-json\/wp\/v2\/posts\/136818\" class=\"qtranxs-available-language-link qtranxs-available-language-link-tr\" title=\"Turkish\">Turkish<\/a>. For the sake of viewer convenience, the content is shown below in the alternative language. You may click the link to switch the active language.<\/p><p><strong>PETDER b\u00fcnyesinde son sekiz y\u0131ld\u0131r \u201cGenel Sekreterlik\u201d g\u00f6revini y\u00fcr\u00fcten Niyazi \u0130lter emekliye ayr\u0131larak, g\u00f6revini 15 Haziran 2021 itibariyle K\u00f6ksal Onur \u0130nci\u2019ye devretti.<\/strong><\/p>\n<div id=\"attachment_136820\" style=\"width: 220px\" class=\"wp-caption alignright\"><img aria-describedby=\"caption-attachment-136820\" loading=\"lazy\" class=\"wp-image-136820\" src=\"https:\/\/www.enerjigazetesi.ist\/wp-content\/uploads\/2021\/06\/yuksel-yilmaz.jpg\" alt=\"\" width=\"210\" height=\"266\" srcset=\"https:\/\/www.enerjigazetesi.ist\/wp-content\/uploads\/2021\/06\/yuksel-yilmaz.jpg 550w, https:\/\/www.enerjigazetesi.ist\/wp-content\/uploads\/2021\/06\/yuksel-yilmaz-237x300.jpg 237w, https:\/\/www.enerjigazetesi.ist\/wp-content\/uploads\/2021\/06\/yuksel-yilmaz-316x400.jpg 316w, https:\/\/www.enerjigazetesi.ist\/wp-content\/uploads\/2021\/06\/yuksel-yilmaz-39x50.jpg 39w, https:\/\/www.enerjigazetesi.ist\/wp-content\/uploads\/2021\/06\/yuksel-yilmaz-500x634.jpg 500w\" sizes=\"(max-width: 210px) 100vw, 210px\" \/><p id=\"caption-attachment-136820\" class=\"wp-caption-text\">Niyazi \u0130LTER<\/p><\/div>\n<p>1996 y\u0131l\u0131nda, petrol \u00fcr\u00fcnlerinin (akaryak\u0131t, ya\u011flama ya\u011flar\u0131, LPG) \u00fcretimden t\u00fcketime kadar olan faaliyetler zinciri \u00fczerinde \u00e7al\u0131\u015fmalar yapmak amac\u0131 ile \u00fclkenin \u00f6nde gelen akaryak\u0131t da\u011f\u0131t\u0131m \u015firketleri taraf\u0131ndan kurulan <strong>PETDER (Petrol Sanayi Derne\u011fi)<\/strong> Genel Sekreterli\u011fine, <strong>Niyazi \u0130lter<\/strong>\u2019in emekliye ayr\u0131lmas\u0131yla <strong>K\u00f6ksal Onur \u0130nci<\/strong> atand\u0131.<\/p>\n<p>PETDER Y\u00f6netim Kurulu Ba\u015fkan\u0131 <strong>Y\u00fcksel Y\u0131lmaz<\/strong>, g\u00f6rev teslimi hakk\u0131nda <span style=\"text-decoration: underline;\">\u015fu ifadeleri kulland\u0131:<\/span> \u201cPETDER, <strong>15<\/strong> \u00fcyesi ve<strong> % 85<\/strong>\u2019ten fazla pazar pay\u0131 temsil g\u00fcc\u00fcyle, \u00fclkenin her k\u00f6\u015fesindeki yakla\u015f\u0131k<strong> 25 milyon araca<\/strong> daha iyi<strong> akaryak\u0131t<\/strong>, hizmet ve \u00fcr\u00fcn sa\u011flamak ve yakla\u015f\u0131k <strong>85 milyon T\u00fcrk vatanda\u015f\u0131n\u0131n<\/strong> ekonomik ve sosyal refah\u0131n\u0131 daha da y\u00fckseltmek i\u00e7in payda\u015flar\u0131yla birlikte \u00e7al\u0131\u015fmalar\u0131na <strong>25 y\u0131ld\u0131r<\/strong> yo\u011fun bir \u015fekilde devam etmektedir.<\/p>\n<p>Say\u0131n <strong>Niyazi \u0130lter<\/strong>\u2019in <strong>8 y\u0131ll\u0131k<\/strong> PETDER Genel Sekreterli\u011fi s\u00fcresince,\u00a0sekt\u00f6r\u00fcm\u00fcz hem bir\u00e7ok zorlukla kar\u015f\u0131la\u015ft\u0131, hem de bir\u00e7ok ba\u015far\u0131ya imza att\u0131. Y\u00f6netim Kurulumuz ad\u0131na, Say\u0131n \u0130lter\u2019e bu s\u00fcre\u00e7te verdi\u011fi t\u00fcm emekler i\u00e7in te\u015fekk\u00fcr ediyorum.<\/p>\n<div id=\"attachment_136821\" style=\"width: 220px\" class=\"wp-caption alignleft\"><img aria-describedby=\"caption-attachment-136821\" loading=\"lazy\" class=\"wp-image-136821\" src=\"https:\/\/www.enerjigazetesi.ist\/wp-content\/uploads\/2021\/06\/koksal-onur-inci.jpg\" alt=\"\" width=\"210\" height=\"275\" srcset=\"https:\/\/www.enerjigazetesi.ist\/wp-content\/uploads\/2021\/06\/koksal-onur-inci.jpg 550w, https:\/\/www.enerjigazetesi.ist\/wp-content\/uploads\/2021\/06\/koksal-onur-inci-229x300.jpg 229w, https:\/\/www.enerjigazetesi.ist\/wp-content\/uploads\/2021\/06\/koksal-onur-inci-305x400.jpg 305w, https:\/\/www.enerjigazetesi.ist\/wp-content\/uploads\/2021\/06\/koksal-onur-inci-38x50.jpg 38w, https:\/\/www.enerjigazetesi.ist\/wp-content\/uploads\/2021\/06\/koksal-onur-inci-500x655.jpg 500w\" sizes=\"(max-width: 210px) 100vw, 210px\" \/><p id=\"caption-attachment-136821\" class=\"wp-caption-text\">K\u00f6ksal Onur \u0130NC\u0130<\/p><\/div>\n<p>\u00d6n\u00fcm\u00fczdeki d\u00f6nemde, <strong>PETDER Genel Sekreterli\u011fi<\/strong>ni Say\u0131n <strong>K\u00f6ksal Onur \u0130nci<\/strong> \u00fcstlenecektir. Y\u00f6netim Kurulumuz, Say\u0131n \u0130nci\u2019nin getirece\u011fi yeni ve g\u00fc\u00e7l\u00fc enerji, komitelerimiz, deneyimli ve yetkin Dernek \u00e7al\u0131\u015fanlar\u0131m\u0131zla birlikte, PETDER olarak g\u00fc\u00e7l\u00fc, g\u00fcvenilir, etkin, sayg\u0131n ve \u00f6nc\u00fc bir dernek olarak sekt\u00f6r\u00fcm\u00fcz\u00fcn geli\u015fmesi ad\u0131na faaliyetlerimizi geli\u015ftirerek s\u00fcrd\u00fcrmeye devam edece\u011fiz. Say\u0131n \u0130nci\u2019yi \u00fcstlendi\u011fi bu \u00f6nemli g\u00f6rev i\u00e7in tebrik ediyor, kendisine ba\u015far\u0131lar diliyorum\u201d.<\/p>\n<p><strong>K\u00f6ksal Onur \u0130nci Hakk\u0131nda<\/strong><\/p>\n<p>Orta Do\u011fu Teknik \u00dcniversitesi End\u00fcstri M\u00fchendisli\u011fi b\u00f6l\u00fcm\u00fc mezunu olup, Hacettepe \u00dcniversitesi\u2019nde Say\u0131sal Finansman \u00fczerine y\u00fcksek lisans yapm\u0131\u015ft\u0131r. Enerji Piyasas\u0131 D\u00fczenleme Kurumu (EPDK) b\u00fcnyesinde Enerji Uzman\u0131 ve Kurul \u00fcyesi dan\u0131\u015fman\u0131 olarak toplamda 12,5 y\u0131l s\u00fcresince g\u00f6rev yapm\u0131\u015f ve bunun ard\u0131ndan yakla\u015f\u0131k 2 y\u0131l boyunca Akkuyu N\u00fckleer A.\u015e. b\u00fcnyesinde Kamu Kurumlar\u0131 ile \u0130li\u015fkiler Direkt\u00f6r\u00fc g\u00f6revini y\u00fcr\u00fctm\u00fc\u015ft\u00fcr. \u0130yi d\u00fczeyde \u0130ngilizce bilmekte olup, evli ve 1 \u00e7ocuk babas\u0131d\u0131r.<\/p>","protected":false},"excerpt":{"rendered":"<p>Sorry, this entry is only available in Turkish. For the sake of viewer convenience, the content is shown below in the alternative language. You may click the link to switch the active language.PETDER b\u00fcnyesinde son sekiz y\u0131ld\u0131r \u201cGenel Sekreterlik\u201d g\u00f6revini y\u00fcr\u00fcten Niyazi \u0130lter emekliye ayr\u0131larak, g\u00f6revini 15 Haziran 2021 itibariyle K\u00f6ksal Onur \u0130nci\u2019ye devretti. 1996 [&hellip;]<\/p>\n","protected":false},"author":1,"featured_media":136823,"comment_status":"open","ping_status":"open","sticky":false,"template":"","format":"standard","meta":[],"categories":[53,44],"tags":[52407,92005,32926,92003,33512,92002,92004,92006,53153],"views":312,"_links":{"self":[{"href":"https:\/\/www.enerjigazetesi.ist\/en\/wp-json\/wp\/v2\/posts\/136818"}],"collection":[{"href":"https:\/\/www.enerjigazetesi.ist\/en\/wp-json\/wp\/v2\/posts"}],"about":[{"href":"https:\/\/www.enerjigazetesi.ist\/en\/wp-json\/wp\/v2\/types\/post"}],"author":[{"embeddable":true,"href":"https:\/\/www.enerjigazetesi.ist\/en\/wp-json\/wp\/v2\/users\/1"}],"replies":[{"embeddable":true,"href":"https:\/\/www.enerjigazetesi.ist\/en\/wp-json\/wp\/v2\/comments?post=136818"}],"version-history":[{"count":0,"href":"https:\/\/www.enerjigazetesi.ist\/en\/wp-json\/wp\/v2\/posts\/136818\/revisions"}],"wp:featuredmedia":[{"embeddable":true,"href":"https:\/\/www.enerjigazetesi.ist\/en\/wp-json\/wp\/v2\/media\/136823"}],"wp:attachment":[{"href":"https:\/\/www.enerjigazetesi.ist\/en\/wp-json\/wp\/v2\/media?parent=136818"}],"wp:term":[{"taxonomy":"category","embeddable":true,"href":"https:\/\/www.enerjigazetesi.ist\/en\/wp-json\/wp\/v2\/categories?post=136818"},{"taxonomy":"post_tag","embeddable":true,"href":"https:\/\/www.enerjigazetesi.ist\/en\/wp-json\/wp\/v2\/tags?post=136818"}],"curies":[{"name":"wp","href":"https:\/\/api.w.org\/{rel}","templated":true}]}}